{"id":201390,"date":"2026-08-29T20:18:00","date_gmt":"2026-08-29T16:18:00","guid":{"rendered":"https:\/\/hakimiyyet.info.az\/?p=201390"},"modified":"2026-08-29T20:18:01","modified_gmt":"2026-08-29T16:18:01","slug":"sabah-q%c9%99zeti-baki-il%c9%99-dask%c9%99ndin-ittifaqi-avrasiyanin-turk-dunyasina-yon%c9%99lmis-arxitekturasi-ucun-%c9%99h%c9%99miyy%c9%99tlidir","status":"publish","type":"post","link":"https:\/\/hakimiyyet.info.az\/?p=201390","title":{"rendered":"SABAH q\u0259zeti: Bak\u0131 il\u0259 Da\u015fk\u0259ndin ittifaq\u0131 Avrasiyan\u0131n T\u00fcrk d\u00fcnyas\u0131na y\u00f6n\u0259lmi\u015f arxitekturas\u0131 \u00fc\u00e7\u00fcn \u0259h\u0259miyy\u0259tlidir"},"content":{"rendered":"\n<p class=\"has-medium-font-size\"><strong><em>Son ill\u0259r Az\u0259rbaycan-\u00d6zb\u0259kistan m\u00fcnasib\u0259tl\u0259ri klassik diplomatik yax\u0131nl\u0131q \u00e7\u0259r\u00e7iv\u0259sind\u0259n \u00e7\u0131xaraq Avrasiyan\u0131n geosiyasi m\u0259kan\u0131nda m\u00fch\u00fcm strateji t\u0259r\u0259fda\u015fl\u0131qlardan birinin t\u0259m\u0259lini formala\u015fd\u0131r\u0131b.<\/em><\/strong><\/p>\n\n\n\n<p><a href=\"https:\/\/hakimiyyet.info.az\/\" title=\"Hakimiyyet.info.az\">Hakimiyyet.info.az<\/a>\u00a0x\u0259b\u0259r verir ki, bu fikri T\u00fcrkiy\u0259nin \u201cUluda\u011f\u201d Universitetinin \u0130qtisadiyyat v\u0259 idar\u0259etm\u0259 fak\u00fclt\u0259sinin professoru Mehmet Y\u00fcce \u201cSABAH\u201d q\u0259zetind\u0259 d\u0259rc olunan m\u0259qal\u0259sind\u0259 ifad\u0259 edib.<\/p>\n\n\n\n<p>Bak\u0131 il\u0259 Da\u015fk\u0259nd aras\u0131nda dialoqa h\u0259sr olunmu\u015f m\u0259qal\u0259d\u0259 qeyd olunur ki, iki \u00f6lk\u0259 aras\u0131ndak\u0131 \u0259laq\u0259l\u0259r tarixi, m\u0259d\u0259ni v\u0259 dil bax\u0131m\u0131ndan m\u00f6hk\u0259m t\u0259m\u0259l\u0259 s\u00f6yk\u0259nir. \u201cPrezident \u015eavkat Mirziyoyevin r\u0259hb\u0259rliyi il\u0259 \u00d6zb\u0259kistan\u0131n beyn\u0259lxalq \u0259laq\u0259l\u0259rinin inki\u015faf kursu v\u0259 Prezident \u0130lham \u018fliyevin Az\u0259rbaycan\u0131n T\u00fcrk d\u00fcnyas\u0131 il\u0259 \u0259m\u0259kda\u015fl\u0131\u011f\u0131n\u0131n d\u0259rinl\u0259\u015fdirilm\u0259sin\u0259 y\u00f6n\u0259lmi\u015f siyas\u0259ti k\u0259si\u015f\u0259r\u0259k iki \u00f6lk\u0259 aras\u0131ndak\u0131 m\u00fcnasib\u0259tl\u0259r\u0259 yeni \u00f6l\u00e7\u00fc qazand\u0131r\u0131b\u201d, &#8211; dey\u0259 m\u0259qal\u0259nin m\u00fc\u0259llifi qeyd edir. O vur\u011fulay\u0131r ki, Az\u0259rbaycan-\u00d6zb\u0259kistan m\u00fcnasib\u0259tl\u0259ri ikit\u0259r\u0259fli \u0259laq\u0259l\u0259r \u00e7\u0259r\u00e7iv\u0259sind\u0259n xeyli k\u0259nara \u00e7\u0131xaraq, X\u0259z\u0259r h\u00f6vz\u0259si il\u0259 M\u0259rk\u0259zi Asiyan\u0131 birl\u0259\u015fdir\u0259n v\u0259 T\u00fcrk D\u00f6vl\u0259tl\u0259ri T\u0259\u015fkilat\u0131nda iqtisadi, n\u0259qliyyat v\u0259 geostrateji inteqrasiyan\u0131 s\u00fcr\u0259tl\u0259ndir\u0259n \u00e7ox\u015fax\u0259li strateji t\u0259r\u0259fda\u015fl\u0131\u011fa \u00e7evrilib.<\/p>\n\n\n\n<p>M.Y\u00fcce xat\u0131rlad\u0131b ki, Bak\u0131 v\u0259 Da\u015fk\u0259nd m\u00fcnasib\u0259tl\u0259rinin transformasiyas\u0131n\u0131n m\u00fch\u00fcm g\u00f6st\u0259ricil\u0259rind\u0259n biri 2024-c\u00fc ild\u0259 m\u00fctt\u0259fiqlik m\u00fcnasib\u0259tl\u0259rinin qurulmas\u0131 v\u0259 2025-2029-cu ill\u0259r \u00fc\u00e7\u00fcn T\u0259r\u0259fda\u015fl\u0131q Yol X\u0259rit\u0259sinin konkretl\u0259\u015fdirilm\u0259si olub.<\/p>\n\n\n\n<p>M\u0259qal\u0259d\u0259 Az\u0259rbaycan-\u00d6zb\u0259kistan m\u00fcnasib\u0259tl\u0259rinin iqtisadi seqmentinin f\u0259al \u015f\u0259kild\u0259 artmas\u0131na diqq\u0259t \u00e7\u0259kilir: \u201cBak\u0131 v\u0259 Da\u015fk\u0259nd m\u00fcnasib\u0259tl\u0259rinin haz\u0131rk\u0131 m\u0259rh\u0259l\u0259sini iqtisadi v\u0259 geosiyasi inteqrasiyaya y\u00f6n\u0259lmi\u015f kurs kimi s\u0259ciyy\u0259l\u0259ndirm\u0259k olar. Bank i\u015fi, t\u0259hsil, enerji infrastrukturu, turizm, da\u011f-m\u0259d\u0259n s\u0259nayesi v\u0259 k\u0259nd t\u0259s\u0259rr\u00fcfat\u0131 kimi sah\u0259l\u0259rd\u0259 yeni layih\u0259l\u0259rin t\u0259\u015f\u0259bb\u00fcs edilm\u0259si iki qarda\u015f \u00f6lk\u0259nin yax\u0131nla\u015fmas\u0131n\u0131n iqtisadi aspektinin d\u0259 m\u00f6hk\u0259ml\u0259ndiyini g\u00f6st\u0259rir\u201d.<\/p>\n\n\n\n<p>T\u00fcrk ekspert Bak\u0131 v\u0259 Da\u015fk\u0259ndin Orta D\u0259hlizin inki\u015faf\u0131na verdiyi t\u00f6hf\u0259y\u0259 ayr\u0131ca diqq\u0259t yetirib.<\/p>\n\n\n\n<p>\u201cAz\u0259rbaycan-\u00d6zb\u0259kistan m\u00fcnasib\u0259tl\u0259rinin strateji d\u0259y\u0259rini art\u0131ran \u0259n m\u00fch\u00fcm amil n\u0259qliyyat v\u0259 tranzit \u0259laq\u0259l\u0259ridir. T\u0259xmin\u0259n 38 milyon \u0259halisi olan \u00d6zb\u0259kistan regionun \u0259n b\u00f6y\u00fck demoqrafik v\u0259 iqtisadi m\u0259rk\u0259zidir. Eyni zamanda, Az\u0259rbaycan M\u0259rk\u0259zi Asiya il\u0259 Avropa aras\u0131nda t\u0259bii k\u00f6rp\u00fcd\u00fcr. Bak\u0131 v\u0259 Da\u015fk\u0259nd yaln\u0131z \u00f6z iqtisadi \u0259laq\u0259l\u0259rini inki\u015faf etdirm\u0259y\u0259 deyil, h\u0259m d\u0259 yeni Avrasiya geoiqtisadi oxunun formala\u015fd\u0131r\u0131lmas\u0131 kontekstind\u0259 birg\u0259 add\u0131mlar atma\u011fa \u00e7al\u0131\u015f\u0131rlar\u201d, &#8211; dey\u0259 T\u00fcrkiy\u0259 universitetinin m\u00fc\u0259llimi bildirib.<\/p>\n\n\n\n<p>Ekspert Z\u0259ng\u0259zur d\u0259hlizinin a\u00e7\u0131lmas\u0131n\u0131n Az\u0259rbaycan-\u00d6zb\u0259kistan m\u00fcnasib\u0259tl\u0259rinin geosiyasi \u0259h\u0259miyy\u0259tini art\u0131raca\u011f\u0131 fikrini ifad\u0259 edib: \u201cZ\u0259ng\u0259zur d\u0259hlizi Az\u0259rbaycan prizmas\u0131ndan t\u0259kc\u0259 Orta D\u0259hlizin inki\u015faf\u0131na t\u00f6hf\u0259 deyil, h\u0259m d\u0259 \u015eimal-C\u0259nub sistemind\u0259 strateji mar\u015frut olacaq. \u00d6zb\u0259kistan \u00fc\u00e7\u00fcn Z\u0259ng\u0259zur d\u0259hlizi n\u0259qliyyat x\u0259rcl\u0259rini azaldan v\u0259 Avropa bazarlar\u0131na t\u0259dar\u00fck mar\u015frutlar\u0131n\u0131n \u015fax\u0259l\u0259ndirilm\u0259sin\u0259 t\u00f6hf\u0259 ver\u0259n birl\u0259\u015fdirici halqaya \u00e7evril\u0259c\u0259k\u201d.<\/p>\n\n\n\n<p>Sonda ekspert Bak\u0131 v\u0259 Da\u015fk\u0259ndin yax\u0131nla\u015fmas\u0131n\u0131n T\u00fcrkiy\u0259nin v\u0259 T\u00fcrk d\u00fcnyas\u0131n\u0131n maraqlar\u0131 bax\u0131m\u0131ndan \u0259h\u0259miyy\u0259tini t\u0259hlil edib.<\/p>\n\n\n\n<p>\u201cAnkaran\u0131n n\u00f6qteyi-n\u0259z\u0259rind\u0259n Az\u0259rbaycan v\u0259 \u00d6zb\u0259kistan\u0131n yax\u0131nla\u015fmas\u0131 T\u00fcrkiy\u0259nin \u00d6zb\u0259kistanla birba\u015fa m\u00fcnasib\u0259tl\u0259rini tamamlayan \u201c\u00fc\u00e7bucaql\u0131\u201d geoiqtisadi format formala\u015fd\u0131r\u0131r. Bel\u0259likl\u0259, Bak\u0131 v\u0259 Da\u015fk\u0259nd m\u00fcnasib\u0259tl\u0259ri yaln\u0131z iki \u00f6lk\u0259 \u00fc\u00e7\u00fcn deyil, h\u0259m d\u0259 Avrasiyan\u0131n T\u00fcrk d\u00fcnyas\u0131na y\u00f6n\u0259lmi\u015f yeni geoiqtisadi arxitekturas\u0131 \u00fc\u00e7\u00fcn \u0259h\u0259miyy\u0259t k\u0259sb edir\u201d, &#8211; dey\u0259 o fikrini yekunla\u015fd\u0131r\u0131b.<\/p>\n","protected":false},"excerpt":{"rendered":"<p>Son ill\u0259r Az\u0259rbaycan-\u00d6zb\u0259kistan m\u00fcnasib\u0259tl\u0259ri klassik diplomatik yax\u0131nl\u0131q \u00e7\u0259r\u00e7iv\u0259sind\u0259n \u00e7\u0131xaraq Avrasiyan\u0131n geosiyasi m\u0259kan\u0131nda m\u00fch\u00fcm strateji t\u0259r\u0259fda\u015fl\u0131qlardan birinin t\u0259m\u0259lini formala\u015fd\u0131r\u0131b. Hakimiyyet.info.az\u00a0x\u0259b\u0259r verir&hellip;<\/p>\n","protected":false},"author":2,"featured_media":201391,"comment_status":"closed","ping_status":"closed","sticky":false,"template":"","format":"standard","meta":{"om_disable_all_campaigns":false,"_monsterinsights_skip_tracking":false,"_uf_show_specific_survey":0,"_uf_disable_surveys":false,"footnotes":""},"categories":[23,47,2,5],"tags":[],"aioseo_notices":[],"_links":{"self":[{"href":"https:\/\/hakimiyyet.info.az\/index.php?rest_route=\/wp\/v2\/posts\/201390"}],"collection":[{"href":"https:\/\/hakimiyyet.info.az\/index.php?rest_route=\/wp\/v2\/posts"}],"about":[{"href":"https:\/\/hakimiyyet.info.az\/index.php?rest_route=\/wp\/v2\/types\/post"}],"author":[{"embeddable":true,"href":"https:\/\/hakimiyyet.info.az\/index.php?rest_route=\/wp\/v2\/users\/2"}],"replies":[{"embeddable":true,"href":"https:\/\/hakimiyyet.info.az\/index.php?rest_route=%2Fwp%2Fv2%2Fcomments&post=201390"}],"version-history":[{"count":1,"href":"https:\/\/hakimiyyet.info.az\/index.php?rest_route=\/wp\/v2\/posts\/201390\/revisions"}],"predecessor-version":[{"id":201392,"href":"https:\/\/hakimiyyet.info.az\/index.php?rest_route=\/wp\/v2\/posts\/201390\/revisions\/201392"}],"wp:featuredmedia":[{"embeddable":true,"href":"https:\/\/hakimiyyet.info.az\/index.php?rest_route=\/wp\/v2\/media\/201391"}],"wp:attachment":[{"href":"https:\/\/hakimiyyet.info.az\/index.php?rest_route=%2Fwp%2Fv2%2Fmedia&parent=201390"}],"wp:term":[{"taxonomy":"category","embeddable":true,"href":"https:\/\/hakimiyyet.info.az\/index.php?rest_route=%2Fwp%2Fv2%2Fcategories&post=201390"},{"taxonomy":"post_tag","embeddable":true,"href":"https:\/\/hakimiyyet.info.az\/index.php?rest_route=%2Fwp%2Fv2%2Ftags&post=201390"}],"curies":[{"name":"wp","href":"https:\/\/api.w.org\/{rel}","templated":true}]}}