{"id":201503,"date":"2026-08-30T13:04:52","date_gmt":"2026-08-30T09:04:52","guid":{"rendered":"https:\/\/hakimiyyet.info.az\/?p=201503"},"modified":"2026-08-30T13:04:54","modified_gmt":"2026-08-30T09:04:54","slug":"media-netanyahunun-oglu-sui-q%c9%99sd-t%c9%99hluk%c9%99si-il%c9%99-%c9%99laq%c9%99dar-abs-d%c9%99n-t%c9%99xliy%c9%99-edilib","status":"publish","type":"post","link":"https:\/\/hakimiyyet.info.az\/?p=201503","title":{"rendered":"Media: Netanyahunun o\u011flu sui-q\u0259sd t\u0259hl\u00fck\u0259si il\u0259 \u0259laq\u0259dar AB\u015e-d\u0259n t\u0259xliy\u0259 edilib"},"content":{"rendered":"\n<p class=\"has-medium-font-size\"><strong><em>\u0130srailin \u015ein Bet (\u015eabak) t\u0259hl\u00fck\u0259sizlik xidm\u0259ti bu \u00f6lk\u0259nin Ba\u015f naziri Binyamin Netanyahunun o\u011flu Yair Netanyahunu sui-q\u0259sd t\u0259hl\u00fck\u0259si il\u0259 \u0259laq\u0259dar Amerika Birl\u0259\u015fmi\u015f \u015etatlar\u0131ndan (AB\u015e) t\u0259cili t\u0259xliy\u0259 edib.<\/em><\/strong><\/p>\n\n\n\n<p><a href=\"https:\/\/hakimiyyet.info.az\/\" title=\"Hakimiyyet.info.az\">Hakimiyyet.info.az<\/a>\u00a0x\u0259b\u0259r verir ki, bu bar\u0259d\u0259 &#8220;The Jerusalem Post&#8221; q\u0259zeti m\u0259lumat yay\u0131b.<\/p>\n\n\n\n<p>Bildirilib ki, Yair Netanyahuya ciddi z\u0259r\u0259rvurma riski olub. Bu hal n\u0259z\u0259r\u0259 al\u0131naraq, v\u0259ziyy\u0259t qiym\u0259tl\u0259ndirildikd\u0259n sonra onun t\u0259cili olaraq t\u0259hl\u00fck\u0259sizlik xidm\u0259ti il\u0259 birlikd\u0259 \u0130srail\u0259 geri g\u00f6nd\u0259rilm\u0259si q\u0259rara al\u0131n\u0131b.<\/p>\n\n\n\n<p>Vur\u011fulan\u0131b ki, Yair Florida \u015ftat\u0131n\u0131 m\u00fchafiz\u0259\u00e7il\u0259rl\u0259 birlikd\u0259 t\u0259rk edib. \u201cO, \u0259\u015fyalar\u0131n\u0131 bel\u0259, g\u00f6t\u00fcrm\u0259yib. Yair haz\u0131rda \u0130sraild\u0259dir\u201d, &#8211; dey\u0259 m\u0259lumatda diqq\u0259t\u0259 \u00e7atd\u0131r\u0131l\u0131b.<\/p>\n","protected":false},"excerpt":{"rendered":"<p>\u0130srailin \u015ein Bet (\u015eabak) t\u0259hl\u00fck\u0259sizlik xidm\u0259ti bu \u00f6lk\u0259nin Ba\u015f naziri Binyamin Netanyahunun o\u011flu Yair Netanyahunu sui-q\u0259sd t\u0259hl\u00fck\u0259si il\u0259 \u0259laq\u0259dar Amerika&hellip;<\/p>\n","protected":false},"author":2,"featured_media":201504,"comment_status":"closed","ping_status":"closed","sticky":false,"template":"","format":"standard","meta":{"om_disable_all_campaigns":false,"_monsterinsights_skip_tracking":false,"_uf_show_specific_survey":0,"_uf_disable_surveys":false,"footnotes":""},"categories":[23,9,5],"tags":[],"aioseo_notices":[],"_links":{"self":[{"href":"https:\/\/hakimiyyet.info.az\/index.php?rest_route=\/wp\/v2\/posts\/201503"}],"collection":[{"href":"https:\/\/hakimiyyet.info.az\/index.php?rest_route=\/wp\/v2\/posts"}],"about":[{"href":"https:\/\/hakimiyyet.info.az\/index.php?rest_route=\/wp\/v2\/types\/post"}],"author":[{"embeddable":true,"href":"https:\/\/hakimiyyet.info.az\/index.php?rest_route=\/wp\/v2\/users\/2"}],"replies":[{"embeddable":true,"href":"https:\/\/hakimiyyet.info.az\/index.php?rest_route=%2Fwp%2Fv2%2Fcomments&post=201503"}],"version-history":[{"count":1,"href":"https:\/\/hakimiyyet.info.az\/index.php?rest_route=\/wp\/v2\/posts\/201503\/revisions"}],"predecessor-version":[{"id":201505,"href":"https:\/\/hakimiyyet.info.az\/index.php?rest_route=\/wp\/v2\/posts\/201503\/revisions\/201505"}],"wp:featuredmedia":[{"embeddable":true,"href":"https:\/\/hakimiyyet.info.az\/index.php?rest_route=\/wp\/v2\/media\/201504"}],"wp:attachment":[{"href":"https:\/\/hakimiyyet.info.az\/index.php?rest_route=%2Fwp%2Fv2%2Fmedia&parent=201503"}],"wp:term":[{"taxonomy":"category","embeddable":true,"href":"https:\/\/hakimiyyet.info.az\/index.php?rest_route=%2Fwp%2Fv2%2Fcategories&post=201503"},{"taxonomy":"post_tag","embeddable":true,"href":"https:\/\/hakimiyyet.info.az\/index.php?rest_route=%2Fwp%2Fv2%2Ftags&post=201503"}],"curies":[{"name":"wp","href":"https:\/\/api.w.org\/{rel}","templated":true}]}}