{"id":201508,"date":"2026-08-30T13:08:15","date_gmt":"2026-08-30T09:08:15","guid":{"rendered":"https:\/\/hakimiyyet.info.az\/?p=201508"},"modified":"2026-08-30T13:08:17","modified_gmt":"2026-08-30T09:08:17","slug":"finlandiya-prezidenti-avropa-olk%c9%99l%c9%99rini-rusiya-il%c9%99-dialoqu-b%c9%99rpa-etm%c9%99y%c9%99-cagirib","status":"publish","type":"post","link":"https:\/\/hakimiyyet.info.az\/?p=201508","title":{"rendered":"Finlandiya Prezidenti Avropa \u00f6lk\u0259l\u0259rini Rusiya il\u0259 dialoqu b\u0259rpa etm\u0259y\u0259 \u00e7a\u011f\u0131r\u0131b"},"content":{"rendered":"\n<p class=\"has-medium-font-size\"><strong><em>Finlandiya Prezidenti Aleksandr Stubb Avropa \u00f6lk\u0259l\u0259rinin Rusiya il\u0259 siyasi s\u0259viyy\u0259d\u0259 dan\u0131\u015f\u0131qlar\u0131 b\u0259rpa etm\u0259li oldu\u011funu bildirib.<\/em><\/strong><\/p>\n\n\n\n<p><a href=\"https:\/\/hakimiyyet.info.az\/\" title=\"Hakimiyyet.info.az\">Hakimiyyet.info.az<\/a>\u00a0x\u0259b\u0259r verir ki, o, bu bar\u0259d\u0259 \u201cBild\u201d q\u0259zetin\u0259 m\u00fcsahib\u0259sind\u0259 dan\u0131\u015f\u0131b.<\/p>\n\n\n\n<p>Aleksandr Stubb deyib ki, Avropa \u00f6lk\u0259l\u0259ri Rusiya il\u0259 \u0259laq\u0259 saxlama\u011fa \u00e7al\u0131\u015fmal\u0131d\u0131r. &#8220;Avropada kims\u0259 Rusiya il\u0259 dialoqu yenil\u0259m\u0259lidir. Biz bir-birimizl\u0259 siyasi s\u0259viyy\u0259d\u0259 dan\u0131\u015fmal\u0131y\u0131q&#8221;, &#8211; dey\u0259 o vur\u011fulay\u0131b.<\/p>\n\n\n\n<p>Finlandiya Prezidenti Amerika Birl\u0259\u015fmi\u015f \u015etatlar\u0131n\u0131n M\u0259rk\u0259zi K\u0259\u015ffiyyat \u0130dar\u0259sinin direktoru Con Ratkliffin Moskvaya s\u0259f\u0259rini d\u0259 alq\u0131\u015flay\u0131b. O, eyni zamanda, amerikal\u0131lar\u0131n v\u0259 ruslar\u0131n m\u00fcxt\u0259lif formatlarda \u0259laq\u0259 saxlamalar\u0131n\u0131 d\u00fczg\u00fcn hesab edib.<\/p>\n","protected":false},"excerpt":{"rendered":"<p>Finlandiya Prezidenti Aleksandr Stubb Avropa \u00f6lk\u0259l\u0259rinin Rusiya il\u0259 siyasi s\u0259viyy\u0259d\u0259 dan\u0131\u015f\u0131qlar\u0131 b\u0259rpa etm\u0259li oldu\u011funu bildirib. Hakimiyyet.info.az\u00a0x\u0259b\u0259r verir ki, o, bu&hellip;<\/p>\n","protected":false},"author":2,"featured_media":201509,"comment_status":"closed","ping_status":"closed","sticky":false,"template":"","format":"standard","meta":{"om_disable_all_campaigns":false,"_monsterinsights_skip_tracking":false,"_uf_show_specific_survey":0,"_uf_disable_surveys":false,"footnotes":""},"categories":[23,9,5],"tags":[],"aioseo_notices":[],"_links":{"self":[{"href":"https:\/\/hakimiyyet.info.az\/index.php?rest_route=\/wp\/v2\/posts\/201508"}],"collection":[{"href":"https:\/\/hakimiyyet.info.az\/index.php?rest_route=\/wp\/v2\/posts"}],"about":[{"href":"https:\/\/hakimiyyet.info.az\/index.php?rest_route=\/wp\/v2\/types\/post"}],"author":[{"embeddable":true,"href":"https:\/\/hakimiyyet.info.az\/index.php?rest_route=\/wp\/v2\/users\/2"}],"replies":[{"embeddable":true,"href":"https:\/\/hakimiyyet.info.az\/index.php?rest_route=%2Fwp%2Fv2%2Fcomments&post=201508"}],"version-history":[{"count":1,"href":"https:\/\/hakimiyyet.info.az\/index.php?rest_route=\/wp\/v2\/posts\/201508\/revisions"}],"predecessor-version":[{"id":201510,"href":"https:\/\/hakimiyyet.info.az\/index.php?rest_route=\/wp\/v2\/posts\/201508\/revisions\/201510"}],"wp:featuredmedia":[{"embeddable":true,"href":"https:\/\/hakimiyyet.info.az\/index.php?rest_route=\/wp\/v2\/media\/201509"}],"wp:attachment":[{"href":"https:\/\/hakimiyyet.info.az\/index.php?rest_route=%2Fwp%2Fv2%2Fmedia&parent=201508"}],"wp:term":[{"taxonomy":"category","embeddable":true,"href":"https:\/\/hakimiyyet.info.az\/index.php?rest_route=%2Fwp%2Fv2%2Fcategories&post=201508"},{"taxonomy":"post_tag","embeddable":true,"href":"https:\/\/hakimiyyet.info.az\/index.php?rest_route=%2Fwp%2Fv2%2Ftags&post=201508"}],"curies":[{"name":"wp","href":"https:\/\/api.w.org\/{rel}","templated":true}]}}