{"id":201515,"date":"2026-08-30T13:16:45","date_gmt":"2026-08-30T09:16:45","guid":{"rendered":"https:\/\/hakimiyyet.info.az\/?p=201515"},"modified":"2026-08-30T13:16:48","modified_gmt":"2026-08-30T09:16:48","slug":"iranin-ali-lideri-mus%c9%99lman-olk%c9%99l%c9%99ri-birliy%c9%99-cagirib","status":"publish","type":"post","link":"https:\/\/hakimiyyet.info.az\/?p=201515","title":{"rendered":"\u0130ran\u0131n Ali Lideri m\u00fcs\u0259lman \u00f6lk\u0259l\u0259ri birliy\u0259 \u00e7a\u011f\u0131r\u0131b"},"content":{"rendered":"\n<p class=\"has-medium-font-size\"><strong><em>\u0130ran m\u00fcs\u0259lman \u00f6lk\u0259l\u0259rinin r\u0259hb\u0259rl\u0259ri, x\u00fcsusil\u0259 Q\u0259rbi Asiya v\u0259 Fars k\u00f6rf\u0259zinin \u0259traf\u0131nda yerl\u0259\u015f\u0259n \u00f6lk\u0259l\u0259rin r\u0259hb\u0259rl\u0259rini birliy\u0259 \u00e7a\u011f\u0131r\u0131r.<\/em><\/strong><\/p>\n\n\n\n<p>Bunu \u0130ran\u0131n Ali Lideri Seyid M\u00fcct\u0259ba Xamenei bu g\u00fcn (30 avqust) \u0130randa Birlik H\u0259ft\u0259si m\u00fcnasib\u0259ti il\u0259 etdiyi m\u00fcraci\u0259td\u0259 qeyd edib.<\/p>\n\n\n\n<p>\u201cM\u00fcs\u0259lmanlar\u0131n probleml\u0259rinin \u00e7ar\u0259si birlik, dostluq v\u0259 yax\u015f\u0131l\u0131q istiqam\u0259tind\u0259 \u0259m\u0259kda\u015fl\u0131qd\u0131r\u201d, &#8211; dey\u0259 o qeyd edib.<\/p>\n\n\n\n<p>\u0130ran\u0131n Ali Lideri Q\u0259rbi Asiya v\u0259 Fars k\u00f6rf\u0259zi \u0259traf\u0131nda yerl\u0259\u015f\u0259n \u00f6lk\u0259l\u0259rin \u00f6z d\u00fc\u015fm\u0259nl\u0259rini tan\u0131ma\u011fa v\u0259 onlarla m\u00fcbariz\u0259 aparmalar\u0131n\u0131 ist\u0259yib.<\/p>\n\n\n\n<p>\u201cAB\u015e v\u0259 \u0130srail m\u00fcs\u0259lman \u00f6lk\u0259l\u0259ri aras\u0131nda dostluq v\u0259 birliyi ist\u0259mirl\u0259r. AB\u015e v\u0259 \u0130srail t\u0259kc\u0259 \u0130ran\u0131n deyil, Q\u0259rbi Asiya v\u0259 \u015eimali Afrikada xalqlara qar\u015f\u0131d\u0131r. H\u0259tta onlar\u0131n b\u0259zi m\u00fcs\u0259lman \u00f6lk\u0259l\u0259ri r\u0259hb\u0259rl\u0259rin\u0259 qar\u015f\u0131 h\u00f6rm\u0259tsizliy\u0259 \u0259saslanan terminl\u0259rd\u0259n istifad\u0259 etm\u0259l\u0259ri unudulmay\u0131b\u201d, -dey\u0259 o qeyd edib.<\/p>\n\n\n\n<p>Xamenei qeyd edib ki, elm, t\u0259hl\u00fck\u0259sizlik v\u0259 s\u0259rv\u0259t bax\u0131m\u0131ndan m\u00fcs\u0259lmanlar aras\u0131nda birlik, m\u00fcxt\u0259lif m\u0259s\u0259l\u0259l\u0259rd\u0259 \u0259m\u0259kda\u015fl\u0131q m\u00fcs\u0259lman \u00f6lk\u0259l\u0259rin inki\u015faf\u0131na \u015f\u0259rait yaradacaq.<\/p>\n\n\n\n<p>\u0130ran\u0131n Ali Lideri \u0130ran v\u0259t\u0259nda\u015flar\u0131ndan iranl\u0131lar aras\u0131nda da anla\u015f\u0131lmazl\u0131\u011fa s\u0259b\u0259b ola bil\u0259c\u0259k add\u0131m\u0131 atmamalar\u0131n\u0131 ist\u0259yib.<\/p>\n\n\n\n<p>Qeyd ed\u0259k ki, 28 fevralda AB\u015e v\u0259 \u0130srailin \u0130rana h\u0259rbi hava h\u00fccumlar\u0131 n\u0259tic\u0259sind\u0259 \u0130ran\u0131n sabiq Ali Lideri Ay\u0259tullah Seyid \u018fli Xamenei \u00f6l\u00fcb. R\u0259hb\u0259rlik Ekspertl\u0259r \u015euras\u0131n\u0131n se\u00e7imi il\u0259 \u018flil Xameneinin yerin\u0259 o\u011flu Seyid M\u00fcct\u0259ba Xamenei t\u0259yin olunub.<\/p>\n","protected":false},"excerpt":{"rendered":"<p>\u0130ran m\u00fcs\u0259lman \u00f6lk\u0259l\u0259rinin r\u0259hb\u0259rl\u0259ri, x\u00fcsusil\u0259 Q\u0259rbi Asiya v\u0259 Fars k\u00f6rf\u0259zinin \u0259traf\u0131nda yerl\u0259\u015f\u0259n \u00f6lk\u0259l\u0259rin r\u0259hb\u0259rl\u0259rini birliy\u0259 \u00e7a\u011f\u0131r\u0131r. Bunu \u0130ran\u0131n Ali Lideri&hellip;<\/p>\n","protected":false},"author":2,"featured_media":201516,"comment_status":"closed","ping_status":"closed","sticky":false,"template":"","format":"standard","meta":{"om_disable_all_campaigns":false,"_monsterinsights_skip_tracking":false,"_uf_show_specific_survey":0,"_uf_disable_surveys":false,"footnotes":""},"categories":[23,9,5],"tags":[],"aioseo_notices":[],"_links":{"self":[{"href":"https:\/\/hakimiyyet.info.az\/index.php?rest_route=\/wp\/v2\/posts\/201515"}],"collection":[{"href":"https:\/\/hakimiyyet.info.az\/index.php?rest_route=\/wp\/v2\/posts"}],"about":[{"href":"https:\/\/hakimiyyet.info.az\/index.php?rest_route=\/wp\/v2\/types\/post"}],"author":[{"embeddable":true,"href":"https:\/\/hakimiyyet.info.az\/index.php?rest_route=\/wp\/v2\/users\/2"}],"replies":[{"embeddable":true,"href":"https:\/\/hakimiyyet.info.az\/index.php?rest_route=%2Fwp%2Fv2%2Fcomments&post=201515"}],"version-history":[{"count":1,"href":"https:\/\/hakimiyyet.info.az\/index.php?rest_route=\/wp\/v2\/posts\/201515\/revisions"}],"predecessor-version":[{"id":201517,"href":"https:\/\/hakimiyyet.info.az\/index.php?rest_route=\/wp\/v2\/posts\/201515\/revisions\/201517"}],"wp:featuredmedia":[{"embeddable":true,"href":"https:\/\/hakimiyyet.info.az\/index.php?rest_route=\/wp\/v2\/media\/201516"}],"wp:attachment":[{"href":"https:\/\/hakimiyyet.info.az\/index.php?rest_route=%2Fwp%2Fv2%2Fmedia&parent=201515"}],"wp:term":[{"taxonomy":"category","embeddable":true,"href":"https:\/\/hakimiyyet.info.az\/index.php?rest_route=%2Fwp%2Fv2%2Fcategories&post=201515"},{"taxonomy":"post_tag","embeddable":true,"href":"https:\/\/hakimiyyet.info.az\/index.php?rest_route=%2Fwp%2Fv2%2Ftags&post=201515"}],"curies":[{"name":"wp","href":"https:\/\/api.w.org\/{rel}","templated":true}]}}