{"id":201589,"date":"2026-08-30T20:31:19","date_gmt":"2026-08-30T16:31:19","guid":{"rendered":"https:\/\/hakimiyyet.info.az\/?p=201589"},"modified":"2026-08-30T20:31:20","modified_gmt":"2026-08-30T16:31:20","slug":"turkiy%c9%99nin-igdir-s%c9%99h%c9%99rind%c9%99-xaribulbul-s%c9%99rgi-yarmarkalarinin-davam-etdirilm%c9%99si-t%c9%99klif-olunub","status":"publish","type":"post","link":"https:\/\/hakimiyyet.info.az\/?p=201589","title":{"rendered":"T\u00fcrkiy\u0259nin \u0130\u011fd\u0131r \u015f\u0259h\u0259rind\u0259 \u201cXar\u0131b\u00fclb\u00fcl\u201d s\u0259rgi-yarmarkalar\u0131n\u0131n davam etdirilm\u0259si t\u0259klif olunub"},"content":{"rendered":"\n<p class=\"has-medium-font-size\"><strong><em>Az\u0259rbaycanla s\u0259rh\u0259dd\u0259 yerl\u0259\u015f\u0259n T\u00fcrkiy\u0259nin \u0130\u011fd\u0131r vilay\u0259tinin sakinl\u0259ri v\u0259 qonaqlar\u0131 dekorativ-t\u0259tbiqi s\u0259n\u0259t v\u0259 m\u00fc\u0259llif \u0259l i\u015fl\u0259rind\u0259n ibar\u0259t \u201cXar\u0131b\u00fclb\u00fcl\u201d s\u0259rgi-yarmarkas\u0131na b\u00f6y\u00fck maraq g\u00f6st\u0259ribl\u0259r.<\/em><\/strong><\/p>\n\n\n\n<p>T\u0259dbirin t\u0259\u015fkilat\u00e7\u0131lar\u0131&nbsp;<a href=\"https:\/\/azertag.az\/\" target=\"_blank\" rel=\"noreferrer noopener\">AZ\u018fRTAC<\/a>-a bildiribl\u0259r ki, s\u0259rginin iki g\u00fcn\u00fc \u0259rzind\u0259 \u00fcz\u0259rind\u0259 Xar\u0131b\u00fclb\u00fcl \u00e7i\u00e7\u0259yi t\u0259svir olunan kuklalar\u0131n, bro\u015flar\u0131n, breloklar\u0131n, maqnitl\u0259rin, \u00e7antalar\u0131n, \u015f\u0259rfl\u0259rin v\u0259 zin\u0259t \u0259\u015fyalar\u0131n\u0131n 90 faizind\u0259n \u00e7oxu sat\u0131l\u0131b. \u0130\u011fd\u0131r valiliyinin d\u0259st\u0259yi il\u0259 ke\u00e7irilmi\u015f s\u0259rgini minl\u0259rl\u0259 insan, o c\u00fcml\u0259d\u0259n r\u0259smi \u015f\u0259xsl\u0259r, siyasi partiyalar\u0131n v\u0259 ictimai qurumlar\u0131n n\u00fcmay\u0259nd\u0259l\u0259ri ziyar\u0259t edibl\u0259r.<\/p>\n\n\n\n<p>Vilay\u0259tin sakinl\u0259ri v\u0259 qonaqlar\u0131 ail\u0259likc\u0259 \u201cXar\u0131b\u00fclb\u00fcl\u201d s\u0259rgi-yarmarkas\u0131n\u0131n xatir\u0259 stendi \u00f6n\u00fcnd\u0259 \u015f\u0259kil \u00e7\u0259kdirib, \u0130\u011fd\u0131r \u0130ctimai T\u0259hsil M\u0259rk\u0259zinin ustalar\u0131n\u0131n Qaraba\u011f simvolunun motivl\u0259rind\u0259n istifad\u0259 etm\u0259kl\u0259 haz\u0131rlad\u0131qlar\u0131 geni\u015f \u00e7e\u015fidd\u0259 i\u015fl\u0259rd\u0259n m\u0259mnunluqlar\u0131n\u0131 ifad\u0259 edibl\u0259r.<\/p>\n\n\n\n<p>\u201c\u0130\u011fd\u0131r Az\u0259rbaycan Evi\u201d d\u0259rn\u0259yinin r\u0259hb\u0259ri S\u0259rdar \u00dcnsal s\u0259rgini \u201cT\u00fcrkiy\u0259-Az\u0259rbaycan qarda\u015fl\u0131\u011f\u0131n\u0131n n\u00f6vb\u0259ti inand\u0131r\u0131c\u0131 s\u00fcbutu\u201d adland\u0131r\u0131b. O, layih\u0259y\u0259 g\u00f6st\u0259rdiyi d\u0259st\u0259y\u0259 g\u00f6r\u0259 vali Mustafa F\u0131rat Ta\u015folana v\u0259 onun h\u0259yat yolda\u015f\u0131 Didem Ta\u015folana, h\u0259m\u00e7inin vilay\u0259tin bir \u00e7ox qurumlar\u0131na t\u0259\u015f\u0259kk\u00fcr edib.<\/p>\n\n\n\n<p>\u201c\u0130\u011fd\u0131rda ke\u00e7iril\u0259n s\u0259rgi bir daha g\u00f6st\u0259rdi ki, \u201cXar\u0131b\u00fclb\u00fcl\u201d yaln\u0131z Az\u0259rbaycan\u0131n simvolu deyil, h\u0259m d\u0259 T\u00fcrk d\u00fcnyas\u0131n\u0131n ortaq d\u0259y\u0259ridir\u201d, &#8211; dey\u0259 o qeyd edib.<\/p>\n\n\n\n<p>S\u0259rginin ziyar\u0259t\u00e7il\u0259ri t\u0259\u015fkilat\u00e7\u0131lar\u0131 bu t\u0259\u015f\u0259bb\u00fcs\u00fcn u\u011furunu n\u0259z\u0259r\u0259 alma\u011fa v\u0259 onu \u0259n\u0259n\u0259vi s\u0259rgi-yarmarkaya \u00e7evirm\u0259y\u0259 \u00e7a\u011f\u0131r\u0131blar.<\/p>\n\n\n\n<figure class=\"wp-block-image size-large\"><img decoding=\"async\" loading=\"lazy\" width=\"1024\" height=\"571\" src=\"https:\/\/hakimiyyet.info.az\/wp-content\/uploads\/2026\/08\/s\u0259rgi-1-1024x571.jpg\" alt=\"\" class=\"wp-image-201591\" srcset=\"https:\/\/hakimiyyet.info.az\/wp-content\/uploads\/2026\/08\/s\u0259rgi-1-1024x571.jpg 1024w, https:\/\/hakimiyyet.info.az\/wp-content\/uploads\/2026\/08\/s\u0259rgi-1-300x167.jpg 300w, https:\/\/hakimiyyet.info.az\/wp-content\/uploads\/2026\/08\/s\u0259rgi-1-768x429.jpg 768w, https:\/\/hakimiyyet.info.az\/wp-content\/uploads\/2026\/08\/s\u0259rgi-1.jpg 1129w\" sizes=\"(max-width: 1024px) 100vw, 1024px\" \/><\/figure>\n","protected":false},"excerpt":{"rendered":"<p>Az\u0259rbaycanla s\u0259rh\u0259dd\u0259 yerl\u0259\u015f\u0259n T\u00fcrkiy\u0259nin \u0130\u011fd\u0131r vilay\u0259tinin sakinl\u0259ri v\u0259 qonaqlar\u0131 dekorativ-t\u0259tbiqi s\u0259n\u0259t v\u0259 m\u00fc\u0259llif \u0259l i\u015fl\u0259rind\u0259n ibar\u0259t \u201cXar\u0131b\u00fclb\u00fcl\u201d s\u0259rgi-yarmarkas\u0131na b\u00f6y\u00fck maraq&hellip;<\/p>\n","protected":false},"author":2,"featured_media":201590,"comment_status":"closed","ping_status":"closed","sticky":false,"template":"","format":"standard","meta":{"om_disable_all_campaigns":false,"_monsterinsights_skip_tracking":false,"_uf_show_specific_survey":0,"_uf_disable_surveys":false,"footnotes":""},"categories":[23,47,9,5],"tags":[],"aioseo_notices":[],"_links":{"self":[{"href":"https:\/\/hakimiyyet.info.az\/index.php?rest_route=\/wp\/v2\/posts\/201589"}],"collection":[{"href":"https:\/\/hakimiyyet.info.az\/index.php?rest_route=\/wp\/v2\/posts"}],"about":[{"href":"https:\/\/hakimiyyet.info.az\/index.php?rest_route=\/wp\/v2\/types\/post"}],"author":[{"embeddable":true,"href":"https:\/\/hakimiyyet.info.az\/index.php?rest_route=\/wp\/v2\/users\/2"}],"replies":[{"embeddable":true,"href":"https:\/\/hakimiyyet.info.az\/index.php?rest_route=%2Fwp%2Fv2%2Fcomments&post=201589"}],"version-history":[{"count":1,"href":"https:\/\/hakimiyyet.info.az\/index.php?rest_route=\/wp\/v2\/posts\/201589\/revisions"}],"predecessor-version":[{"id":201592,"href":"https:\/\/hakimiyyet.info.az\/index.php?rest_route=\/wp\/v2\/posts\/201589\/revisions\/201592"}],"wp:featuredmedia":[{"embeddable":true,"href":"https:\/\/hakimiyyet.info.az\/index.php?rest_route=\/wp\/v2\/media\/201590"}],"wp:attachment":[{"href":"https:\/\/hakimiyyet.info.az\/index.php?rest_route=%2Fwp%2Fv2%2Fmedia&parent=201589"}],"wp:term":[{"taxonomy":"category","embeddable":true,"href":"https:\/\/hakimiyyet.info.az\/index.php?rest_route=%2Fwp%2Fv2%2Fcategories&post=201589"},{"taxonomy":"post_tag","embeddable":true,"href":"https:\/\/hakimiyyet.info.az\/index.php?rest_route=%2Fwp%2Fv2%2Ftags&post=201589"}],"curies":[{"name":"wp","href":"https:\/\/api.w.org\/{rel}","templated":true}]}}