{"id":201619,"date":"2026-08-30T23:10:49","date_gmt":"2026-08-30T19:10:49","guid":{"rendered":"https:\/\/hakimiyyet.info.az\/?p=201619"},"modified":"2026-08-30T23:10:51","modified_gmt":"2026-08-30T19:10:51","slug":"tramp-nbc-nin-taninmis-jurnalistin%c9%99-tohm%c9%99t-verm%c9%99k-v%c9%99-ya-c%c9%99zalandirmaq-ist%c9%99yir","status":"publish","type":"post","link":"https:\/\/hakimiyyet.info.az\/?p=201619","title":{"rendered":"Tramp NBC-nin tan\u0131nm\u0131\u015f jurnalistin\u0259 t\u00f6hm\u0259t verm\u0259k v\u0259 ya c\u0259zaland\u0131rmaq ist\u0259yir"},"content":{"rendered":"\n<p class=\"has-medium-font-size\"><strong><em>AB\u015e prezidenti Donald Tramp aral\u0131q se\u00e7kil\u0259ri \u0259r\u0259f\u0259sind\u0259 onun d\u0259st\u0259kl\u0259diyi namiz\u0259dl\u0259rin mediada i\u015f\u0131qland\u0131r\u0131lmas\u0131ndan naraz\u0131 qalaraq NBC telekanal\u0131n\u0131n jurnalistl\u0259rind\u0259n biri bar\u0259d\u0259 AB\u015e-nin Federal Rabit\u0259 Komissiyas\u0131na (FCC) \u015fikay\u0259t etm\u0259k niyy\u0259tind\u0259 oldu\u011funu a\u00e7\u0131qlay\u0131b.<\/em><\/strong><\/p>\n\n\n\n<p>\u201cMeet the Press\u201d kimi vaxtil\u0259 n\u00fcfuzlu olan, indi is\u0259 \u201cMeet the Fake Press\u201d adland\u0131r\u0131lan proqram\u0131n populyar olmayan apar\u0131c\u0131s\u0131 Kristen Uelker indic\u0259 Donald Tramp\u0131n d\u0259st\u0259kl\u0259diyi namiz\u0259dl\u0259rl\u0259 ba\u011fl\u0131 \u201cqar\u0131\u015f\u0131q n\u0259tic\u0259l\u0259r\u201d \u0259ld\u0259 etdiyini bildirib&#8221;, \u2013 dey\u0259 AB\u015e prezidenti \u00f6z\u00fcn\u00fcn Truth Social hesab\u0131nda yaz\u0131b.<\/p>\n\n\n\n<p>&#8220;Bu q\u0259sd\u0259n yol verilmi\u015f qeyri-d\u0259qiqliy\u0259 g\u00f6r\u0259 o, t\u00f6hm\u0259t v\u0259 ya c\u0259za \u00fc\u00e7\u00fcn FCC-y\u0259 t\u0259qdim edil\u0259c\u0259k&#8221;, \u2013 dey\u0259 Tramp \u0259lav\u0259 edib.<\/p>\n\n\n\n<p>Respublika\u00e7\u0131 milyarder bir ne\u00e7\u0259 q\u0259zet\u0259 qar\u015f\u0131 m\u0259hk\u0259m\u0259 iddialar\u0131 qald\u0131r\u0131b, administrasiyas\u0131 is\u0259 Pentaqondan FTB-y\u0259 q\u0259d\u0259r jurnalistl\u0259r\u0259 qar\u015f\u0131 m\u0259hdudiyy\u0259tl\u0259ri v\u0259 t\u0259zyiq c\u0259hdl\u0259rini art\u0131r\u0131b. Lakin bu t\u0259\u015f\u0259bb\u00fcsl\u0259r media qruplar\u0131n\u0131n v\u0259 iri televiziya \u015f\u0259b\u0259k\u0259l\u0259rinin artan m\u00fcqavim\u0259ti il\u0259 \u00fczl\u0259\u015fir. Onlardan bir ne\u00e7\u0259si FCC-y\u0259 qar\u015f\u0131 m\u0259hk\u0259m\u0259 iddialar\u0131 qald\u0131raraq bu t\u0259zyiql\u0259rin ifad\u0259 azadl\u0131\u011f\u0131n\u0131 t\u0259min ed\u0259n AB\u015e Konstitusiyas\u0131n\u0131n Birinci D\u00fcz\u0259li\u015fin\u0259 zidd siyasi qisas oldu\u011funu bildiribl\u0259r.<\/p>\n\n\n\n<p>Donald Tramp il\u0259 Kristen Uelker aras\u0131nda m\u00fcnasib\u0259tl\u0259r daha \u0259vv\u0259l d\u0259 bir ne\u00e7\u0259 d\u0259f\u0259 a\u00e7\u0131q qar\u015f\u0131durma il\u0259 m\u00fc\u015fayi\u0259t olunub. \u0130yunun \u0259vv\u0259lind\u0259 AB\u015e prezidenti jurnalistin verdiyi m\u00fcsahib\u0259ni g\u0259rgin s\u00f6hb\u0259td\u0259n sonra q\u0259fil yar\u0131m\u00e7\u0131q dayand\u0131r\u0131b. Tramp apar\u0131c\u0131n\u0131n, x\u00fcsusil\u0259 \u0130ranla ba\u011fl\u0131 bir s\u0131ra suallar\u0131ndan naraz\u0131 qal\u0131b.<\/p>\n","protected":false},"excerpt":{"rendered":"<p>AB\u015e prezidenti Donald Tramp aral\u0131q se\u00e7kil\u0259ri \u0259r\u0259f\u0259sind\u0259 onun d\u0259st\u0259kl\u0259diyi namiz\u0259dl\u0259rin mediada i\u015f\u0131qland\u0131r\u0131lmas\u0131ndan naraz\u0131 qalaraq NBC telekanal\u0131n\u0131n jurnalistl\u0259rind\u0259n biri bar\u0259d\u0259 AB\u015e-nin&hellip;<\/p>\n","protected":false},"author":2,"featured_media":172777,"comment_status":"closed","ping_status":"closed","sticky":false,"template":"","format":"standard","meta":{"om_disable_all_campaigns":false,"_monsterinsights_skip_tracking":false,"_uf_show_specific_survey":0,"_uf_disable_surveys":false,"footnotes":""},"categories":[23,9,5],"tags":[],"aioseo_notices":[],"_links":{"self":[{"href":"https:\/\/hakimiyyet.info.az\/index.php?rest_route=\/wp\/v2\/posts\/201619"}],"collection":[{"href":"https:\/\/hakimiyyet.info.az\/index.php?rest_route=\/wp\/v2\/posts"}],"about":[{"href":"https:\/\/hakimiyyet.info.az\/index.php?rest_route=\/wp\/v2\/types\/post"}],"author":[{"embeddable":true,"href":"https:\/\/hakimiyyet.info.az\/index.php?rest_route=\/wp\/v2\/users\/2"}],"replies":[{"embeddable":true,"href":"https:\/\/hakimiyyet.info.az\/index.php?rest_route=%2Fwp%2Fv2%2Fcomments&post=201619"}],"version-history":[{"count":1,"href":"https:\/\/hakimiyyet.info.az\/index.php?rest_route=\/wp\/v2\/posts\/201619\/revisions"}],"predecessor-version":[{"id":201620,"href":"https:\/\/hakimiyyet.info.az\/index.php?rest_route=\/wp\/v2\/posts\/201619\/revisions\/201620"}],"wp:featuredmedia":[{"embeddable":true,"href":"https:\/\/hakimiyyet.info.az\/index.php?rest_route=\/wp\/v2\/media\/172777"}],"wp:attachment":[{"href":"https:\/\/hakimiyyet.info.az\/index.php?rest_route=%2Fwp%2Fv2%2Fmedia&parent=201619"}],"wp:term":[{"taxonomy":"category","embeddable":true,"href":"https:\/\/hakimiyyet.info.az\/index.php?rest_route=%2Fwp%2Fv2%2Fcategories&post=201619"},{"taxonomy":"post_tag","embeddable":true,"href":"https:\/\/hakimiyyet.info.az\/index.php?rest_route=%2Fwp%2Fv2%2Ftags&post=201619"}],"curies":[{"name":"wp","href":"https:\/\/api.w.org\/{rel}","templated":true}]}}