{"id":201766,"date":"2026-08-31T20:05:20","date_gmt":"2026-08-31T16:05:20","guid":{"rendered":"https:\/\/hakimiyyet.info.az\/?p=201766"},"modified":"2026-08-31T20:05:21","modified_gmt":"2026-08-31T16:05:21","slug":"ismayilli-v%c9%99-agsu-rayon-sakinl%c9%99rinin-muraci%c9%99tl%c9%99ri-dinl%c9%99nilib","status":"publish","type":"post","link":"https:\/\/hakimiyyet.info.az\/?p=201766","title":{"rendered":"\u0130smay\u0131ll\u0131 v\u0259 A\u011fsu rayon sakinl\u0259rinin m\u00fcraci\u0259tl\u0259ri dinl\u0259nilib"},"content":{"rendered":"\n<p class=\"has-medium-font-size\"><strong><em>Ail\u0259, Qad\u0131n v\u0259 U\u015faq Probleml\u0259ri \u00fczr\u0259 D\u00f6vl\u0259t Komit\u0259sinin s\u0259dri Bahar Muradova avqustun 31-d\u0259 \u0130smay\u0131ll\u0131da v\u0259t\u0259nda\u015flarla g\u00f6r\u00fc\u015f\u00fcb.<\/em><\/strong><\/p>\n\n\n\n<p>D\u00f6vl\u0259t Komit\u0259sind\u0259n&nbsp;<a href=\"https:\/\/azertag.az\/\" target=\"_blank\" rel=\"noreferrer noopener\">AZ\u018fRTAC<\/a>-a bildirilib ki, \u0259vv\u0259lc\u0259 \u00dcmummilli Lider Heyd\u0259r \u018fliyevin abid\u0259si ziyar\u0259t olunaraq, \u00f6n\u00fcn\u0259 g\u00fcl d\u0259st\u0259l\u0259ri qoyulub, xatir\u0259si d\u0259rin ehtiramla yad edilib.<\/p>\n\n\n\n<p>G\u00f6r\u00fc\u015fd\u0259 \u0130smay\u0131ll\u0131 v\u0259 A\u011fsu rayon sakinl\u0259rinin m\u00fcraci\u0259tl\u0259ri dinl\u0259nilib. M\u00fcraci\u0259tl\u0259r aras\u0131nda i\u015fl\u0259 t\u0259min olunma, h\u00fcquqi yard\u0131m, ail\u0259 m\u0259s\u0259l\u0259l\u0259ri, m\u00fcalic\u0259 v\u0259 \u0259lilliyin t\u0259yin edilm\u0259sin\u0259 k\u00f6m\u0259klik g\u00f6st\u0259rilm\u0259si, h\u0259m\u00e7inin dig\u0259r m\u00f6vzular yer al\u0131b.<\/p>\n\n\n\n<p>H\u0259r bir m\u00fcraci\u0259t f\u0259rdi qaydada dinl\u0259nilib, qald\u0131r\u0131lan m\u0259s\u0259l\u0259l\u0259rin q\u0131sa m\u00fcdd\u0259td\u0259 h\u0259ll edilm\u0259si \u00fc\u00e7\u00fcn m\u00fcvafiq tap\u015f\u0131r\u0131qlar verilib. Ara\u015fd\u0131rma t\u0259l\u0259b ed\u0259n m\u00fcraci\u0259tl\u0259r is\u0259 qeydiyyata al\u0131naraq n\u0259zar\u0259t\u0259 g\u00f6t\u00fcr\u00fcl\u00fcb.<\/p>\n","protected":false},"excerpt":{"rendered":"<p>Ail\u0259, Qad\u0131n v\u0259 U\u015faq Probleml\u0259ri \u00fczr\u0259 D\u00f6vl\u0259t Komit\u0259sinin s\u0259dri Bahar Muradova avqustun 31-d\u0259 \u0130smay\u0131ll\u0131da v\u0259t\u0259nda\u015flarla g\u00f6r\u00fc\u015f\u00fcb. D\u00f6vl\u0259t Komit\u0259sind\u0259n&nbsp;AZ\u018fRTAC-a bildirilib ki,&hellip;<\/p>\n","protected":false},"author":2,"featured_media":201767,"comment_status":"closed","ping_status":"closed","sticky":false,"template":"","format":"standard","meta":{"om_disable_all_campaigns":false,"_monsterinsights_skip_tracking":false,"_uf_show_specific_survey":0,"_uf_disable_surveys":false,"footnotes":""},"categories":[23,47,2,5],"tags":[],"aioseo_notices":[],"_links":{"self":[{"href":"https:\/\/hakimiyyet.info.az\/index.php?rest_route=\/wp\/v2\/posts\/201766"}],"collection":[{"href":"https:\/\/hakimiyyet.info.az\/index.php?rest_route=\/wp\/v2\/posts"}],"about":[{"href":"https:\/\/hakimiyyet.info.az\/index.php?rest_route=\/wp\/v2\/types\/post"}],"author":[{"embeddable":true,"href":"https:\/\/hakimiyyet.info.az\/index.php?rest_route=\/wp\/v2\/users\/2"}],"replies":[{"embeddable":true,"href":"https:\/\/hakimiyyet.info.az\/index.php?rest_route=%2Fwp%2Fv2%2Fcomments&post=201766"}],"version-history":[{"count":1,"href":"https:\/\/hakimiyyet.info.az\/index.php?rest_route=\/wp\/v2\/posts\/201766\/revisions"}],"predecessor-version":[{"id":201768,"href":"https:\/\/hakimiyyet.info.az\/index.php?rest_route=\/wp\/v2\/posts\/201766\/revisions\/201768"}],"wp:featuredmedia":[{"embeddable":true,"href":"https:\/\/hakimiyyet.info.az\/index.php?rest_route=\/wp\/v2\/media\/201767"}],"wp:attachment":[{"href":"https:\/\/hakimiyyet.info.az\/index.php?rest_route=%2Fwp%2Fv2%2Fmedia&parent=201766"}],"wp:term":[{"taxonomy":"category","embeddable":true,"href":"https:\/\/hakimiyyet.info.az\/index.php?rest_route=%2Fwp%2Fv2%2Fcategories&post=201766"},{"taxonomy":"post_tag","embeddable":true,"href":"https:\/\/hakimiyyet.info.az\/index.php?rest_route=%2Fwp%2Fv2%2Ftags&post=201766"}],"curies":[{"name":"wp","href":"https:\/\/api.w.org\/{rel}","templated":true}]}}