{"id":201772,"date":"2026-08-31T20:07:28","date_gmt":"2026-08-31T16:07:28","guid":{"rendered":"https:\/\/hakimiyyet.info.az\/?p=201772"},"modified":"2026-08-31T20:07:30","modified_gmt":"2026-08-31T16:07:30","slug":"aztu-mu%c9%99lliml%c9%99ri-orhun-mubadil%c9%99-proqrami-c%c9%99rciv%c9%99sind%c9%99-qirgizistana-s%c9%99f%c9%99r-ed%c9%99c%c9%99kl%c9%99r","status":"publish","type":"post","link":"https:\/\/hakimiyyet.info.az\/?p=201772","title":{"rendered":"AzTU m\u00fc\u0259lliml\u0259ri \u201cOrhun\u201d m\u00fcbadil\u0259 proqram\u0131 \u00e7\u0259r\u00e7iv\u0259sind\u0259 Q\u0131r\u011f\u0131z\u0131stana s\u0259f\u0259r ed\u0259c\u0259kl\u0259r"},"content":{"rendered":"\n<p class=\"has-medium-font-size\"><em><strong>Az\u0259rbaycan Texniki Universiteti (AzTU) il\u0259 Q\u0131r\u011f\u0131z\u0131stan\u0131n ali t\u0259hsil m\u00fc\u0259ssis\u0259l\u0259ri aras\u0131nda \u0259m\u0259kda\u015fl\u0131q \u0259laq\u0259l\u0259ri geni\u015fl\u0259ndirilir. Akademik m\u00fcbadil\u0259, m\u00fc\u0259llim v\u0259 t\u0259l\u0259b\u0259 mobilliyi, el\u0259c\u0259 d\u0259 t\u0259hsil v\u0259 elmi istiqam\u0259tl\u0259rd\u0259 birg\u0259 f\u0259aliyy\u0259t universitetl\u0259raras\u0131 \u0259m\u0259kda\u015fl\u0131\u011f\u0131n \u0259sas istiqam\u0259tl\u0259rini t\u0259\u015fkil edir.<\/strong><\/em><\/p>\n\n\n\n<p>Bu bar\u0259d\u0259&nbsp;<a href=\"https:\/\/azertag.az\/\" target=\"_blank\" rel=\"noreferrer noopener\">AZ\u018fRTAC<\/a>-a AzTU-dan m\u0259lumat verilib.<\/p>\n\n\n\n<p>Qeyd olunub ki, AzTU il\u0259 Q\u0131r\u011f\u0131z\u0131stan\u0131n Q\u0131r\u011f\u0131z-T\u00fcrk Manas Universiteti aras\u0131nda 2021-ci il oktyabr\u0131n 8-d\u0259 Akademik \u0259m\u0259kda\u015fl\u0131q protokolu imzalan\u0131b.<\/p>\n\n\n\n<p>\u018fm\u0259kda\u015fl\u0131q \u00e7\u0259r\u00e7iv\u0259sind\u0259 T\u00fcrk Universitetl\u0259ri Birliyinin (T\u00dcRK\u00dcN\u0130B) \u201cOrhun\u201d proqram\u0131 \u00fczr\u0259 m\u00fc\u0259llim v\u0259 t\u0259l\u0259b\u0259 m\u00fcbadil\u0259sin\u0259 cari t\u0259dris ilind\u0259 ba\u015flan\u0131l\u0131b. Proqram \u00e7\u0259r\u00e7iv\u0259sind\u0259 AzTU-nun m\u00fc\u0259lliml\u0259ri 2026\/2027-ci t\u0259dris ilinin pay\u0131z semestrind\u0259 Q\u0131r\u011f\u0131z\u0131stan\u0131n Q\u0131r\u011f\u0131z-T\u00fcrk Manas Universitetin\u0259 ezam edil\u0259c\u0259kl\u0259r.<\/p>\n\n\n\n<p>Bununla yana\u015f\u0131, AzTU il\u0259 Q\u0131r\u011f\u0131z\u0131stan\u0131n \u0130.Arabayev ad\u0131na Q\u0131r\u011f\u0131z D\u00f6vl\u0259t Universiteti, \u0130.Razzakov ad\u0131na Q\u0131r\u011f\u0131z D\u00f6vl\u0259t Texniki Universiteti v\u0259 M.R\u0131skulbekov ad\u0131na Q\u0131r\u011f\u0131z \u0130qtisad Universiteti aras\u0131nda da \u0259laq\u0259l\u0259r qurulub.<\/p>\n\n\n\n<p>Universitetl\u0259r aras\u0131nda \u0259m\u0259kda\u015fl\u0131\u011f\u0131n geni\u015fl\u0259ndirilm\u0259si akademik m\u00fcbadil\u0259nin inki\u015faf\u0131na, m\u00fc\u0259llim v\u0259 t\u0259l\u0259b\u0259l\u0259rin beyn\u0259lxalq t\u0259cr\u00fcb\u0259sinin art\u0131r\u0131lmas\u0131na, el\u0259c\u0259 d\u0259 t\u0259hsil v\u0259 elmi-t\u0259dqiqat sah\u0259l\u0259rind\u0259 yeni birg\u0259 t\u0259\u015f\u0259bb\u00fcsl\u0259rin h\u0259yata ke\u00e7irilm\u0259sin\u0259 imkan yaradacaq.<\/p>\n","protected":false},"excerpt":{"rendered":"<p>Az\u0259rbaycan Texniki Universiteti (AzTU) il\u0259 Q\u0131r\u011f\u0131z\u0131stan\u0131n ali t\u0259hsil m\u00fc\u0259ssis\u0259l\u0259ri aras\u0131nda \u0259m\u0259kda\u015fl\u0131q \u0259laq\u0259l\u0259ri geni\u015fl\u0259ndirilir. Akademik m\u00fcbadil\u0259, m\u00fc\u0259llim v\u0259 t\u0259l\u0259b\u0259 mobilliyi, el\u0259c\u0259&hellip;<\/p>\n","protected":false},"author":2,"featured_media":201773,"comment_status":"closed","ping_status":"closed","sticky":false,"template":"","format":"standard","meta":{"om_disable_all_campaigns":false,"_monsterinsights_skip_tracking":false,"_uf_show_specific_survey":0,"_uf_disable_surveys":false,"footnotes":""},"categories":[23,8,2,5],"tags":[],"aioseo_notices":[],"_links":{"self":[{"href":"https:\/\/hakimiyyet.info.az\/index.php?rest_route=\/wp\/v2\/posts\/201772"}],"collection":[{"href":"https:\/\/hakimiyyet.info.az\/index.php?rest_route=\/wp\/v2\/posts"}],"about":[{"href":"https:\/\/hakimiyyet.info.az\/index.php?rest_route=\/wp\/v2\/types\/post"}],"author":[{"embeddable":true,"href":"https:\/\/hakimiyyet.info.az\/index.php?rest_route=\/wp\/v2\/users\/2"}],"replies":[{"embeddable":true,"href":"https:\/\/hakimiyyet.info.az\/index.php?rest_route=%2Fwp%2Fv2%2Fcomments&post=201772"}],"version-history":[{"count":1,"href":"https:\/\/hakimiyyet.info.az\/index.php?rest_route=\/wp\/v2\/posts\/201772\/revisions"}],"predecessor-version":[{"id":201774,"href":"https:\/\/hakimiyyet.info.az\/index.php?rest_route=\/wp\/v2\/posts\/201772\/revisions\/201774"}],"wp:featuredmedia":[{"embeddable":true,"href":"https:\/\/hakimiyyet.info.az\/index.php?rest_route=\/wp\/v2\/media\/201773"}],"wp:attachment":[{"href":"https:\/\/hakimiyyet.info.az\/index.php?rest_route=%2Fwp%2Fv2%2Fmedia&parent=201772"}],"wp:term":[{"taxonomy":"category","embeddable":true,"href":"https:\/\/hakimiyyet.info.az\/index.php?rest_route=%2Fwp%2Fv2%2Fcategories&post=201772"},{"taxonomy":"post_tag","embeddable":true,"href":"https:\/\/hakimiyyet.info.az\/index.php?rest_route=%2Fwp%2Fv2%2Ftags&post=201772"}],"curies":[{"name":"wp","href":"https:\/\/api.w.org\/{rel}","templated":true}]}}