{"id":201808,"date":"2026-08-31T20:51:44","date_gmt":"2026-08-31T16:51:44","guid":{"rendered":"https:\/\/hakimiyyet.info.az\/?p=201808"},"modified":"2026-08-31T20:51:45","modified_gmt":"2026-08-31T16:51:45","slug":"abs-nin-konqres-kitabxanasina-az%c9%99rbaycan-haqqinda-n%c9%99srl%c9%99r-h%c9%99diyy%c9%99-edilib","status":"publish","type":"post","link":"https:\/\/hakimiyyet.info.az\/?p=201808","title":{"rendered":"AB\u015e-nin Konqres Kitabxanas\u0131na Az\u0259rbaycan haqq\u0131nda n\u0259\u015frl\u0259r h\u0259diyy\u0259 edilib"},"content":{"rendered":"\n<p class=\"has-medium-font-size\"><strong><em>Diasporla \u0130\u015f \u00fczr\u0259 D\u00f6vl\u0259t Komit\u0259sinin \u0259m\u0259kda\u015flar\u0131 v\u0259 Az\u0259rbaycan-Amerika T\u0259\u015fkilatlar\u0131 Alyans\u0131n\u0131n \u00fczvl\u0259ri AB\u015e-nin paytaxt\u0131 Va\u015finqtonda yerl\u0259\u015f\u0259n Konqres Kitabxanas\u0131n\u0131 ziyar\u0259t edibl\u0259r.<\/em><\/strong><\/p>\n\n\n\n<p>D\u00f6vl\u0259t Komit\u0259sind\u0259n&nbsp;<a href=\"https:\/\/azertag.az\/\" target=\"_blank\" rel=\"noreferrer noopener\">AZ\u018fRTAC<\/a>-a bildirilib ki, ziyar\u0259t Alyans\u0131n t\u0259\u015f\u0259bb\u00fcs\u00fc v\u0259 komit\u0259nin d\u0259st\u0259yi il\u0259 ba\u015f tutub.<\/p>\n\n\n\n<p>Kitabxanan\u0131n Yax\u0131n \u015e\u0259rq b\u00f6lm\u0259sinin m\u00fcdiri Coan Uiks qonaqlara kitabxanan\u0131n yaranma tarixi, f\u0259aliyy\u0259ti v\u0259 z\u0259ngin kolleksiyas\u0131 bar\u0259d\u0259 m\u0259lumat verib. Qeyd edib ki, kitabxanan\u0131n elektron kataloqu v\u0259 r\u0259q\u0259msal arxivi Az\u0259rbaycan\u0131n tarixi, \u0259d\u0259biyyat\u0131, dili, Qaraba\u011f v\u0259 \u015eu\u015fa, h\u0259m\u00e7inin musiqi irsi il\u0259 ba\u011fl\u0131 z\u0259ngin m\u0259lumat bazas\u0131na \u00e7\u0131x\u0131\u015f imkanlar\u0131 yarad\u0131r.<\/p>\n\n\n\n<p>Qonaqlar Az\u0259rbaycanla ba\u011fl\u0131 q\u0259dim v\u0259 m\u00fcasir n\u0259\u015frl\u0259rl\u0259 d\u0259 tan\u0131\u015f olublar. Onlar\u0131n s\u0131ras\u0131nda Mirz\u0259 \u018fl\u0259kb\u0259r Sabirin \u201cHophopnam\u0259\u201d \u0259s\u0259ri, Nizami G\u0259nc\u0259vi, \u0130mad\u0259ddin N\u0259simi, M\u0259h\u0259mm\u0259d F\u00fczuli v\u0259 dig\u0259r Az\u0259rbaycan \u0259dibl\u0259rinin yarad\u0131c\u0131l\u0131\u011f\u0131 haqq\u0131nda n\u0259\u015frl\u0259r, h\u0259m\u00e7inin \u00f6lk\u0259 tarixinin m\u00fcxt\u0259lif d\u00f6vrl\u0259rini \u0259ks etdir\u0259n kitablar yer al\u0131b.<\/p>\n\n\n\n<p>Ziyar\u0259t \u00e7\u0259r\u00e7iv\u0259sind\u0259 qonaqlara bir s\u0131ra nadir eksponatlar, o c\u00fcml\u0259d\u0259n AB\u015e Konstitusiyas\u0131n\u0131n ilk \u0259lyazmas\u0131 n\u00fcmayi\u015f olunub.<\/p>\n\n\n\n<p>Diasporla \u0130\u015f \u00fczr\u0259 D\u00f6vl\u0259t Komit\u0259sinin \u015f\u00f6b\u0259 m\u00fcdiri S\u0259lh\u0259t Abbasova is\u0259 Az\u0259rbaycan m\u0259d\u0259ni irsini, tarixini \u0259ks etdir\u0259n 20-d\u0259n \u00e7ox n\u0259\u015fri kitabxanaya h\u0259diyy\u0259 edib.<\/p>\n\n\n\n<p>Coan Uiks bu n\u0259\u015frl\u0259rin kitabxanan\u0131n Az\u0259rbaycanla ba\u011fl\u0131 kolleksiyas\u0131n\u0131 daha da z\u0259nginl\u0259\u015fdir\u0259c\u0259yini qeyd ed\u0259r\u0259k, Diasporla \u0130\u015f \u00fczr\u0259 D\u00f6vl\u0259t Komit\u0259sin\u0259 t\u0259\u015f\u0259kk\u00fcr\u00fcn\u00fc bildirib.<\/p>\n\n\n\n<figure class=\"wp-block-image size-full\"><img decoding=\"async\" loading=\"lazy\" width=\"840\" height=\"630\" src=\"https:\/\/hakimiyyet.info.az\/wp-content\/uploads\/2026\/08\/abs-1-1.jpg\" alt=\"\" class=\"wp-image-201810\" srcset=\"https:\/\/hakimiyyet.info.az\/wp-content\/uploads\/2026\/08\/abs-1-1.jpg 840w, https:\/\/hakimiyyet.info.az\/wp-content\/uploads\/2026\/08\/abs-1-1-300x225.jpg 300w, https:\/\/hakimiyyet.info.az\/wp-content\/uploads\/2026\/08\/abs-1-1-768x576.jpg 768w, https:\/\/hakimiyyet.info.az\/wp-content\/uploads\/2026\/08\/abs-1-1-160x120.jpg 160w\" sizes=\"(max-width: 840px) 100vw, 840px\" \/><\/figure>\n","protected":false},"excerpt":{"rendered":"<p>Diasporla \u0130\u015f \u00fczr\u0259 D\u00f6vl\u0259t Komit\u0259sinin \u0259m\u0259kda\u015flar\u0131 v\u0259 Az\u0259rbaycan-Amerika T\u0259\u015fkilatlar\u0131 Alyans\u0131n\u0131n \u00fczvl\u0259ri AB\u015e-nin paytaxt\u0131 Va\u015finqtonda yerl\u0259\u015f\u0259n Konqres Kitabxanas\u0131n\u0131 ziyar\u0259t edibl\u0259r. D\u00f6vl\u0259t&hellip;<\/p>\n","protected":false},"author":2,"featured_media":201809,"comment_status":"closed","ping_status":"closed","sticky":false,"template":"","format":"standard","meta":{"om_disable_all_campaigns":false,"_monsterinsights_skip_tracking":false,"_uf_show_specific_survey":0,"_uf_disable_surveys":false,"footnotes":""},"categories":[23,2,7,5],"tags":[],"aioseo_notices":[],"_links":{"self":[{"href":"https:\/\/hakimiyyet.info.az\/index.php?rest_route=\/wp\/v2\/posts\/201808"}],"collection":[{"href":"https:\/\/hakimiyyet.info.az\/index.php?rest_route=\/wp\/v2\/posts"}],"about":[{"href":"https:\/\/hakimiyyet.info.az\/index.php?rest_route=\/wp\/v2\/types\/post"}],"author":[{"embeddable":true,"href":"https:\/\/hakimiyyet.info.az\/index.php?rest_route=\/wp\/v2\/users\/2"}],"replies":[{"embeddable":true,"href":"https:\/\/hakimiyyet.info.az\/index.php?rest_route=%2Fwp%2Fv2%2Fcomments&post=201808"}],"version-history":[{"count":1,"href":"https:\/\/hakimiyyet.info.az\/index.php?rest_route=\/wp\/v2\/posts\/201808\/revisions"}],"predecessor-version":[{"id":201811,"href":"https:\/\/hakimiyyet.info.az\/index.php?rest_route=\/wp\/v2\/posts\/201808\/revisions\/201811"}],"wp:featuredmedia":[{"embeddable":true,"href":"https:\/\/hakimiyyet.info.az\/index.php?rest_route=\/wp\/v2\/media\/201809"}],"wp:attachment":[{"href":"https:\/\/hakimiyyet.info.az\/index.php?rest_route=%2Fwp%2Fv2%2Fmedia&parent=201808"}],"wp:term":[{"taxonomy":"category","embeddable":true,"href":"https:\/\/hakimiyyet.info.az\/index.php?rest_route=%2Fwp%2Fv2%2Fcategories&post=201808"},{"taxonomy":"post_tag","embeddable":true,"href":"https:\/\/hakimiyyet.info.az\/index.php?rest_route=%2Fwp%2Fv2%2Ftags&post=201808"}],"curies":[{"name":"wp","href":"https:\/\/api.w.org\/{rel}","templated":true}]}}