{"id":201819,"date":"2026-08-31T20:57:29","date_gmt":"2026-08-31T16:57:29","guid":{"rendered":"https:\/\/hakimiyyet.info.az\/?p=201819"},"modified":"2026-08-31T20:57:30","modified_gmt":"2026-08-31T16:57:30","slug":"cinin-bas-prokuroru-milli-m%c9%99clisd%c9%99-olub","status":"publish","type":"post","link":"https:\/\/hakimiyyet.info.az\/?p=201819","title":{"rendered":"\u00c7inin Ba\u015f prokuroru Milli M\u0259clisd\u0259 olub"},"content":{"rendered":"\n<p class=\"has-medium-font-size\"><strong><em>Avqustun 31-d\u0259 Milli M\u0259clisin s\u0259dri Sahib\u0259 Qafarova \u00f6lk\u0259mizd\u0259 s\u0259f\u0259rd\u0259 olan \u00c7in Xalq Respublikas\u0131n\u0131n Ali Xalq Prokurorlu\u011funun Ba\u015f prokuroru Yinq Yonqun ba\u015f\u00e7\u0131l\u0131q etdiyi n\u00fcmay\u0259nd\u0259 hey\u0259ti il\u0259 g\u00f6r\u00fc\u015f\u00fcb.<\/em><\/strong><\/p>\n\n\n\n<p><a href=\"https:\/\/hakimiyyet.info.az\/\" title=\"Hakimiyyet.info.az\">Hakimiyyet.info.az<\/a>\u00a0x\u0259b\u0259r verir ki, Milli M\u0259clisin s\u0259dri 1992-ci ild\u0259 Az\u0259rbaycan il\u0259 \u00c7in aras\u0131nda diplomatik m\u00fcnasib\u0259tl\u0259rin qurulmas\u0131ndan \u00f6t\u0259n d\u00f6vr \u0259rzind\u0259 \u0259laq\u0259l\u0259rin dostluq, qar\u015f\u0131l\u0131ql\u0131 h\u00f6rm\u0259t v\u0259 d\u0259st\u0259k \u0259sas\u0131nda inki\u015faf etdiyini diqq\u0259t\u0259 \u00e7atd\u0131r\u0131b. Bildirib ki, Az\u0259rbaycan \u201cVahid \u00c7in\u201d siyas\u0259tini, \u00c7in is\u0259 \u00f6z n\u00f6vb\u0259sind\u0259 Az\u0259rbaycan\u0131n suverenliyini v\u0259 \u0259razi b\u00fct\u00f6vl\u00fcy\u00fcn\u00fc daim d\u0259st\u0259kl\u0259yib.<\/p>\n\n\n\n<p>\u0130kit\u0259r\u0259fli \u0259laq\u0259l\u0259rin m\u00f6hk\u0259ml\u0259nm\u0259sind\u0259 ali v\u0259 y\u00fcks\u0259k s\u0259viyy\u0259li qar\u015f\u0131l\u0131ql\u0131 s\u0259f\u0259rl\u0259rin x\u00fcsusi \u0259h\u0259miyy\u0259t da\u015f\u0131d\u0131\u011f\u0131n\u0131 vur\u011fulayan Sahib\u0259 Qafarova Prezident \u0130lham \u018fliyevin \u00c7in\u0259 s\u0259f\u0259rl\u0259rinin v\u0259 iki \u00f6lk\u0259 aras\u0131nda Strateji t\u0259r\u0259fda\u015fl\u0131q haqq\u0131nda Birg\u0259 B\u0259yannam\u0259nin imzalanmas\u0131n\u0131n \u0259h\u0259miyy\u0259tini qeyd edib.<\/p>\n\n\n\n<p>Milli M\u0259clisin s\u0259dri \u00c7in parlamenti il\u0259 \u0259m\u0259kda\u015fl\u0131\u011f\u0131n m\u00f6vcud v\u0259ziyy\u0259ti v\u0259 g\u0259l\u0259c\u0259k imkanlar\u0131 bar\u0259d\u0259 dan\u0131\u015f\u0131b, cari ilin mart ay\u0131nda \u00c7in\u0259 i\u015fg\u00fczar s\u0259f\u0259rini, bu \u00f6lk\u0259nin parlament s\u0259dri Cao L\u0131ci il\u0259 g\u00f6r\u00fc\u015f\u00fcn\u00fc v\u0259 apar\u0131lan m\u00fczakir\u0259l\u0259ri m\u0259mnunluqla xat\u0131rlay\u0131b. Spiker, h\u0259m\u00e7inin parlamentl\u0259raras\u0131 \u0259laq\u0259l\u0259r \u00fczr\u0259 i\u015f\u00e7i qruplar\u0131n\u0131n f\u0259aliyy\u0259ti bar\u0259d\u0259 fikirl\u0259rini b\u00f6l\u00fc\u015f\u00fcb.<\/p>\n\n\n\n<p>S\u00f6hb\u0259t zaman\u0131 Az\u0259rbaycanla \u00c7in aras\u0131nda qar\u015f\u0131l\u0131ql\u0131 faydal\u0131 siyasi \u0259m\u0259kda\u015fl\u0131\u011f\u0131n n\u00fcmun\u0259l\u0259rind\u0259n biri kimi Yeni Az\u0259rbaycan Partiyas\u0131 il\u0259 \u00c7in Kommunist Partiyas\u0131 aras\u0131nda \u0259laq\u0259l\u0259r y\u00fcks\u0259k qiym\u0259tl\u0259ndirilib.<\/p>\n\n\n\n<p>Az\u0259rbaycanla \u00c7in aras\u0131nda \u0259laq\u0259l\u0259rin y\u00fcks\u0259k s\u0259viyy\u0259d\u0259 olmas\u0131ndan m\u0259mnunlu\u011funu ifad\u0259 ed\u0259n \u00c7in Xalq Respublikas\u0131n\u0131n Ali Xalq Prokurorlu\u011funun Ba\u015f prokuroru Yinq Yonq Prezident \u0130lham \u018fliyevin 2025-ci ild\u0259 \u00c7in\u0259 s\u0259f\u0259rl\u0259rini v\u0259 \u00c7in Xalq Respublikas\u0131n\u0131n S\u0259dri Si Cinpinl\u0259 ke\u00e7irdiyi g\u00f6r\u00fc\u015fl\u0259ri x\u00fcsusi qeyd edib.<\/p>\n\n\n\n<p>\u0130ki \u00f6lk\u0259nin prokurorluq orqanlar\u0131 aras\u0131nda \u0259laq\u0259l\u0259rin inki\u015faf\u0131ndan dan\u0131\u015fan Ba\u015f prokuror s\u0131x \u0259m\u0259kda\u015fl\u0131\u011f\u0131n h\u0259r iki \u00f6lk\u0259nin v\u0259t\u0259nda\u015flar\u0131n\u0131n h\u00fcquqlar\u0131n\u0131n qorunmas\u0131na v\u0259 cinay\u0259tkarl\u0131\u011f\u0131n qar\u015f\u0131s\u0131n\u0131n al\u0131nmas\u0131na m\u00fch\u00fcm t\u00f6hf\u0259 ver\u0259c\u0259yini bildirib.<\/p>\n\n\n\n<p>Qonaqlar parlamentin plenar iclas zal\u0131na ba\u015f \u00e7\u0259kib, burada yarad\u0131lm\u0131\u015f i\u015f \u015f\u0259raiti il\u0259 tan\u0131\u015f olublar.<\/p>\n\n\n\n<figure class=\"wp-block-image size-full\"><img decoding=\"async\" loading=\"lazy\" width=\"944\" height=\"630\" src=\"https:\/\/hakimiyyet.info.az\/wp-content\/uploads\/2026\/08\/Cinin-Bas-prokuroru-1.jpg\" alt=\"\" class=\"wp-image-201821\" srcset=\"https:\/\/hakimiyyet.info.az\/wp-content\/uploads\/2026\/08\/Cinin-Bas-prokuroru-1.jpg 944w, https:\/\/hakimiyyet.info.az\/wp-content\/uploads\/2026\/08\/Cinin-Bas-prokuroru-1-300x200.jpg 300w, https:\/\/hakimiyyet.info.az\/wp-content\/uploads\/2026\/08\/Cinin-Bas-prokuroru-1-768x513.jpg 768w\" sizes=\"(max-width: 944px) 100vw, 944px\" \/><\/figure>\n","protected":false},"excerpt":{"rendered":"<p>Avqustun 31-d\u0259 Milli M\u0259clisin s\u0259dri Sahib\u0259 Qafarova \u00f6lk\u0259mizd\u0259 s\u0259f\u0259rd\u0259 olan \u00c7in Xalq Respublikas\u0131n\u0131n Ali Xalq Prokurorlu\u011funun Ba\u015f prokuroru Yinq Yonqun&hellip;<\/p>\n","protected":false},"author":2,"featured_media":201820,"comment_status":"closed","ping_status":"closed","sticky":false,"template":"","format":"standard","meta":{"om_disable_all_campaigns":false,"_monsterinsights_skip_tracking":false,"_uf_show_specific_survey":0,"_uf_disable_surveys":false,"footnotes":""},"categories":[23,2,7,5],"tags":[],"aioseo_notices":[],"_links":{"self":[{"href":"https:\/\/hakimiyyet.info.az\/index.php?rest_route=\/wp\/v2\/posts\/201819"}],"collection":[{"href":"https:\/\/hakimiyyet.info.az\/index.php?rest_route=\/wp\/v2\/posts"}],"about":[{"href":"https:\/\/hakimiyyet.info.az\/index.php?rest_route=\/wp\/v2\/types\/post"}],"author":[{"embeddable":true,"href":"https:\/\/hakimiyyet.info.az\/index.php?rest_route=\/wp\/v2\/users\/2"}],"replies":[{"embeddable":true,"href":"https:\/\/hakimiyyet.info.az\/index.php?rest_route=%2Fwp%2Fv2%2Fcomments&post=201819"}],"version-history":[{"count":1,"href":"https:\/\/hakimiyyet.info.az\/index.php?rest_route=\/wp\/v2\/posts\/201819\/revisions"}],"predecessor-version":[{"id":201822,"href":"https:\/\/hakimiyyet.info.az\/index.php?rest_route=\/wp\/v2\/posts\/201819\/revisions\/201822"}],"wp:featuredmedia":[{"embeddable":true,"href":"https:\/\/hakimiyyet.info.az\/index.php?rest_route=\/wp\/v2\/media\/201820"}],"wp:attachment":[{"href":"https:\/\/hakimiyyet.info.az\/index.php?rest_route=%2Fwp%2Fv2%2Fmedia&parent=201819"}],"wp:term":[{"taxonomy":"category","embeddable":true,"href":"https:\/\/hakimiyyet.info.az\/index.php?rest_route=%2Fwp%2Fv2%2Fcategories&post=201819"},{"taxonomy":"post_tag","embeddable":true,"href":"https:\/\/hakimiyyet.info.az\/index.php?rest_route=%2Fwp%2Fv2%2Ftags&post=201819"}],"curies":[{"name":"wp","href":"https:\/\/api.w.org\/{rel}","templated":true}]}}