{"id":201827,"date":"2026-08-31T21:06:41","date_gmt":"2026-08-31T17:06:41","guid":{"rendered":"https:\/\/hakimiyyet.info.az\/?p=201827"},"modified":"2026-08-31T21:06:42","modified_gmt":"2026-08-31T17:06:42","slug":"bas-prokuror-az%c9%99rbaycan-il%c9%99-cinin-prokurorluq-orqanlari-arasinda-%c9%99m%c9%99kdasligin-daha-da-mohk%c9%99ml%c9%99n%c9%99c%c9%99yin%c9%99-umid-edirik","status":"publish","type":"post","link":"https:\/\/hakimiyyet.info.az\/?p=201827","title":{"rendered":"Ba\u015f prokuror: Az\u0259rbaycan il\u0259 \u00c7inin prokurorluq orqanlar\u0131 aras\u0131nda \u0259m\u0259kda\u015fl\u0131\u011f\u0131n daha da m\u00f6hk\u0259ml\u0259n\u0259c\u0259yin\u0259 \u00fcmid edirik\u00a0"},"content":{"rendered":"\n<p class=\"has-medium-font-size\"><strong><em>\u00c7inli h\u0259mkarlar\u0131m\u0131z\u0131 Az\u0259rbaycanda g\u00f6rm\u0259kd\u0259n \u00e7ox m\u0259mnunam. \u018flb\u0259tt\u0259, Az\u0259rbaycan v\u0259 \u00c7in bir \u00e7ox ortaq c\u0259h\u0259tl\u0259r\u0259 malikdirl\u0259r. \u00d6lk\u0259l\u0259rimizin liderl\u0259rinin s\u0259yl\u0259ri n\u0259tic\u0259sind\u0259 bu g\u00fcn Az\u0259rbaycan il\u0259 \u00c7in strateji t\u0259r\u0259fda\u015fd\u0131r. Bu, \u00e7ox m\u00fch\u00fcm m\u0259s\u0259l\u0259dir.<\/em><\/strong><\/p>\n\n\n\n<p><a href=\"https:\/\/hakimiyyet.info.az\/\" title=\"Hakimiyyet.info.az\">Hakimiyyet.info.az<\/a>\u00a0x\u0259b\u0259r verir ki, bu s\u00f6zl\u0259ri Az\u0259rbaycan Respublikas\u0131n\u0131n Ba\u015f prokuroru Kamran \u018fliyev avqustun 31-d\u0259 Ba\u015f Prokurorluqda \u00c7in Xalq Respublikas\u0131n\u0131n Ali Xalq Prokurorlu\u011funun y\u00fcks\u0259k v\u0259zif\u0259li \u015f\u0259xsl\u0259rd\u0259n ibar\u0259t n\u00fcmay\u0259nd\u0259 hey\u0259ti il\u0259 g\u00f6r\u00fc\u015fd\u0259 deyib.<\/p>\n\n\n\n<p>Ba\u015f prokuror qeyd edib ki, iki \u00f6lk\u0259nin prokurorluq xidm\u0259tl\u0259ri aras\u0131nda s\u0131x m\u00fcnasib\u0259tl\u0259rin qurulmas\u0131 v\u0259 \u0259m\u0259kda\u015fl\u0131\u011f\u0131n inki\u015faf etdirilm\u0259si olduqca vacibdir.<\/p>\n\n\n\n<p>O, Az\u0259rbaycan Respublikas\u0131n\u0131n Ba\u015f Prokurorlu\u011fu il\u0259 \u00c7in Xalq Respublikas\u0131n\u0131n Ali Xalq Prokurorlu\u011fu aras\u0131nda Anla\u015fma Memorandumunun imzalanmas\u0131n\u0131 y\u00fcks\u0259k d\u0259y\u0259rl\u0259ndir\u0259r\u0259k deyib: \u201cBiz prokurorluq orqanlar\u0131 aras\u0131nda \u0259m\u0259kda\u015fl\u0131\u011f\u0131n bundan sonra daha da m\u00f6hk\u0259ml\u0259n\u0259c\u0259yin\u0259 \u00fcmid edirik\u201d.<\/p>\n","protected":false},"excerpt":{"rendered":"<p>\u00c7inli h\u0259mkarlar\u0131m\u0131z\u0131 Az\u0259rbaycanda g\u00f6rm\u0259kd\u0259n \u00e7ox m\u0259mnunam. \u018flb\u0259tt\u0259, Az\u0259rbaycan v\u0259 \u00c7in bir \u00e7ox ortaq c\u0259h\u0259tl\u0259r\u0259 malikdirl\u0259r. \u00d6lk\u0259l\u0259rimizin liderl\u0259rinin s\u0259yl\u0259ri n\u0259tic\u0259sind\u0259 bu&hellip;<\/p>\n","protected":false},"author":2,"featured_media":201828,"comment_status":"closed","ping_status":"closed","sticky":false,"template":"","format":"standard","meta":{"om_disable_all_campaigns":false,"_monsterinsights_skip_tracking":false,"_uf_show_specific_survey":0,"_uf_disable_surveys":false,"footnotes":""},"categories":[23,47,2,5],"tags":[],"aioseo_notices":[],"_links":{"self":[{"href":"https:\/\/hakimiyyet.info.az\/index.php?rest_route=\/wp\/v2\/posts\/201827"}],"collection":[{"href":"https:\/\/hakimiyyet.info.az\/index.php?rest_route=\/wp\/v2\/posts"}],"about":[{"href":"https:\/\/hakimiyyet.info.az\/index.php?rest_route=\/wp\/v2\/types\/post"}],"author":[{"embeddable":true,"href":"https:\/\/hakimiyyet.info.az\/index.php?rest_route=\/wp\/v2\/users\/2"}],"replies":[{"embeddable":true,"href":"https:\/\/hakimiyyet.info.az\/index.php?rest_route=%2Fwp%2Fv2%2Fcomments&post=201827"}],"version-history":[{"count":1,"href":"https:\/\/hakimiyyet.info.az\/index.php?rest_route=\/wp\/v2\/posts\/201827\/revisions"}],"predecessor-version":[{"id":201829,"href":"https:\/\/hakimiyyet.info.az\/index.php?rest_route=\/wp\/v2\/posts\/201827\/revisions\/201829"}],"wp:featuredmedia":[{"embeddable":true,"href":"https:\/\/hakimiyyet.info.az\/index.php?rest_route=\/wp\/v2\/media\/201828"}],"wp:attachment":[{"href":"https:\/\/hakimiyyet.info.az\/index.php?rest_route=%2Fwp%2Fv2%2Fmedia&parent=201827"}],"wp:term":[{"taxonomy":"category","embeddable":true,"href":"https:\/\/hakimiyyet.info.az\/index.php?rest_route=%2Fwp%2Fv2%2Fcategories&post=201827"},{"taxonomy":"post_tag","embeddable":true,"href":"https:\/\/hakimiyyet.info.az\/index.php?rest_route=%2Fwp%2Fv2%2Ftags&post=201827"}],"curies":[{"name":"wp","href":"https:\/\/api.w.org\/{rel}","templated":true}]}}