{"id":201907,"date":"2026-09-01T13:10:10","date_gmt":"2026-09-01T09:10:10","guid":{"rendered":"https:\/\/hakimiyyet.info.az\/?p=201907"},"modified":"2026-09-01T13:10:11","modified_gmt":"2026-09-01T09:10:11","slug":"dunya-mediasi-prezident-ilham-eliyevin-biskekd%c9%99-nikol-pasinyanla-gorusunu-diqq%c9%99t-m%c9%99rk%c9%99zind%c9%99-saxlayib","status":"publish","type":"post","link":"https:\/\/hakimiyyet.info.az\/?p=201907","title":{"rendered":"D\u00fcnya medias\u0131 Prezident \u0130lham \u018fliyevin Bi\u015fkekd\u0259 Nikol Pa\u015finyanla g\u00f6r\u00fc\u015f\u00fcn\u00fc diqq\u0259t m\u0259rk\u0259zind\u0259 saxlay\u0131b"},"content":{"rendered":"\n<p class=\"has-medium-font-size\"><strong><em>Az\u0259rbaycan Prezidenti \u0130lham \u018fliyevin \u015eanxay \u018fm\u0259kda\u015fl\u0131q T\u0259\u015fkilat\u0131n\u0131n Bi\u015fkekd\u0259 ke\u00e7iril\u0259n Sammiti \u00e7\u0259r\u00e7iv\u0259sind\u0259 Erm\u0259nistan\u0131n Ba\u015f naziri Nikol Pa\u015finyan il\u0259 g\u00f6r\u00fc\u015f\u00fc d\u00fcnyan\u0131n bir s\u0131ra \u00f6lk\u0259l\u0259rinin media qurumlar\u0131n\u0131n diqq\u0259t m\u0259rk\u0259zind\u0259 olub.<\/em><\/strong><\/p>\n\n\n\n<p><a href=\"https:\/\/hakimiyyet.info.az\/\" title=\"Hakimiyyet.info.az\">Hakimiyyet.info.az<\/a>\u00a0x\u0259b\u0259r verir ki, yay\u0131mlanan x\u0259b\u0259rl\u0259rd\u0259 bu g\u00f6r\u00fc\u015f Az\u0259rbaycan-Erm\u0259nistan m\u00fcnasib\u0259tl\u0259rinin normalla\u015fd\u0131r\u0131lmas\u0131 v\u0259 davaml\u0131 s\u00fclh\u00fcn m\u00f6hk\u0259ml\u0259ndirilm\u0259si bax\u0131m\u0131ndan m\u00fch\u00fcm add\u0131m kimi qiym\u0259tl\u0259ndirilib, t\u0259r\u0259fl\u0259r aras\u0131nda birba\u015fa siyasi dialoqun v\u0259 praktiki \u0259m\u0259kda\u015fl\u0131\u011f\u0131n davam etdirilm\u0259si, x\u00fcsusil\u0259 n\u0259qliyyat, ticar\u0259t v\u0259 regional ba\u011flant\u0131l\u0131l\u0131\u011f\u0131n inki\u015faf\u0131 \u00f6n\u0259 \u00e7\u0259kilib.<\/p>\n\n\n\n<p>T\u00fcrkiy\u0259nin&nbsp;<strong>Anadolu agentliyinin<\/strong>&nbsp;m\u0259lumat\u0131nda bu g\u00f6r\u00fc\u015f Az\u0259rbaycan-Erm\u0259nistan m\u00fcnasib\u0259tl\u0259rinin normalla\u015fmas\u0131 prosesinin praktiki m\u0259rh\u0259l\u0259y\u0259 ke\u00e7m\u0259sinin g\u00f6st\u0259ricisi kimi d\u0259y\u0259rl\u0259ndirilib. G\u00f6r\u00fc\u015fd\u0259 liderl\u0259rin birba\u015fa siyasi dialoqun davam etdirilm\u0259si il\u0259 yana\u015f\u0131, enerji, ticar\u0259t, tranzit v\u0259 s\u0259rh\u0259dl\u0259rin delimitasiyas\u0131 \u00fczr\u0259 konkret \u0259m\u0259kda\u015fl\u0131q istiqam\u0259tl\u0259rini m\u00fczakir\u0259 etdikl\u0259ri vur\u011fulan\u0131b. Bu bax\u0131mdan, x\u00fcsusil\u0259 TRIPP mar\u015frutunun icras\u0131, qar\u015f\u0131l\u0131ql\u0131 y\u00fck v\u0259 enerji ax\u0131nlar\u0131n\u0131n geni\u015fl\u0259ndirilm\u0259sinin regional ba\u011flant\u0131l\u0131l\u0131\u011f\u0131n v\u0259 iqtisadi inteqrasiyan\u0131n normalla\u015fma prosesinin \u0259sas dayaqlar\u0131ndan birin\u0259 \u00e7evrildiyi qeyd olunub.<\/p>\n\n\n\n<p>Qarda\u015f \u00f6lk\u0259d\u0259 yay\u0131mlanan<strong>&nbsp;\u201cT\u00fcrkiye Gazetesi\u201d, \u201cSon Dakika\u201d, \u201cTRT Avaz\u201d, \u201cH\u00fcrriyet\u201d, \u201cSaray Medya\u201d, \u201cYeni \u015eafak\u201d, \u201cEnsonhaber\u201d, \u201cYeni Akit\u201d, \u201cTakvim\u201d, \u201cBeng\u00fc T\u00fcrk\u201d, \u201c\u0130lke\u201d x\u0259b\u0259r agentliyi, \u201cCGTN T\u00fcrk\u201d, \u201cNew Turk Post\u201d<\/strong>&nbsp;v\u0259&nbsp;<strong>TRT<\/strong>-nin \u0259r\u0259bdilli versiyas\u0131 da bu g\u00f6r\u00fc\u015f bar\u0259d\u0259 oxucular\u0131na \u0259hat\u0259li m\u0259lumatlar \u00e7atd\u0131r\u0131b.<\/p>\n\n\n\n<p>Rusiyan\u0131n&nbsp;<strong>TASS agentliyi, \u201cKommersant\u201d, \u201cKomsomolskaya Pravda\u201d, \u201cNezavisimaya Gazeta\u201d, \u201cInterfax\u201d, \u201cVesti.ru\u201d, \u201cIzvestiya\u201d, \u201cRIA Novosti\u201d, \u201cTopwar.ru\u201d, \u201cNews.ru\u201d, \u201cVesti Kavkaza\u201d, \u201cLenta News\u201d<\/strong>&nbsp;n\u0259\u015frl\u0259rinin Az\u0259rbaycan\u0131n v\u0259 Erm\u0259nistan\u0131n liderl\u0259rinin g\u00f6r\u00fc\u015f\u00fcn\u0259 dair materiallar\u0131nda \u0259sas diqq\u0259t Az\u0259rbaycan-Erm\u0259nistan m\u00fcnasib\u0259tl\u0259rinin normalla\u015fd\u0131r\u0131lmas\u0131, s\u00fclh prosesinin m\u00f6hk\u0259ml\u0259ndirilm\u0259si v\u0259 t\u0259r\u0259fl\u0259r aras\u0131nda birba\u015fa dialoqun davam etdirilm\u0259sin\u0259 y\u00f6n\u0259ldilib. X\u0259b\u0259rl\u0259rd\u0259, x\u00fcsusil\u0259 TRIPP mar\u015frutunun h\u0259yata ke\u00e7irilm\u0259si, n\u0259qliyyat \u0259laq\u0259l\u0259rinin inki\u015faf\u0131 v\u0259 Az\u0259rbaycan il\u0259 Erm\u0259nistan aras\u0131nda iqtisadii-ticari m\u00fcnasib\u0259tl\u0259rin qurulmas\u0131 \u00f6n\u0259 \u00e7\u0131xar\u0131l\u0131b. Bundan ba\u015fqa, b\u0259zi n\u0259\u015frl\u0259rin x\u0259b\u0259rl\u0259rind\u0259 Az\u0259rbaycan\u0131n neft m\u0259hsullar\u0131n\u0131n Erm\u0259nistana ixrac\u0131 v\u0259 tranzit m\u0259s\u0259l\u0259l\u0259rin\u0259 d\u0259 x\u00fcsusi yer verilib.<\/p>\n\n\n\n<p>G\u00fcrc\u00fcstan\u0131n&nbsp;<strong>\u201cNewshub Georgia\u201d, \u201c1TV\u201d, \u201cNetgazeti\u201d, \u201cBM.ge\u201d, \u201cRadio Tavisupleba\u201d, \u201cInterpressnews\u201d, \u201cResonance Daily\u201d, \u201cInfo9\u201d, \u201cPrimeTime\u201d, \u201cOn.ge\u201d, \u201cCentral Asia\u201d<\/strong>&nbsp;v\u0259 dig\u0259r media resurslar\u0131nda Prezident \u0130lham \u018fliyevin v\u0259 Ba\u015f nazir Nikol Pa\u015finyan\u0131n Bi\u015fkek g\u00f6r\u00fc\u015f\u00fcn\u0259 geni\u015f yer verilib. Materiallarda g\u00f6r\u00fc\u015f 2025-ci ilin avqustunda Va\u015finqtondak\u0131 S\u00fclh Sammitind\u0259 \u0259ld\u0259 olunmu\u015f raz\u0131la\u015fmalar\u0131n davam\u0131 kimi t\u0259qdim edilib, t\u0259r\u0259fl\u0259rin s\u00fclh prosesinin m\u00f6hk\u0259ml\u0259ndirilm\u0259si, d\u00f6vl\u0259tl\u0259raras\u0131 m\u00fcnasib\u0259tl\u0259rin normalla\u015fd\u0131r\u0131lmas\u0131 v\u0259 qar\u015f\u0131l\u0131ql\u0131 etimad\u0131n art\u0131r\u0131lmas\u0131 istiqam\u0259tind\u0259 birba\u015fa t\u0259maslar\u0131 davam etdirm\u0259k bar\u0259d\u0259 raz\u0131l\u0131\u011fa g\u0259ldikl\u0259ri vur\u011fulan\u0131b. G\u00fcrc\u00fc medias\u0131, x\u00fcsusil\u0259 Az\u0259rbaycandan neft m\u0259hsullar\u0131n\u0131n Erm\u0259nistana ixrac\u0131, Az\u0259rbaycan \u0259razisind\u0259n \u00fc\u00e7\u00fcnc\u00fc \u00f6lk\u0259l\u0259r\u0259 v\u0259 Erm\u0259nistana y\u00fckda\u015f\u0131malar\u0131n geni\u015fl\u0259ndirilm\u0259si, el\u0259c\u0259 d\u0259 TRIPP mar\u015frutunun h\u0259yata ke\u00e7irilm\u0259si il\u0259 ba\u011fl\u0131 praktiki add\u0131mlar\u0131 s\u00fclh prosesinin iqtisadi v\u0259 regional ba\u011flant\u0131l\u0131l\u0131q komponenti kimi \u00f6n\u0259 \u00e7\u0131xar\u0131b. Eyni zamanda, s\u0259rh\u0259din delimitasiyas\u0131 \u00fczr\u0259 d\u00f6vl\u0259t komissiyalar\u0131n\u0131n f\u0259aliyy\u0259tinin davam etdirilm\u0259si, parlament v\u0259 v\u0259t\u0259nda\u015f c\u0259miyy\u0259ti t\u0259maslar\u0131n\u0131n geni\u015fl\u0259ndirilm\u0259si s\u00fclh\u00fcn institusional v\u0259 ictimai \u0259saslar\u0131n\u0131n m\u00f6hk\u0259ml\u0259ndirilm\u0259si bax\u0131m\u0131ndan qeyd olunub.<\/p>\n\n\n\n<p>Az\u0259rbaycan Prezidenti \u0130lham \u018fliyevin v\u0259 Erm\u0259nistan\u0131n Ba\u015f naziri Nikol Pa\u015finyan\u0131n Bi\u015fkekd\u0259ki g\u00f6r\u00fc\u015f\u00fc \u0130ran medias\u0131nda da geni\u015f i\u015f\u0131qland\u0131r\u0131l\u0131b. Bu g\u00f6r\u00fc\u015f qon\u015fu \u00f6lk\u0259nin&nbsp;<strong>\u201cIRNA\u201d, \u201cAkharin Khabar\u201d, \u201cKhabarpu\u201d<\/strong>&nbsp;v\u0259&nbsp;<strong>\u201cVista\u201d<\/strong>&nbsp;media resurslar\u0131nda iki \u00f6lk\u0259 m\u00fcnasib\u0259tl\u0259rinin normalla\u015fd\u0131r\u0131lmas\u0131, s\u00fclh\u00fcn m\u00f6hk\u0259ml\u0259ndirilm\u0259si v\u0259 iqtisadi \u0259m\u0259kda\u015fl\u0131\u011f\u0131n geni\u015fl\u0259ndirilm\u0259si kontekstind\u0259 t\u0259qdim olunub. Materiallarda, x\u00fcsusil\u0259 t\u0259r\u0259fl\u0259r aras\u0131nda iqtisadi-ticari \u0259laq\u0259l\u0259rin inki\u015faf etdirilm\u0259si, n\u0259qliyyat v\u0259 tranzit imkanlar\u0131n\u0131n geni\u015fl\u0259ndirilm\u0259si, el\u0259c\u0259 d\u0259 Va\u015finqtonda \u0259ld\u0259 olunmu\u015f raz\u0131la\u015fmalar\u0131n praktiki m\u00fcst\u0259vid\u0259 davam etdirilm\u0259si diqq\u0259t\u0259 \u00e7atd\u0131r\u0131l\u0131b.<\/p>\n\n\n\n<p>Bu g\u00f6r\u00fc\u015f Q\u0131r\u011f\u0131z\u0131stan medias\u0131n\u0131n da diqq\u0259t m\u0259rk\u0259zind\u0259 olub. Q\u0131r\u011f\u0131z\u0131stan\u0131n&nbsp;<strong>\u201cOpen.kg\u201d, \u201c24.kg\u201d, \u201cCentralAsia.media\u201d<\/strong>&nbsp;v\u0259&nbsp;<strong>\u201cEconomist.kg\u201d<\/strong>&nbsp;media resurslar\u0131nda bu g\u00f6r\u00fc\u015f Az\u0259rbaycan-Erm\u0259nistan m\u00fcnasib\u0259tl\u0259rinin normalla\u015fd\u0131r\u0131lmas\u0131 v\u0259 s\u00fclh\u00fcn m\u00f6hk\u0259ml\u0259ndirilm\u0259si istiqam\u0259tind\u0259 m\u00fch\u00fcm add\u0131m kimi t\u0259qdim olunub, t\u0259r\u0259fl\u0259rin birba\u015fa dialoqu davam etdirm\u0259k v\u0259 \u0259ld\u0259 olunmu\u015f raz\u0131la\u015fmalar\u0131n icras\u0131na diqq\u0259t yetirm\u0259k bar\u0259d\u0259 m\u00f6vqel\u0259ri \u00f6n\u0259 \u00e7\u0131xar\u0131l\u0131b. X\u00fcsusil\u0259 TRIPP mar\u015frutunun h\u0259yata ke\u00e7irilm\u0259si v\u0259 regional n\u0259qliyyat ba\u011flant\u0131lar\u0131n\u0131n inki\u015faf\u0131 il\u0259 ba\u011fl\u0131 m\u0259s\u0259l\u0259l\u0259r vur\u011fulan\u0131b.<\/p>\n\n\n\n<p>Qazax\u0131stan\u0131n<strong>&nbsp;\u201cUlysmedia\u201d<\/strong>&nbsp;v\u0259&nbsp;<strong>\u201cKursiv Media\u201d<\/strong>&nbsp;n\u0259\u015frl\u0259ri is\u0259 g\u00f6r\u00fc\u015f\u00fcn \u0259sas n\u0259tic\u0259sini Az\u0259rbaycan v\u0259 Erm\u0259nistan aras\u0131nda s\u00fclh\u00fcn m\u00f6hk\u0259ml\u0259ndirilm\u0259si v\u0259 m\u00fcnasib\u0259tl\u0259rin normalla\u015fd\u0131r\u0131lmas\u0131 il\u0259 \u0259laq\u0259l\u0259ndirib. X\u0259b\u0259rl\u0259rd\u0259 t\u0259r\u0259fl\u0259rin birba\u015fa siyasi dialoqu davam etdirm\u0259k niyy\u0259ti il\u0259 yana\u015f\u0131, TRIPP mar\u015frutunun realla\u015fd\u0131r\u0131lmas\u0131 v\u0259 regional iqtisadi-n\u0259qliyyat \u0259laq\u0259l\u0259rinin geni\u015fl\u0259ndirilm\u0259si d\u0259 diqq\u0259t\u0259 \u00e7atd\u0131r\u0131l\u0131b.<\/p>\n\n\n\n<p>Fransada yay\u0131mlanan&nbsp;<strong>\u201cLa Gazette du Caucase\u201d<\/strong>&nbsp;n\u0259\u015fri g\u00f6r\u00fc\u015f\u00fc Az\u0259rbaycan-Erm\u0259nistan m\u00fcnasib\u0259tl\u0259rinin normalla\u015fd\u0131r\u0131lmas\u0131 v\u0259 davaml\u0131 s\u00fclh\u00fcn t\u0259min olunmas\u0131 istiqam\u0259tind\u0259 n\u00f6vb\u0259ti t\u0259mas kimi t\u0259qdim edib. Materialda t\u0259r\u0259fl\u0259rin birba\u015fa dialoqu davam etdirm\u0259k v\u0259 \u0259ld\u0259 olunmu\u015f raz\u0131la\u015fmalar\u0131n praktiki icras\u0131na y\u00f6n\u0259lm\u0259k niyy\u0259ti \u00f6n\u0259 \u00e7\u0131xar\u0131l\u0131b.<\/p>\n\n\n\n<p>\u0130sve\u00e7r\u0259nin&nbsp;<strong>\u201cSwissinfo.ch\u201d<\/strong>&nbsp;platformas\u0131nda is\u0259 g\u00f6r\u00fc\u015f t\u0259r\u0259fl\u0259rin davaml\u0131 s\u00fclh\u00fcn b\u0259rq\u0259rar olmas\u0131 \u00fc\u00e7\u00fcn s\u0259yl\u0259ri davam etdirm\u0259k bar\u0259d\u0259 raz\u0131l\u0131\u011f\u0131 kontekstind\u0259 i\u015f\u0131qland\u0131r\u0131l\u0131b. X\u0259b\u0259rd\u0259 birba\u015fa siyasi dialoqun qorunub saxlan\u0131lmas\u0131 v\u0259 davam etdirilm\u0259si, el\u0259c\u0259 d\u0259 Az\u0259rbaycan-Erm\u0259nistan m\u00fcnasib\u0259tl\u0259rinin normalla\u015fd\u0131r\u0131lmas\u0131 prosesinin davam etdirilm\u0259si \u0259sas m\u0259qamlar kimi qeyd olunub.<\/p>\n\n\n\n<p>Pol\u015fan\u0131n&nbsp;<strong>\u201cKresy.pl\u201d<\/strong>&nbsp;n\u0259\u015fri g\u00f6r\u00fc\u015f\u00fcn \u0259sas n\u0259tic\u0259sini Az\u0259rbaycan v\u0259 Erm\u0259nistan liderl\u0259rinin g\u0259l\u0259c\u0259kd\u0259 d\u0259 birba\u015fa dan\u0131\u015f\u0131qlar\u0131 davam etdirm\u0259k irad\u0259sini t\u0259sdiql\u0259m\u0259si kimi t\u0259qdim edib. Materialda bu t\u0259maslar\u0131n iki \u00f6lk\u0259 aras\u0131nda s\u00fclh prosesinin ir\u0259lil\u0259dilm\u0259si bax\u0131m\u0131ndan \u0259h\u0259miyy\u0259ti vur\u011fulan\u0131b.<\/p>\n\n\n\n<p>Tayvan\u0131n&nbsp;<strong>\u201cCapital Futures\u201d<\/strong>&nbsp;platformas\u0131nda yay\u0131mlanan x\u0259b\u0259rd\u0259 \u0259sas diqq\u0259t liderl\u0259rin Bi\u015fkekd\u0259 g\u00f6r\u00fc\u015fm\u0259si v\u0259 Az\u0259rbaycan il\u0259 Erm\u0259nistan aras\u0131nda s\u00fclh prosesinin davam etdirilm\u0259si bar\u0259d\u0259 raz\u0131l\u0131\u011fa g\u0259lm\u0259l\u0259rin\u0259 y\u00f6n\u0259lib.<\/p>\n\n\n\n<p>Beyn\u0259lxalq media v\u0259 analitik x\u0259b\u0259r resurslar\u0131nda da bu g\u00f6r\u00fc\u015f bar\u0259d\u0259 \u0259trafl\u0131 s\u00f6hb\u0259t a\u00e7\u0131l\u0131b.&nbsp;<strong>\u201cCommonspace.eu\u201d<\/strong>&nbsp;v\u0259&nbsp;<strong>\u201cIntelliNews\u201d<\/strong>&nbsp;n\u0259\u015frl\u0259rinin materiallar\u0131nda bu g\u00f6r\u00fc\u015f Az\u0259rbaycan il\u0259 Erm\u0259nistan aras\u0131nda s\u00fclh prosesinin n\u00f6vb\u0259ti m\u0259rh\u0259l\u0259si kimi qiym\u0259tl\u0259ndirilib. N\u0259\u015frl\u0259r t\u0259r\u0259fl\u0259rin davaml\u0131 s\u00fclh\u0259 nail olmaq, m\u00fcnasib\u0259tl\u0259ri normalla\u015fd\u0131rmaq v\u0259 birba\u015fa siyasi dialoqu davam etdirm\u0259k istiqam\u0259tind\u0259 raz\u0131la\u015fmalar\u0131n\u0131 \u00f6n plana \u00e7\u0131xar\u0131b, s\u00fclh prosesinin ir\u0259lil\u0259dilm\u0259si bax\u0131m\u0131ndan g\u00f6r\u00fc\u015f\u00fcn \u0259h\u0259miyy\u0259tini x\u00fcsusi vur\u011fulay\u0131b.<\/p>\n","protected":false},"excerpt":{"rendered":"<p>Az\u0259rbaycan Prezidenti \u0130lham \u018fliyevin \u015eanxay \u018fm\u0259kda\u015fl\u0131q T\u0259\u015fkilat\u0131n\u0131n Bi\u015fkekd\u0259 ke\u00e7iril\u0259n Sammiti \u00e7\u0259r\u00e7iv\u0259sind\u0259 Erm\u0259nistan\u0131n Ba\u015f naziri Nikol Pa\u015finyan il\u0259 g\u00f6r\u00fc\u015f\u00fc d\u00fcnyan\u0131n bir&hellip;<\/p>\n","protected":false},"author":2,"featured_media":201908,"comment_status":"closed","ping_status":"closed","sticky":false,"template":"","format":"standard","meta":{"om_disable_all_campaigns":false,"_monsterinsights_skip_tracking":false,"_uf_show_specific_survey":0,"_uf_disable_surveys":false,"footnotes":""},"categories":[23,47,2,5],"tags":[],"aioseo_notices":[],"_links":{"self":[{"href":"https:\/\/hakimiyyet.info.az\/index.php?rest_route=\/wp\/v2\/posts\/201907"}],"collection":[{"href":"https:\/\/hakimiyyet.info.az\/index.php?rest_route=\/wp\/v2\/posts"}],"about":[{"href":"https:\/\/hakimiyyet.info.az\/index.php?rest_route=\/wp\/v2\/types\/post"}],"author":[{"embeddable":true,"href":"https:\/\/hakimiyyet.info.az\/index.php?rest_route=\/wp\/v2\/users\/2"}],"replies":[{"embeddable":true,"href":"https:\/\/hakimiyyet.info.az\/index.php?rest_route=%2Fwp%2Fv2%2Fcomments&post=201907"}],"version-history":[{"count":1,"href":"https:\/\/hakimiyyet.info.az\/index.php?rest_route=\/wp\/v2\/posts\/201907\/revisions"}],"predecessor-version":[{"id":201909,"href":"https:\/\/hakimiyyet.info.az\/index.php?rest_route=\/wp\/v2\/posts\/201907\/revisions\/201909"}],"wp:featuredmedia":[{"embeddable":true,"href":"https:\/\/hakimiyyet.info.az\/index.php?rest_route=\/wp\/v2\/media\/201908"}],"wp:attachment":[{"href":"https:\/\/hakimiyyet.info.az\/index.php?rest_route=%2Fwp%2Fv2%2Fmedia&parent=201907"}],"wp:term":[{"taxonomy":"category","embeddable":true,"href":"https:\/\/hakimiyyet.info.az\/index.php?rest_route=%2Fwp%2Fv2%2Fcategories&post=201907"},{"taxonomy":"post_tag","embeddable":true,"href":"https:\/\/hakimiyyet.info.az\/index.php?rest_route=%2Fwp%2Fv2%2Ftags&post=201907"}],"curies":[{"name":"wp","href":"https:\/\/api.w.org\/{rel}","templated":true}]}}