{"id":201927,"date":"2026-09-01T13:53:05","date_gmt":"2026-09-01T09:53:05","guid":{"rendered":"https:\/\/hakimiyyet.info.az\/?p=201927"},"modified":"2026-09-01T13:53:06","modified_gmt":"2026-09-01T09:53:06","slug":"bmt-nin-bes-xususi-m%c9%99ruz%c9%99cisi-fransadan-izahat-t%c9%99l%c9%99b-edir","status":"publish","type":"post","link":"https:\/\/hakimiyyet.info.az\/?p=201927","title":{"rendered":"BMT-nin be\u015f x\u00fcsusi m\u0259ruz\u0259\u00e7isi Fransadan izahat t\u0259l\u0259b edir"},"content":{"rendered":"\n<p class=\"has-medium-font-size\"><strong><em>BMT-nin be\u015f x\u00fcsusi m\u0259ruz\u0259\u00e7isi Avropa Parlamentinin deputat\u0131, \u201c\u018fyilm\u0259z Fransa\u201d (La France insoumise LFI) partiyas\u0131n\u0131n \u00fczv\u00fc Rima Hassanla ba\u011fl\u0131 Fransada apar\u0131lan m\u0259hk\u0259m\u0259 prosedurlar\u0131 il\u0259 \u0259laq\u0259dar h\u00f6kum\u0259t\u0259 r\u0259smi m\u00fcraci\u0259t edib.<\/em><\/strong><\/p>\n\n\n\n<p><a href=\"https:\/\/hakimiyyet.info.az\/\" title=\"Hakimiyyet.info.az\u00a0\">Hakimiyyet.info.az\u00a0<\/a>x\u0259b\u0259r verir ki, bu bar\u0259d\u0259 LFI yayd\u0131\u011f\u0131 a\u00e7\u0131qlamada bildirib. Partiyan\u0131n m\u0259lumat\u0131na g\u00f6r\u0259, BMT ekspertl\u0259ri Rima Hassan\u0131n ictimai m\u00f6vqeyinin ictimai debat v\u0259 \u00fcmumi maraq do\u011furan m\u0259s\u0259l\u0259l\u0259r \u00e7\u0259r\u00e7iv\u0259sind\u0259 oldu\u011funu vur\u011fulay\u0131blar.<\/p>\n\n\n\n<p>LFI-nin m\u0259lumat\u0131na g\u00f6r\u0259, m\u0259ruz\u0259\u00e7il\u0259r deputat bar\u0259sind\u0259 \u00e7oxsayl\u0131 ara\u015fd\u0131rmalar\u0131n apar\u0131lmas\u0131ndan, bu ara\u015fd\u0131rmalar\u0131n dem\u0259k olar ki, ham\u0131s\u0131n\u0131n n\u0259tic\u0259siz ba\u015fa \u00e7atmas\u0131ndan, t\u0259krar dindirm\u0259l\u0259rd\u0259n v\u0259 polis n\u0259zar\u0259tind\u0259 saxlan\u0131lmas\u0131ndan narahatl\u0131q ifad\u0259 edibl\u0259r.<\/p>\n\n\n\n<p>Ekspertl\u0259r bu t\u0259dbirl\u0259rin m\u0259hk\u0259m\u0259 v\u0259 siyasi t\u0259qib xarakteri da\u015f\u0131ya bil\u0259c\u0259yini bildiribl\u0259r. Onlar\u0131n fikrinc\u0259, bu hallar ifad\u0259 v\u0259 fikir azadl\u0131\u011f\u0131, \u015f\u0259xsi h\u0259yat\u0131n toxunulmazl\u0131\u011f\u0131, s\u0259rb\u0259st topla\u015fmaq azadl\u0131\u011f\u0131, b\u0259rab\u0259rlik v\u0259 ayr\u0131-se\u00e7kiliy\u0259 yol verilm\u0259m\u0259si, el\u0259c\u0259 d\u0259 ictimai h\u0259yatda i\u015ftirak h\u00fcququ da daxil olmaqla, bir s\u0131ra insan h\u00fcquqlar\u0131n\u0131n pozulmas\u0131na s\u0259b\u0259b ola bil\u0259r.<\/p>\n\n\n\n<p>M\u0259ruz\u0259\u00e7il\u0259r Fransada F\u0259l\u0259stin xalq\u0131n\u0131n h\u00fcquqlar\u0131n\u0131 m\u00fcdafi\u0259 ed\u0259n \u015f\u0259xsl\u0259r\u0259 qar\u015f\u0131 t\u0259zyiql\u0259rin artmas\u0131ndan da narahat olduqlar\u0131n\u0131 bildiribl\u0259r. Onlar\u0131n fikrinc\u0259, terror\u00e7ulu\u011fun t\u0259bli\u011fi il\u0259 ba\u011fl\u0131 h\u00fcquqi m\u00fcdd\u0259alardan istifad\u0259nin geni\u015fl\u0259nm\u0259si, h\u0259tta m\u0259hkumluqla n\u0259tic\u0259l\u0259nm\u0259diyi hallarda bel\u0259, ifad\u0259 azadl\u0131\u011f\u0131na v\u0259 demokratik pl\u00fcralizm\u0259 \u00e7\u0259kindirici t\u0259sir g\u00f6st\u0259r\u0259 bil\u0259r.<\/p>\n\n\n\n<p><strong>Fransadan r\u0259smi izahat t\u0259l\u0259b olunur<\/strong><\/p>\n\n\n\n<p>BMT m\u0259ruz\u0259\u00e7il\u0259ri Fransa h\u00f6kum\u0259tind\u0259n Rima H\u0259s\u0259nin polis n\u0259zar\u0259tind\u0259 saxlan\u0131lmas\u0131n\u0131n \u0259saslar\u0131n\u0131 v\u0259 bu t\u0259dbirin m\u00fct\u0259nasibliyini izah etm\u0259yi, mediaya m\u0259lumat s\u0131zd\u0131r\u0131lmas\u0131 il\u0259 ba\u011fl\u0131 iddialara, t\u0259krar dindirm\u0259l\u0259r\u0259 v\u0259 deputata qar\u015f\u0131 t\u0259tbiq edil\u0259n dig\u0259r n\u0259zar\u0259t t\u0259dbirl\u0259rin\u0259 ayd\u0131nl\u0131q g\u0259tirm\u0259yi t\u0259l\u0259b edibl\u0259r.<\/p>\n\n\n\n<p>Onlar, h\u0259m\u00e7inin Fransadan \u201cterror\u00e7ulu\u011fun t\u0259bli\u011fi\u201d madd\u0259sinin t\u0259krar t\u0259tbiqinin \u00f6lk\u0259nin ifad\u0259 azadl\u0131\u011f\u0131 il\u0259 ba\u011fl\u0131 beyn\u0259lxalq \u00f6hd\u0259likl\u0259rin\u0259 n\u0259 d\u0259r\u0259c\u0259d\u0259 uy\u011fun oldu\u011funu a\u00e7\u0131qlamas\u0131n\u0131 ist\u0259yibl\u0259r.<\/p>\n\n\n\n<p>LFI BMT m\u0259ruz\u0259\u00e7il\u0259rinin m\u00fcraci\u0259tini \u201cFransada h\u00fcquqi d\u00f6vl\u0259tin geril\u0259m\u0259si v\u0259 \u0259dliyy\u0259nin siyasi debatlar\u0131n qar\u015f\u0131s\u0131n\u0131 almaq \u00fc\u00e7\u00fcn al\u0259t\u0259 \u00e7evrilm\u0259si il\u0259 ba\u011fl\u0131 ciddi siyasi x\u0259b\u0259rdarl\u0131q\u201d kimi qiym\u0259tl\u0259ndirib.<\/p>\n","protected":false},"excerpt":{"rendered":"<p>BMT-nin be\u015f x\u00fcsusi m\u0259ruz\u0259\u00e7isi Avropa Parlamentinin deputat\u0131, \u201c\u018fyilm\u0259z Fransa\u201d (La France insoumise LFI) partiyas\u0131n\u0131n \u00fczv\u00fc Rima Hassanla ba\u011fl\u0131 Fransada apar\u0131lan&hellip;<\/p>\n","protected":false},"author":2,"featured_media":201928,"comment_status":"closed","ping_status":"closed","sticky":false,"template":"","format":"standard","meta":{"om_disable_all_campaigns":false,"_monsterinsights_skip_tracking":false,"_uf_show_specific_survey":0,"_uf_disable_surveys":false,"footnotes":""},"categories":[23,9,5],"tags":[],"aioseo_notices":[],"_links":{"self":[{"href":"https:\/\/hakimiyyet.info.az\/index.php?rest_route=\/wp\/v2\/posts\/201927"}],"collection":[{"href":"https:\/\/hakimiyyet.info.az\/index.php?rest_route=\/wp\/v2\/posts"}],"about":[{"href":"https:\/\/hakimiyyet.info.az\/index.php?rest_route=\/wp\/v2\/types\/post"}],"author":[{"embeddable":true,"href":"https:\/\/hakimiyyet.info.az\/index.php?rest_route=\/wp\/v2\/users\/2"}],"replies":[{"embeddable":true,"href":"https:\/\/hakimiyyet.info.az\/index.php?rest_route=%2Fwp%2Fv2%2Fcomments&post=201927"}],"version-history":[{"count":1,"href":"https:\/\/hakimiyyet.info.az\/index.php?rest_route=\/wp\/v2\/posts\/201927\/revisions"}],"predecessor-version":[{"id":201929,"href":"https:\/\/hakimiyyet.info.az\/index.php?rest_route=\/wp\/v2\/posts\/201927\/revisions\/201929"}],"wp:featuredmedia":[{"embeddable":true,"href":"https:\/\/hakimiyyet.info.az\/index.php?rest_route=\/wp\/v2\/media\/201928"}],"wp:attachment":[{"href":"https:\/\/hakimiyyet.info.az\/index.php?rest_route=%2Fwp%2Fv2%2Fmedia&parent=201927"}],"wp:term":[{"taxonomy":"category","embeddable":true,"href":"https:\/\/hakimiyyet.info.az\/index.php?rest_route=%2Fwp%2Fv2%2Fcategories&post=201927"},{"taxonomy":"post_tag","embeddable":true,"href":"https:\/\/hakimiyyet.info.az\/index.php?rest_route=%2Fwp%2Fv2%2Ftags&post=201927"}],"curies":[{"name":"wp","href":"https:\/\/api.w.org\/{rel}","templated":true}]}}