{"id":201933,"date":"2026-09-01T17:03:38","date_gmt":"2026-09-01T13:03:38","guid":{"rendered":"https:\/\/hakimiyyet.info.az\/?p=201933"},"modified":"2026-09-01T17:03:40","modified_gmt":"2026-09-01T13:03:40","slug":"prezident-ilham-eliyev-set-plyus-formatinda-gorusd%c9%99-cixis-edib","status":"publish","type":"post","link":"https:\/\/hakimiyyet.info.az\/?p=201933","title":{"rendered":"Prezident \u0130lham \u018fliyev \u201c\u015e\u018fT plyus\u201d format\u0131nda g\u00f6r\u00fc\u015fd\u0259 \u00e7\u0131x\u0131\u015f edib"},"content":{"rendered":"\n<p class=\"has-medium-font-size\"><strong><em>Sentyabr\u0131n 1-d\u0259 Q\u0131r\u011f\u0131z Respublikas\u0131n\u0131n paytaxt\u0131 Bi\u015fkek \u015f\u0259h\u0259rind\u0259 \u201c\u015e\u018fT plyus\u201d format\u0131nda g\u00f6r\u00fc\u015f ke\u00e7irilib.<\/em><\/strong><\/p>\n\n\n\n<p><a href=\"https:\/\/hakimiyyet.info.az\/\" title=\"Hakimiyyet.info.az\">Hakimiyyet.info.az<\/a> x\u0259b\u0259r verir ki, Az\u0259rbaycan Respublikas\u0131n\u0131n Prezidenti \u0130lham \u018fliyev g\u00f6r\u00fc\u015fd\u0259 i\u015ftirak etm\u0259k \u00fc\u00e7\u00fcn Bi\u015fkekd\u0259ki \u201cIr\u0131s Ordo\u201d Konqres M\u0259rk\u0259zin\u0259 g\u0259ldi.<\/p>\n\n\n\n<p>Q\u0131r\u011f\u0131z Respublikas\u0131n\u0131n Prezidenti Sad\u0131r Japarov Prezident \u0130lham \u018fliyevi, dig\u0259r d\u00f6vl\u0259t v\u0259 h\u00f6kum\u0259t ba\u015f\u00e7\u0131lar\u0131n\u0131 salamlad\u0131.<\/p>\n\n\n\n<p>Sonra \u201c\u015e\u018fT plyus\u201d format\u0131nda ke\u00e7iril\u0259n g\u00f6r\u00fc\u015f\u00fcn i\u015ftirak\u00e7\u0131lar\u0131 birg\u0259 foto \u00e7\u0259kdirdil\u0259r.<\/p>\n\n\n\n<p>D\u00f6vl\u0259timizin ba\u015f\u00e7\u0131s\u0131 t\u0259dbird\u0259 \u00e7\u0131x\u0131\u015f etdi.<\/p>\n\n\n\n<p><strong>Prezident \u0130lham \u018fliyevin&nbsp;<\/strong><strong>\u00e7\u0131x\u0131\u015f\u0131<\/strong><\/p>\n\n\n\n<p>-H\u00f6rm\u0259tli Sad\u0131r Nurqojoyevi\u00e7.<\/p>\n\n\n\n<p>H\u00f6rm\u0259tli d\u00f6vl\u0259t ba\u015f\u00e7\u0131lar\u0131.<\/p>\n\n\n\n<p>Xan\u0131mlar v\u0259 c\u0259nablar.<\/p>\n\n\n\n<p>\u018fvv\u0259lc\u0259 Q\u0131r\u011f\u0131z Respublikas\u0131n\u0131n Prezidentin\u0259 d\u0259v\u0259t\u0259 v\u0259 qonaqp\u0259rv\u0259rliy\u0259 g\u00f6r\u0259 minn\u0259tdarl\u0131\u011f\u0131m\u0131 bildirir\u0259m.<\/p>\n\n\n\n<p>Qarda\u015f Q\u0131r\u011f\u0131z\u0131stana yenid\u0259n s\u0259f\u0259r etm\u0259kd\u0259n m\u0259mnunam. Bir ay \u00f6nc\u0259 d\u00f6vl\u0259t s\u0259f\u0259rim zaman\u0131 m\u00fctt\u0259fiqlik m\u00fcnasib\u0259tl\u0259ri haqq\u0131nda M\u00fcqavil\u0259 imzaland\u0131. H\u0259min tarixi s\u0259n\u0259d Az\u0259rbaycanla Q\u0131r\u011f\u0131z\u0131stan aras\u0131nda m\u00fcnasib\u0259tl\u0259ri \u0259n y\u00fcks\u0259k s\u0259viyy\u0259y\u0259 qald\u0131rd\u0131.<\/p>\n\n\n\n<p>M\u0259n f\u00fcrs\u0259td\u0259n istifad\u0259 ed\u0259r\u0259k \u00f6lk\u0259nin sosial-iqtisadi inki\u015faf\u0131nda \u0259ld\u0259 edilmi\u015f u\u011furlar, onun beyn\u0259lxalq al\u0259md\u0259 n\u00fcfuzunun g\u00fccl\u0259ndirilm\u0259si m\u00fcnasib\u0259til\u0259 Prezidenti v\u0259 Q\u0131r\u011f\u0131z\u0131stan xalq\u0131n\u0131 t\u0259brik etm\u0259k ist\u0259rdim. Q\u0131r\u011f\u0131z\u0131stan\u0131n 2027-2028-ci ill\u0259r \u00fc\u00e7\u00fcn BMT-nin T\u0259hl\u00fck\u0259sizlik \u015euras\u0131n\u0131n qeyri-daimi \u00fczv\u00fc se\u00e7ilm\u0259si beyn\u0259lxalq ictimaiyy\u0259tin Q\u0131r\u011f\u0131z\u0131stan\u0131n siyas\u0259tin\u0259 verdiyi d\u0259st\u0259yi n\u00fcmayi\u015f etdirir.<\/p>\n\n\n\n<p>Bir ild\u0259n bir az \u00e7ox m\u00fcdd\u0259t \u0259vv\u0259l Az\u0259rbaycan v\u0259 Erm\u0259nistan s\u00fclh sazi\u015finin m\u0259tnini paraflayaraq 30 illik m\u00fcnaqi\u015f\u0259y\u0259 son qoydular. Bel\u0259likl\u0259, \u00e7oxillik m\u00fcnaqi\u015f\u0259 zonas\u0131 olmu\u015f C\u0259nubi Qafqaz b\u00f6lg\u0259si s\u00fclh zonas\u0131na \u00e7evrilm\u0259kd\u0259dir.<\/p>\n\n\n\n<p>BMT T\u0259hl\u00fck\u0259sizlik \u015euras\u0131n\u0131n 1993-c\u00fc ild\u0259 q\u0259bul edilmi\u015f d\u00f6rd q\u0259tnam\u0259si 30 ild\u0259n sonra, \u00fc\u00e7 il \u0259vv\u0259l icra edildi. Az\u0259rbaycan art\u0131q Erm\u0259nistana neft m\u0259hsullar\u0131 t\u0259dar\u00fck edir v\u0259 \u00fc\u00e7\u00fcnc\u00fc \u00f6lk\u0259l\u0259rin y\u00fckl\u0259rinin tranzitini t\u0259min edir. Erm\u0259nistanla birlikd\u0259 qar\u015f\u0131l\u0131ql\u0131 ticar\u0259tin h\u0259cminin art\u0131r\u0131lmas\u0131, onun nomenklaturas\u0131n\u0131n geni\u015fl\u0259ndirilm\u0259si v\u0259 yeni yer\u00fcst\u00fc n\u0259qliyyat kommunikasiyalar\u0131n\u0131n yarad\u0131lmas\u0131 \u00fcz\u0259rind\u0259 \u00e7al\u0131\u015f\u0131r\u0131q. Lakin t\u0259\u0259ss\u00fcf ki, BMT bu q\u0259tnam\u0259l\u0259rin icras\u0131nda he\u00e7 bir rol oynamay\u0131b. Az\u0259rbaycan \u00f6z suverenliyini v\u0259 \u0259razi b\u00fct\u00f6vl\u00fcy\u00fcn\u00fc tamamil\u0259 \u00f6z\u00fc b\u0259rpa edib. BMT T\u0259hl\u00fck\u0259sizlik \u015euras\u0131n\u0131n q\u0259tnam\u0259l\u0259rinin q\u0131sa m\u00fcdd\u0259td\u0259 icras\u0131 \u00fc\u00e7\u00fcn m\u00fcvafiq mexanizml\u0259rin haz\u0131rlanmas\u0131 t\u0259l\u0259b olunur. Bu h\u0259yata ke\u00e7iril\u0259rs\u0259, BMT-nin n\u00fcfuzunun v\u0259 t\u0259\u015fkilat\u0131n m\u00fcnaqi\u015f\u0259l\u0259rin nizamlanmas\u0131ndak\u0131 rolunun artmas\u0131na xidm\u0259t ed\u0259r. Son vaxtlara q\u0259d\u0259r d\u00f6rd il \u0259rzind\u0259 Qo\u015fulmama H\u0259r\u0259kat\u0131na r\u0259hb\u0259rlik etmi\u015f Az\u0259rbaycan bundan sonra da beyn\u0259lxalq m\u0259s\u0259l\u0259l\u0259rd\u0259 \u00e7oxt\u0259r\u0259flilik prinsipl\u0259rinin m\u00f6hk\u0259ml\u0259ndirilm\u0259sin\u0259 \u00f6z t\u00f6hf\u0259sini ver\u0259c\u0259k.<\/p>\n\n\n\n<p>Diqq\u0259tiniz\u0259 g\u00f6r\u0259 minn\u0259tdaram.<\/p>\n\n\n\n<p><strong>Q\u0131r\u011f\u0131z\u0131stan Prezidenti Sad\u0131r Japarov:<\/strong>\u00a0H\u00f6rm\u0259tli \u0130lham Heyd\u0259r o\u011flu, bu q\u0259d\u0259r \u0259hat\u0259li \u00e7\u0131x\u0131\u015f\u0131n\u0131za g\u00f6r\u0259 Siz\u0259 \u00e7ox t\u0259\u015f\u0259kk\u00fcr edir\u0259m. M\u0259hz bel\u0259 geni\u015f dialoq \u0259dal\u0259tli, \u00e7oxq\u00fctbl\u00fc d\u00fcnyan\u0131n formala\u015fd\u0131r\u0131lmas\u0131 \u00fc\u00e7\u00fcn z\u0259ruridir.<\/p>\n\n\n\n<figure class=\"wp-block-image size-large\"><img decoding=\"async\" loading=\"lazy\" width=\"1024\" height=\"694\" src=\"https:\/\/hakimiyyet.info.az\/wp-content\/uploads\/2026\/09\/SET-plyus-1-2-1024x694.jpg\" alt=\"\" class=\"wp-image-201937\" srcset=\"https:\/\/hakimiyyet.info.az\/wp-content\/uploads\/2026\/09\/SET-plyus-1-2-1024x694.jpg 1024w, https:\/\/hakimiyyet.info.az\/wp-content\/uploads\/2026\/09\/SET-plyus-1-2-300x203.jpg 300w, https:\/\/hakimiyyet.info.az\/wp-content\/uploads\/2026\/09\/SET-plyus-1-2-768x521.jpg 768w, https:\/\/hakimiyyet.info.az\/wp-content\/uploads\/2026\/09\/SET-plyus-1-2-1536x1041.jpg 1536w, https:\/\/hakimiyyet.info.az\/wp-content\/uploads\/2026\/09\/SET-plyus-1-2.jpg 1906w\" sizes=\"(max-width: 1024px) 100vw, 1024px\" \/><\/figure>\n\n\n\n<p><\/p>\n\n\n\n<figure class=\"wp-block-image size-large\"><img decoding=\"async\" loading=\"lazy\" width=\"1024\" height=\"727\" src=\"https:\/\/hakimiyyet.info.az\/wp-content\/uploads\/2026\/09\/SET-plyus-2-1024x727.jpeg\" alt=\"\" class=\"wp-image-201938\" srcset=\"https:\/\/hakimiyyet.info.az\/wp-content\/uploads\/2026\/09\/SET-plyus-2-1024x727.jpeg 1024w, https:\/\/hakimiyyet.info.az\/wp-content\/uploads\/2026\/09\/SET-plyus-2-300x213.jpeg 300w, https:\/\/hakimiyyet.info.az\/wp-content\/uploads\/2026\/09\/SET-plyus-2-768x545.jpeg 768w, https:\/\/hakimiyyet.info.az\/wp-content\/uploads\/2026\/09\/SET-plyus-2-1536x1091.jpeg 1536w, https:\/\/hakimiyyet.info.az\/wp-content\/uploads\/2026\/09\/SET-plyus-2.jpeg 1819w\" sizes=\"(max-width: 1024px) 100vw, 1024px\" \/><\/figure>\n\n\n\n<p><\/p>\n\n\n\n<figure class=\"wp-block-image size-large\"><img decoding=\"async\" loading=\"lazy\" width=\"1024\" height=\"938\" src=\"https:\/\/hakimiyyet.info.az\/wp-content\/uploads\/2026\/09\/SET-plyus-3-1024x938.jpg\" alt=\"\" class=\"wp-image-201939\" srcset=\"https:\/\/hakimiyyet.info.az\/wp-content\/uploads\/2026\/09\/SET-plyus-3-1024x938.jpg 1024w, https:\/\/hakimiyyet.info.az\/wp-content\/uploads\/2026\/09\/SET-plyus-3-300x275.jpg 300w, https:\/\/hakimiyyet.info.az\/wp-content\/uploads\/2026\/09\/SET-plyus-3-768x703.jpg 768w, https:\/\/hakimiyyet.info.az\/wp-content\/uploads\/2026\/09\/SET-plyus-3.jpg 1411w\" sizes=\"(max-width: 1024px) 100vw, 1024px\" \/><\/figure>\n\n\n\n<p><\/p>\n\n\n\n<figure class=\"wp-block-image size-large\"><img decoding=\"async\" loading=\"lazy\" width=\"1024\" height=\"639\" src=\"https:\/\/hakimiyyet.info.az\/wp-content\/uploads\/2026\/09\/SET-plyus-4-1024x639.jpg\" alt=\"\" class=\"wp-image-201940\" srcset=\"https:\/\/hakimiyyet.info.az\/wp-content\/uploads\/2026\/09\/SET-plyus-4-1024x639.jpg 1024w, https:\/\/hakimiyyet.info.az\/wp-content\/uploads\/2026\/09\/SET-plyus-4-300x187.jpg 300w, https:\/\/hakimiyyet.info.az\/wp-content\/uploads\/2026\/09\/SET-plyus-4-768x480.jpg 768w, https:\/\/hakimiyyet.info.az\/wp-content\/uploads\/2026\/09\/SET-plyus-4-1536x959.jpg 1536w, https:\/\/hakimiyyet.info.az\/wp-content\/uploads\/2026\/09\/SET-plyus-4.jpg 1960w\" sizes=\"(max-width: 1024px) 100vw, 1024px\" \/><\/figure>\n\n\n\n<p><\/p>\n\n\n\n<figure class=\"wp-block-image size-large\"><img decoding=\"async\" loading=\"lazy\" width=\"1024\" height=\"683\" src=\"https:\/\/hakimiyyet.info.az\/wp-content\/uploads\/2026\/09\/SET-plyus-5-1024x683.jpg\" alt=\"\" class=\"wp-image-201941\" srcset=\"https:\/\/hakimiyyet.info.az\/wp-content\/uploads\/2026\/09\/SET-plyus-5-1024x683.jpg 1024w, https:\/\/hakimiyyet.info.az\/wp-content\/uploads\/2026\/09\/SET-plyus-5-300x200.jpg 300w, https:\/\/hakimiyyet.info.az\/wp-content\/uploads\/2026\/09\/SET-plyus-5-768x512.jpg 768w, https:\/\/hakimiyyet.info.az\/wp-content\/uploads\/2026\/09\/SET-plyus-5-1536x1024.jpg 1536w, https:\/\/hakimiyyet.info.az\/wp-content\/uploads\/2026\/09\/SET-plyus-5.jpg 1938w\" sizes=\"(max-width: 1024px) 100vw, 1024px\" \/><\/figure>\n","protected":false},"excerpt":{"rendered":"<p>Sentyabr\u0131n 1-d\u0259 Q\u0131r\u011f\u0131z Respublikas\u0131n\u0131n paytaxt\u0131 Bi\u015fkek \u015f\u0259h\u0259rind\u0259 \u201c\u015e\u018fT plyus\u201d format\u0131nda g\u00f6r\u00fc\u015f ke\u00e7irilib. Hakimiyyet.info.az x\u0259b\u0259r verir ki, Az\u0259rbaycan Respublikas\u0131n\u0131n Prezidenti \u0130lham&hellip;<\/p>\n","protected":false},"author":2,"featured_media":201934,"comment_status":"closed","ping_status":"closed","sticky":false,"template":"","format":"standard","meta":{"om_disable_all_campaigns":false,"_monsterinsights_skip_tracking":false,"_uf_show_specific_survey":0,"_uf_disable_surveys":false,"footnotes":""},"categories":[23,2,7,5],"tags":[],"aioseo_notices":[],"_links":{"self":[{"href":"https:\/\/hakimiyyet.info.az\/index.php?rest_route=\/wp\/v2\/posts\/201933"}],"collection":[{"href":"https:\/\/hakimiyyet.info.az\/index.php?rest_route=\/wp\/v2\/posts"}],"about":[{"href":"https:\/\/hakimiyyet.info.az\/index.php?rest_route=\/wp\/v2\/types\/post"}],"author":[{"embeddable":true,"href":"https:\/\/hakimiyyet.info.az\/index.php?rest_route=\/wp\/v2\/users\/2"}],"replies":[{"embeddable":true,"href":"https:\/\/hakimiyyet.info.az\/index.php?rest_route=%2Fwp%2Fv2%2Fcomments&post=201933"}],"version-history":[{"count":1,"href":"https:\/\/hakimiyyet.info.az\/index.php?rest_route=\/wp\/v2\/posts\/201933\/revisions"}],"predecessor-version":[{"id":201942,"href":"https:\/\/hakimiyyet.info.az\/index.php?rest_route=\/wp\/v2\/posts\/201933\/revisions\/201942"}],"wp:featuredmedia":[{"embeddable":true,"href":"https:\/\/hakimiyyet.info.az\/index.php?rest_route=\/wp\/v2\/media\/201934"}],"wp:attachment":[{"href":"https:\/\/hakimiyyet.info.az\/index.php?rest_route=%2Fwp%2Fv2%2Fmedia&parent=201933"}],"wp:term":[{"taxonomy":"category","embeddable":true,"href":"https:\/\/hakimiyyet.info.az\/index.php?rest_route=%2Fwp%2Fv2%2Fcategories&post=201933"},{"taxonomy":"post_tag","embeddable":true,"href":"https:\/\/hakimiyyet.info.az\/index.php?rest_route=%2Fwp%2Fv2%2Ftags&post=201933"}],"curies":[{"name":"wp","href":"https:\/\/api.w.org\/{rel}","templated":true}]}}