{"id":201946,"date":"2026-09-01T17:11:24","date_gmt":"2026-09-01T13:11:24","guid":{"rendered":"https:\/\/hakimiyyet.info.az\/?p=201946"},"modified":"2026-09-01T17:11:26","modified_gmt":"2026-09-01T13:11:26","slug":"qirgizistan-turkiy%c9%99-manas-universitetinin-uc-t%c9%99l%c9%99b%c9%99sinin-bdu-da-t%c9%99hsil-almasi-n%c9%99z%c9%99rd%c9%99-tutulur","status":"publish","type":"post","link":"https:\/\/hakimiyyet.info.az\/?p=201946","title":{"rendered":"Q\u0131r\u011f\u0131z\u0131stan-T\u00fcrkiy\u0259 Manas Universitetinin \u00fc\u00e7 t\u0259l\u0259b\u0259sinin BDU-da t\u0259hsil almas\u0131 n\u0259z\u0259rd\u0259 tutulur"},"content":{"rendered":"\n<p class=\"has-medium-font-size\"><strong><em>Bak\u0131 D\u00f6vl\u0259t Universiteti (BDU) il\u0259 Q\u0131r\u011f\u0131z\u0131stan universitetl\u0259ri aras\u0131nda \u0259laq\u0259l\u0259r bu il yeni m\u0259rh\u0259l\u0259y\u0259 y\u00fcks\u0259lib.<\/em><\/strong><\/p>\n\n\n\n<p>Universitetd\u0259n&nbsp;<a href=\"https:\/\/azertag.az\/\" target=\"_blank\" rel=\"noreferrer noopener\">AZ\u018fRTAC<\/a>-a bildirilib ki, Q\u0131r\u011f\u0131z\u0131stan\u0131n bir s\u0131ra ali t\u0259hsil m\u00fc\u0259ssis\u0259l\u0259ri il\u0259 m\u00fcxt\u0259lif formatlarda \u0259m\u0259kda\u015fl\u0131q \u0259laq\u0259l\u0259ri m\u00f6vcuddur. Bu s\u0131raya Q\u0131r\u011f\u0131z\u0131stan-T\u00fcrkiy\u0259 Universiteti, Q\u0131r\u011f\u0131z Milli Universiteti, Q\u0131r\u011f\u0131z\u0131stan Beyn\u0259lxalq Universiteti, Q\u0131r\u011f\u0131z \u0130qtisad Universiteti v\u0259 Bi\u015fkek D\u00f6vl\u0259t Universiteti daxildir. Universitetl\u0259raras\u0131 \u0259m\u0259kda\u015fl\u0131q anla\u015fma memorandumlar\u0131, \u0259m\u0259kda\u015fl\u0131q m\u00fcqavil\u0259si v\u0259 \u201cOrhun\u201d m\u00fcbadil\u0259 protokolu \u0259sas\u0131nda h\u0259yata ke\u00e7irilir.<\/p>\n\n\n\n<p>T\u0259l\u0259b\u0259 m\u00fcbadil\u0259si d\u0259 BDU il\u0259 Q\u0131r\u011f\u0131z\u0131stan universitetl\u0259ri aras\u0131nda \u0259m\u0259kda\u015fl\u0131\u011f\u0131n m\u00fch\u00fcm istiqam\u0259tl\u0259rind\u0259n biridir. Haz\u0131rda BDU-da Q\u0131r\u011f\u0131z\u0131standan olan 2 t\u0259l\u0259b\u0259 t\u0259hsil al\u0131r. 2025\u20132026-c\u0131 t\u0259dris ilind\u0259 Q\u0131r\u011f\u0131z\u0131standan 1 t\u0259l\u0259b\u0259 \u201cOrhun\u201d m\u00fcbadil\u0259 proqram\u0131 \u00e7\u0259r\u00e7iv\u0259sind\u0259 BDU-da t\u0259hsil al\u0131b. 2026\u20132027-ci t\u0259dris ilind\u0259 is\u0259 Q\u0131r\u011f\u0131z\u0131stan-T\u00fcrkiy\u0259 Manas Universitetinin 3 t\u0259l\u0259b\u0259sinin \u201cOrhun\u201d m\u00fcbadil\u0259 proqram\u0131 \u00e7\u0259r\u00e7iv\u0259sind\u0259 BDU-da t\u0259hsil almas\u0131 n\u0259z\u0259rd\u0259 tutulur.<\/p>\n\n\n\n<p>Xat\u0131rladaq ki, bu ilin fevral\u0131nda Yusif Balasaqunlu ad\u0131na Q\u0131r\u011f\u0131z Milli Universitetinin rektoru Dogdurbek \u00c7ontoyevin r\u0259hb\u0259rlik etdiyi n\u00fcmay\u0259nd\u0259 hey\u0259ti BDU-da olub. G\u00f6r\u00fc\u015f zaman\u0131 t\u0259hsil, elm v\u0259 t\u0259dqiqat sah\u0259l\u0259rind\u0259 \u0259m\u0259kda\u015fl\u0131\u011f\u0131n geni\u015fl\u0259ndirilm\u0259si m\u0259s\u0259l\u0259l\u0259ri m\u00fczakir\u0259 edilib. S\u0259f\u0259r \u00e7\u0259r\u00e7iv\u0259sind\u0259 Q\u0131r\u011f\u0131z Milli Universitetinin rektoru BDU t\u0259l\u0259b\u0259l\u0259ri qar\u015f\u0131s\u0131nda m\u00fchazir\u0259 il\u0259 \u00e7\u0131x\u0131\u015f edib.<\/p>\n\n\n\n<p>May ay\u0131nda is\u0259 BDU il\u0259 M.M. Ad\u0131\u015fev ad\u0131na O\u015f Texnologiya Universiteti aras\u0131nda anla\u015fma memorandumu imzalan\u0131b. Memorandumda t\u0259lim-t\u0259dris prosesinin t\u0259kmill\u0259\u015fdirilm\u0259si v\u0259 beyn\u0259lxalq standartlara uy\u011funla\u015fd\u0131r\u0131lmas\u0131 m\u0259qs\u0259dil\u0259 birg\u0259 layih\u0259l\u0259rin, konfrans, s\u0259rgi, seminar v\u0259 simpoziumlar\u0131n, q\u0131sam\u00fcdd\u0259tli kurs v\u0259 t\u0259liml\u0259rin ke\u00e7irilm\u0259si, h\u0259m\u00e7inin ortaq elmi-t\u0259dqiqatlar\u0131n apar\u0131lmas\u0131 n\u0259z\u0259rd\u0259 tutulur.<\/p>\n","protected":false},"excerpt":{"rendered":"<p>Bak\u0131 D\u00f6vl\u0259t Universiteti (BDU) il\u0259 Q\u0131r\u011f\u0131z\u0131stan universitetl\u0259ri aras\u0131nda \u0259laq\u0259l\u0259r bu il yeni m\u0259rh\u0259l\u0259y\u0259 y\u00fcks\u0259lib. Universitetd\u0259n&nbsp;AZ\u018fRTAC-a bildirilib ki, Q\u0131r\u011f\u0131z\u0131stan\u0131n bir s\u0131ra&hellip;<\/p>\n","protected":false},"author":2,"featured_media":201770,"comment_status":"closed","ping_status":"closed","sticky":false,"template":"","format":"standard","meta":{"om_disable_all_campaigns":false,"_monsterinsights_skip_tracking":false,"_uf_show_specific_survey":0,"_uf_disable_surveys":false,"footnotes":""},"categories":[23,8,2,5],"tags":[],"aioseo_notices":[],"_links":{"self":[{"href":"https:\/\/hakimiyyet.info.az\/index.php?rest_route=\/wp\/v2\/posts\/201946"}],"collection":[{"href":"https:\/\/hakimiyyet.info.az\/index.php?rest_route=\/wp\/v2\/posts"}],"about":[{"href":"https:\/\/hakimiyyet.info.az\/index.php?rest_route=\/wp\/v2\/types\/post"}],"author":[{"embeddable":true,"href":"https:\/\/hakimiyyet.info.az\/index.php?rest_route=\/wp\/v2\/users\/2"}],"replies":[{"embeddable":true,"href":"https:\/\/hakimiyyet.info.az\/index.php?rest_route=%2Fwp%2Fv2%2Fcomments&post=201946"}],"version-history":[{"count":1,"href":"https:\/\/hakimiyyet.info.az\/index.php?rest_route=\/wp\/v2\/posts\/201946\/revisions"}],"predecessor-version":[{"id":201947,"href":"https:\/\/hakimiyyet.info.az\/index.php?rest_route=\/wp\/v2\/posts\/201946\/revisions\/201947"}],"wp:featuredmedia":[{"embeddable":true,"href":"https:\/\/hakimiyyet.info.az\/index.php?rest_route=\/wp\/v2\/media\/201770"}],"wp:attachment":[{"href":"https:\/\/hakimiyyet.info.az\/index.php?rest_route=%2Fwp%2Fv2%2Fmedia&parent=201946"}],"wp:term":[{"taxonomy":"category","embeddable":true,"href":"https:\/\/hakimiyyet.info.az\/index.php?rest_route=%2Fwp%2Fv2%2Fcategories&post=201946"},{"taxonomy":"post_tag","embeddable":true,"href":"https:\/\/hakimiyyet.info.az\/index.php?rest_route=%2Fwp%2Fv2%2Ftags&post=201946"}],"curies":[{"name":"wp","href":"https:\/\/api.w.org\/{rel}","templated":true}]}}