{"id":201960,"date":"2026-09-01T17:35:07","date_gmt":"2026-09-01T13:35:07","guid":{"rendered":"https:\/\/hakimiyyet.info.az\/?p=201960"},"modified":"2026-09-01T17:35:09","modified_gmt":"2026-09-01T13:35:09","slug":"aqta-il%c9%99-iran-nazirliyi-arasinda-gorus-idxal-ixrac-v%c9%99-fitosanitar-n%c9%99zar%c9%99t","status":"publish","type":"post","link":"https:\/\/hakimiyyet.info.az\/?p=201960","title":{"rendered":"AQTA il\u0259 \u0130ran nazirliyi aras\u0131nda g\u00f6r\u00fc\u015f: idxal, ixrac v\u0259 fitosanitar n\u0259zar\u0259t"},"content":{"rendered":"\n<p class=\"has-medium-font-size\"><strong><em>Az\u0259rbaycan Respublikas\u0131n\u0131n Qida T\u0259hl\u00fck\u0259sizliyi Agentliyi (AQTA) il\u0259 \u0130ran K\u0259nd T\u0259s\u0259rr\u00fcfat\u0131 Nazirliyinin n\u00fcmay\u0259nd\u0259l\u0259ri aras\u0131nda onlayn formatda g\u00f6r\u00fc\u015f ke\u00e7irilib.<\/em><\/strong><\/p>\n\n\n\n<p>AQTA-dan&nbsp;<a href=\"https:\/\/azertag.az\/\" target=\"_blank\" rel=\"noreferrer noopener\">AZ\u018fRTAC<\/a>-a bildirilib ki, g\u00f6r\u00fc\u015f zaman\u0131 bitki v\u0259 heyvan sa\u011flaml\u0131\u011f\u0131, baytarl\u0131q v\u0259 fitosanitar n\u0259zar\u0259t\u0259 aid olan m\u0259hsullar\u0131n idxal\u0131 v\u0259 ixrac\u0131 il\u0259 ba\u011fl\u0131 m\u0259s\u0259l\u0259l\u0259r m\u00fczakir\u0259 edilib.<\/p>\n\n\n\n<p>H\u0259m\u00e7inin transs\u0259rh\u0259d heyvan x\u0259st\u0259likl\u0259rinin qar\u015f\u0131s\u0131n\u0131n al\u0131nmas\u0131 v\u0259 birg\u0259 m\u00fcbariz\u0259 t\u0259dbirl\u0259rinin h\u0259yata ke\u00e7irilm\u0259si, qar\u015f\u0131l\u0131ql\u0131 ticar\u0259t v\u0259 tranzit zaman\u0131 fitosanitar n\u0259zar\u0259tin g\u00fccl\u0259ndirilm\u0259si, el\u0259c\u0259 d\u0259 bu sah\u0259l\u0259rd\u0259 \u0259m\u0259kda\u015fl\u0131\u011f\u0131n geni\u015fl\u0259ndirilm\u0259si il\u0259 ba\u011fl\u0131 fikir m\u00fcbadil\u0259si apar\u0131l\u0131b.<\/p>\n","protected":false},"excerpt":{"rendered":"<p>Az\u0259rbaycan Respublikas\u0131n\u0131n Qida T\u0259hl\u00fck\u0259sizliyi Agentliyi (AQTA) il\u0259 \u0130ran K\u0259nd T\u0259s\u0259rr\u00fcfat\u0131 Nazirliyinin n\u00fcmay\u0259nd\u0259l\u0259ri aras\u0131nda onlayn formatda g\u00f6r\u00fc\u015f ke\u00e7irilib. AQTA-dan&nbsp;AZ\u018fRTAC-a bildirilib ki,&hellip;<\/p>\n","protected":false},"author":2,"featured_media":201961,"comment_status":"closed","ping_status":"closed","sticky":false,"template":"","format":"standard","meta":{"om_disable_all_campaigns":false,"_monsterinsights_skip_tracking":false,"_uf_show_specific_survey":0,"_uf_disable_surveys":false,"footnotes":""},"categories":[23,6,2,5],"tags":[],"aioseo_notices":[],"_links":{"self":[{"href":"https:\/\/hakimiyyet.info.az\/index.php?rest_route=\/wp\/v2\/posts\/201960"}],"collection":[{"href":"https:\/\/hakimiyyet.info.az\/index.php?rest_route=\/wp\/v2\/posts"}],"about":[{"href":"https:\/\/hakimiyyet.info.az\/index.php?rest_route=\/wp\/v2\/types\/post"}],"author":[{"embeddable":true,"href":"https:\/\/hakimiyyet.info.az\/index.php?rest_route=\/wp\/v2\/users\/2"}],"replies":[{"embeddable":true,"href":"https:\/\/hakimiyyet.info.az\/index.php?rest_route=%2Fwp%2Fv2%2Fcomments&post=201960"}],"version-history":[{"count":1,"href":"https:\/\/hakimiyyet.info.az\/index.php?rest_route=\/wp\/v2\/posts\/201960\/revisions"}],"predecessor-version":[{"id":201962,"href":"https:\/\/hakimiyyet.info.az\/index.php?rest_route=\/wp\/v2\/posts\/201960\/revisions\/201962"}],"wp:featuredmedia":[{"embeddable":true,"href":"https:\/\/hakimiyyet.info.az\/index.php?rest_route=\/wp\/v2\/media\/201961"}],"wp:attachment":[{"href":"https:\/\/hakimiyyet.info.az\/index.php?rest_route=%2Fwp%2Fv2%2Fmedia&parent=201960"}],"wp:term":[{"taxonomy":"category","embeddable":true,"href":"https:\/\/hakimiyyet.info.az\/index.php?rest_route=%2Fwp%2Fv2%2Fcategories&post=201960"},{"taxonomy":"post_tag","embeddable":true,"href":"https:\/\/hakimiyyet.info.az\/index.php?rest_route=%2Fwp%2Fv2%2Ftags&post=201960"}],"curies":[{"name":"wp","href":"https:\/\/api.w.org\/{rel}","templated":true}]}}