{"id":201976,"date":"2026-09-01T17:55:12","date_gmt":"2026-09-01T13:55:12","guid":{"rendered":"https:\/\/hakimiyyet.info.az\/?p=201976"},"modified":"2026-09-01T17:55:14","modified_gmt":"2026-09-01T13:55:14","slug":"kolumbiyada-fransa-xarici-legionunun-kaprali-ogurlanib","status":"publish","type":"post","link":"https:\/\/hakimiyyet.info.az\/?p=201976","title":{"rendered":"Kolumbiyada Fransa Xarici Legionunun kapral\u0131 o\u011furlan\u0131b"},"content":{"rendered":"\n<p class=\"has-medium-font-size\"><em><strong>Ke\u00e7mi\u015f Kolumbiya \u0130nqilabi Silahl\u0131 Q\u00fcvv\u0259l\u0259rinin (ex-FARC) dissident qruplar\u0131ndan olan \u201cEstado Mayor Central\u201d (EMC) avqustun 6-dan itkin d\u00fc\u015f\u0259n Fransa Xarici Legionunun kolumbiyal\u0131 kapral\u0131 Xose Olger Melo \u00c7arrini o\u011furlad\u0131\u011f\u0131n\u0131 a\u00e7\u0131qlay\u0131b.<\/strong><\/em><\/p>\n\n\n\n<p><a href=\"https:\/\/hakimiyyet.info.az\/\" title=\"Hakimiyyet.info.az\">Hakimiyyet.info.az<\/a>\u00a0x\u0259b\u0259r verir ki, EMC-nin bildirdiyin\u0259 g\u00f6r\u0259, h\u0259rb\u00e7i Narino departamentinin Kumbitara \u0259razisind\u0259 saxlan\u0131l\u0131b v\u0259 sa\u011flam v\u0259ziyy\u0259td\u0259dir. Qrup onu \u201cm\u00fcharib\u0259 \u0259siri\u201d adland\u0131r\u0131b v\u0259 m\u00fcmk\u00fcn h\u0259rbi \u0259m\u0259liyyat\u0131n onun h\u0259yat\u0131n\u0131 t\u0259hl\u00fck\u0259y\u0259 ata bil\u0259c\u0259yi bar\u0259d\u0259 x\u0259b\u0259rdarl\u0131q edib.<\/p>\n\n\n\n<p>Melo \u00c7arri d\u00f6rd il\u0259 yax\u0131nd\u0131r Fransa ordusunun Xarici Legionunda xidm\u0259t edir. O, Kolumbiyada m\u0259zuniyy\u0259td\u0259 olark\u0259n yoxa \u00e7\u0131x\u0131b. Fransa M\u00fcdafi\u0259 Nazirliyi hadis\u0259ni yax\u0131ndan izl\u0259diyini, Kolumbiya hakimiyy\u0259ti is\u0259 ara\u015fd\u0131rma ba\u015flatd\u0131\u011f\u0131n\u0131 bildirib.<\/p>\n\n\n\n<p>\u0130lkin m\u0259lumata g\u00f6r\u0259, h\u0259rb\u00e7i il\u0259 birlikd\u0259 olan qad\u0131n da silahl\u0131 \u015f\u0259xsl\u0259r t\u0259r\u0259find\u0259n apar\u0131l\u0131b, lakin bir ne\u00e7\u0259 saat sonra azad edilib.<\/p>\n","protected":false},"excerpt":{"rendered":"<p>Ke\u00e7mi\u015f Kolumbiya \u0130nqilabi Silahl\u0131 Q\u00fcvv\u0259l\u0259rinin (ex-FARC) dissident qruplar\u0131ndan olan \u201cEstado Mayor Central\u201d (EMC) avqustun 6-dan itkin d\u00fc\u015f\u0259n Fransa Xarici Legionunun&hellip;<\/p>\n","protected":false},"author":2,"featured_media":201977,"comment_status":"closed","ping_status":"closed","sticky":false,"template":"","format":"standard","meta":{"om_disable_all_campaigns":false,"_monsterinsights_skip_tracking":false,"_uf_show_specific_survey":0,"_uf_disable_surveys":false,"footnotes":""},"categories":[23,9,5],"tags":[],"aioseo_notices":[],"_links":{"self":[{"href":"https:\/\/hakimiyyet.info.az\/index.php?rest_route=\/wp\/v2\/posts\/201976"}],"collection":[{"href":"https:\/\/hakimiyyet.info.az\/index.php?rest_route=\/wp\/v2\/posts"}],"about":[{"href":"https:\/\/hakimiyyet.info.az\/index.php?rest_route=\/wp\/v2\/types\/post"}],"author":[{"embeddable":true,"href":"https:\/\/hakimiyyet.info.az\/index.php?rest_route=\/wp\/v2\/users\/2"}],"replies":[{"embeddable":true,"href":"https:\/\/hakimiyyet.info.az\/index.php?rest_route=%2Fwp%2Fv2%2Fcomments&post=201976"}],"version-history":[{"count":1,"href":"https:\/\/hakimiyyet.info.az\/index.php?rest_route=\/wp\/v2\/posts\/201976\/revisions"}],"predecessor-version":[{"id":201978,"href":"https:\/\/hakimiyyet.info.az\/index.php?rest_route=\/wp\/v2\/posts\/201976\/revisions\/201978"}],"wp:featuredmedia":[{"embeddable":true,"href":"https:\/\/hakimiyyet.info.az\/index.php?rest_route=\/wp\/v2\/media\/201977"}],"wp:attachment":[{"href":"https:\/\/hakimiyyet.info.az\/index.php?rest_route=%2Fwp%2Fv2%2Fmedia&parent=201976"}],"wp:term":[{"taxonomy":"category","embeddable":true,"href":"https:\/\/hakimiyyet.info.az\/index.php?rest_route=%2Fwp%2Fv2%2Fcategories&post=201976"},{"taxonomy":"post_tag","embeddable":true,"href":"https:\/\/hakimiyyet.info.az\/index.php?rest_route=%2Fwp%2Fv2%2Ftags&post=201976"}],"curies":[{"name":"wp","href":"https:\/\/api.w.org\/{rel}","templated":true}]}}