{"id":201985,"date":"2026-09-01T18:26:51","date_gmt":"2026-09-01T14:26:51","guid":{"rendered":"https:\/\/hakimiyyet.info.az\/?p=201985"},"modified":"2026-09-01T18:26:52","modified_gmt":"2026-09-01T14:26:52","slug":"daxili-isl%c9%99r-naziri-sumqayitda-v%c9%99t%c9%99ndas-q%c9%99bulu-v%c9%99-sira-baxisi-kecirib","status":"publish","type":"post","link":"https:\/\/hakimiyyet.info.az\/?p=201985","title":{"rendered":"Daxili i\u015fl\u0259r naziri Sumqay\u0131tda v\u0259t\u0259nda\u015f q\u0259bulu v\u0259 s\u0131ra bax\u0131\u015f\u0131 ke\u00e7irib\u00a0"},"content":{"rendered":"\n<p class=\"has-medium-font-size\"><strong><em>Prezident \u0130lham \u018fliyevin tap\u015f\u0131r\u0131\u011f\u0131na v\u0259 b\u00f6lg\u0259l\u0259r \u00fczr\u0259 v\u0259t\u0259nda\u015f q\u0259bulu c\u0259dv\u0259lin\u0259 uy\u011fun olaraq, daxili i\u015fl\u0259r naziri general-polkovnik Vilay\u0259t Eyvazov avqustun 31-d\u0259 v\u0259 sentyabr\u0131n 1-d\u0259 Sumqay\u0131t \u015f\u0259h\u0259rind\u0259 n\u00f6vb\u0259ti v\u0259t\u0259nda\u015f q\u0259bulu ke\u00e7irib.<\/em><\/strong><\/p>\n\n\n\n<p>Bu bar\u0259d\u0259&nbsp;<a href=\"https:\/\/azertag.az\/\" target=\"_blank\" rel=\"noreferrer noopener\">AZ\u018fRTAC<\/a>-a Daxili \u0130\u015fl\u0259r Nazirliyinin m\u0259tbuat xidm\u0259tind\u0259n m\u0259lumat verilib.<\/p>\n\n\n\n<p>Bildirilib ki, nazir \u0259vv\u0259lc\u0259 Sumqay\u0131t \u015f\u0259h\u0259rind\u0259 \u00dcmummilli Lider Heyd\u0259r \u018fliyevin abid\u0259sini ziyar\u0259t ed\u0259r\u0259k \u0259ziz xatir\u0259sini d\u0259rin h\u00f6rm\u0259t v\u0259 ehtiramla an\u0131b.<\/p>\n\n\n\n<p>Daha sonra \u015f\u0259h\u0259r polis idar\u0259sinin inzibati binas\u0131nda q\u0259bula g\u0259l\u0259n 585 v\u0259t\u0259nda\u015f\u0131n m\u00fcxt\u0259lif m\u0259s\u0259l\u0259l\u0259rl\u0259 ba\u011fl\u0131 m\u00fcraci\u0259tl\u0259ri dinl\u0259nilib.<\/p>\n\n\n\n<p>V\u0259t\u0259nda\u015flar\u0131n m\u00fcraci\u0259tl\u0259rinin operativ v\u0259 qanunvericiliyin t\u0259l\u0259bl\u0259rin\u0259 uy\u011fun h\u0259lli, habel\u0259 v\u0259t\u0259nda\u015f m\u0259mnunlu\u011funun t\u0259min olunmas\u0131 m\u0259qs\u0259dil\u0259 nazirliyin aidiyy\u0259ti ba\u015f idar\u0259 v\u0259 idar\u0259 r\u0259isl\u0259rin\u0259 m\u00fcvafiq tap\u015f\u0131r\u0131qlar verilib.<\/p>\n\n\n\n<p>M\u00fcraci\u0259tl\u0259rin b\u00f6y\u00fck \u0259ks\u0259riyy\u0259ti yerind\u0259c\u0259 h\u0259ll olunub, dig\u0259rl\u0259ri n\u0259zar\u0259t\u0259 g\u00f6t\u00fcr\u00fcl\u00fcb.<\/p>\n\n\n\n<p>S\u0259f\u0259r \u00e7\u0259r\u00e7iv\u0259sind\u0259 general-polkovnik Vilay\u0259t Eyvazov polis v\u0259 daxili qo\u015funlarda xidm\u0259t etm\u0259k arzusunda olan g\u0259ncl\u0259rin s\u0131ra bax\u0131\u015f\u0131n\u0131 da ke\u00e7irib.<\/p>\n\n\n\n<p>S\u0131ra bax\u0131\u015f\u0131nda xidm\u0259t\u0259 q\u0259bulun \u015f\u0259rtl\u0259rin\u0259 uy\u011fun g\u0259l\u0259n 458 n\u0259f\u0259r se\u00e7im turunun n\u00f6vb\u0259ti m\u0259rh\u0259l\u0259sin\u0259 burax\u0131l\u0131b.<\/p>\n\n\n\n<figure class=\"wp-block-image size-full\"><img decoding=\"async\" loading=\"lazy\" width=\"945\" height=\"630\" src=\"https:\/\/hakimiyyet.info.az\/wp-content\/uploads\/2026\/09\/Daxili-isl\u0259r-naziri-Sumqayitda-1.jpg\" alt=\"\" class=\"wp-image-201986\" srcset=\"https:\/\/hakimiyyet.info.az\/wp-content\/uploads\/2026\/09\/Daxili-isl\u0259r-naziri-Sumqayitda-1.jpg 945w, https:\/\/hakimiyyet.info.az\/wp-content\/uploads\/2026\/09\/Daxili-isl\u0259r-naziri-Sumqayitda-1-300x200.jpg 300w, https:\/\/hakimiyyet.info.az\/wp-content\/uploads\/2026\/09\/Daxili-isl\u0259r-naziri-Sumqayitda-1-768x512.jpg 768w\" sizes=\"(max-width: 945px) 100vw, 945px\" \/><\/figure>\n\n\n\n<p><\/p>\n\n\n\n<figure class=\"wp-block-image size-full\"><img decoding=\"async\" loading=\"lazy\" width=\"945\" height=\"630\" src=\"https:\/\/hakimiyyet.info.az\/wp-content\/uploads\/2026\/09\/Daxili-isl\u0259r-naziri-Sumqayitda-2.jpg\" alt=\"\" class=\"wp-image-201987\" srcset=\"https:\/\/hakimiyyet.info.az\/wp-content\/uploads\/2026\/09\/Daxili-isl\u0259r-naziri-Sumqayitda-2.jpg 945w, https:\/\/hakimiyyet.info.az\/wp-content\/uploads\/2026\/09\/Daxili-isl\u0259r-naziri-Sumqayitda-2-300x200.jpg 300w, https:\/\/hakimiyyet.info.az\/wp-content\/uploads\/2026\/09\/Daxili-isl\u0259r-naziri-Sumqayitda-2-768x512.jpg 768w\" sizes=\"(max-width: 945px) 100vw, 945px\" \/><\/figure>\n","protected":false},"excerpt":{"rendered":"<p>Prezident \u0130lham \u018fliyevin tap\u015f\u0131r\u0131\u011f\u0131na v\u0259 b\u00f6lg\u0259l\u0259r \u00fczr\u0259 v\u0259t\u0259nda\u015f q\u0259bulu c\u0259dv\u0259lin\u0259 uy\u011fun olaraq, daxili i\u015fl\u0259r naziri general-polkovnik Vilay\u0259t Eyvazov avqustun 31-d\u0259&hellip;<\/p>\n","protected":false},"author":2,"featured_media":201988,"comment_status":"closed","ping_status":"closed","sticky":false,"template":"","format":"standard","meta":{"om_disable_all_campaigns":false,"_monsterinsights_skip_tracking":false,"_uf_show_specific_survey":0,"_uf_disable_surveys":false,"footnotes":""},"categories":[23,47,2,5],"tags":[],"aioseo_notices":[],"_links":{"self":[{"href":"https:\/\/hakimiyyet.info.az\/index.php?rest_route=\/wp\/v2\/posts\/201985"}],"collection":[{"href":"https:\/\/hakimiyyet.info.az\/index.php?rest_route=\/wp\/v2\/posts"}],"about":[{"href":"https:\/\/hakimiyyet.info.az\/index.php?rest_route=\/wp\/v2\/types\/post"}],"author":[{"embeddable":true,"href":"https:\/\/hakimiyyet.info.az\/index.php?rest_route=\/wp\/v2\/users\/2"}],"replies":[{"embeddable":true,"href":"https:\/\/hakimiyyet.info.az\/index.php?rest_route=%2Fwp%2Fv2%2Fcomments&post=201985"}],"version-history":[{"count":1,"href":"https:\/\/hakimiyyet.info.az\/index.php?rest_route=\/wp\/v2\/posts\/201985\/revisions"}],"predecessor-version":[{"id":201989,"href":"https:\/\/hakimiyyet.info.az\/index.php?rest_route=\/wp\/v2\/posts\/201985\/revisions\/201989"}],"wp:featuredmedia":[{"embeddable":true,"href":"https:\/\/hakimiyyet.info.az\/index.php?rest_route=\/wp\/v2\/media\/201988"}],"wp:attachment":[{"href":"https:\/\/hakimiyyet.info.az\/index.php?rest_route=%2Fwp%2Fv2%2Fmedia&parent=201985"}],"wp:term":[{"taxonomy":"category","embeddable":true,"href":"https:\/\/hakimiyyet.info.az\/index.php?rest_route=%2Fwp%2Fv2%2Fcategories&post=201985"},{"taxonomy":"post_tag","embeddable":true,"href":"https:\/\/hakimiyyet.info.az\/index.php?rest_route=%2Fwp%2Fv2%2Ftags&post=201985"}],"curies":[{"name":"wp","href":"https:\/\/api.w.org\/{rel}","templated":true}]}}