{"id":201992,"date":"2026-09-01T18:34:29","date_gmt":"2026-09-01T14:34:29","guid":{"rendered":"https:\/\/hakimiyyet.info.az\/?p=201992"},"modified":"2026-09-01T18:34:31","modified_gmt":"2026-09-01T14:34:31","slug":"milli-q%c9%99hr%c9%99man-kazimaga-k%c9%99rimovun-75-illik-yubileyi-m%c9%99zari-basinda-qeyd-olunub","status":"publish","type":"post","link":"https:\/\/hakimiyyet.info.az\/?p=201992","title":{"rendered":"Milli Q\u0259hr\u0259man Kaz\u0131ma\u011fa K\u0259rimovun 75 illik yubileyi m\u0259zar\u0131 ba\u015f\u0131nda qeyd olunub\u00a0"},"content":{"rendered":"\n<p class=\"has-medium-font-size\"><strong><em>Sentyabr\u0131n 1-d\u0259 Az\u0259rbaycan\u0131n Milli Q\u0259hr\u0259man\u0131, Birinci Qaraba\u011f m\u00fcharib\u0259si \u015f\u0259hidi Kaz\u0131ma\u011fa M\u00f6hs\u00fcn o\u011flu K\u0259rimovun anadan olmas\u0131n\u0131n 75-ci ild\u00f6n\u00fcm\u00fc m\u00fcnasib\u0259til\u0259 \u015e\u0259hidl\u0259r xiyaban\u0131nda an\u0131m m\u0259rasimi ke\u00e7irilib.<\/em><\/strong><\/p>\n\n\n\n<p><a href=\"https:\/\/hakimiyyet.info.az\/\" title=\"Hakimiyyet.info.az\">Hakimiyyet.info.az<\/a>\u00a0x\u0259b\u0259r verir ki, Milli Q\u0259hr\u0259man\u0131n m\u0259zar\u0131 ziyar\u0259t olunub, \u00fcz\u0259rin\u0259 t\u0259r g\u00fcll\u0259r d\u00fcz\u00fcl\u00fcb. Ulu \u00d6nd\u0259r Heyd\u0259r \u018fliyevin v\u0259 Az\u0259rbaycan\u0131n \u0259razi b\u00fct\u00f6vl\u00fcy\u00fc v\u0259 suverenliyi u\u011frunda canlar\u0131ndan ke\u00e7mi\u015f \u015f\u0259hidl\u0259rin \u0259ziz xatir\u0259si bir d\u0259qiq\u0259lik s\u00fckutla yad edilib, ruhlar\u0131na dualar oxunub.<\/p>\n\n\n\n<p>T\u0259dbird\u0259 Kaz\u0131ma\u011fa K\u0259rimovun h\u0259yat v\u0259 d\u00f6y\u00fc\u015f yolundan b\u0259hs olunub. Qeyd olunub ki, Qubadl\u0131 rayonu torpaqlar\u0131m\u0131z\u0131n b\u00fct\u00f6vl\u00fcy\u00fc u\u011frunda m\u00fcbariz\u0259d\u0259 y\u00fczl\u0259rl\u0259 \u015f\u0259hid verib. Bu \u015f\u0259r\u0259fli missiyada q\u0259hr\u0259manl\u0131q g\u00f6st\u0259r\u0259n 11 qubadl\u0131l\u0131 Az\u0259rbaycan\u0131n Milli Q\u0259hr\u0259man\u0131 ad\u0131na layiq g\u00f6r\u00fcl\u00fcb. Onlar\u0131n s\u0131ras\u0131nda \u015f\u00fcca\u0259ti il\u0259 se\u00e7il\u0259n Kaz\u0131ma\u011fa K\u0259rimovun da ad\u0131 x\u00fcsusi ehtiramla \u00e7\u0259kilir. Bildirilib ki, 1951-ci il sentyabr\u0131n 1-d\u0259 Qubadl\u0131 rayonunun Sar\u0131yataq k\u0259ndind\u0259 ziyal\u0131 ail\u0259sind\u0259 anadan olan Kaz\u0131ma\u011fa K\u0259rimov Az\u0259rbaycan D\u00f6vl\u0259t Universitetinin (indiki Bak\u0131 D\u00f6vl\u0259t Universiteti) Jurnalistika fak\u00fclt\u0259sind\u0259 t\u0259hsil al\u0131b. O, \u201cAz\u0259rbaycan m\u0259kt\u0259bi\u201d jurnal\u0131nda v\u0259 \u201cAz\u0259rbaycan m\u00fc\u0259llimi\u201d q\u0259zetind\u0259 \u00e7al\u0131\u015f\u0131b.<\/p>\n\n\n\n<p>1988-ci ild\u0259 Erm\u0259nistan\u0131n Az\u0259rbaycana qar\u015f\u0131 h\u0259rbi t\u0259cav\u00fcz\u00fc ba\u015flayanda Kaz\u0131ma\u011fa K\u0259rimov torpaqlar\u0131m\u0131z\u0131n m\u00fcdafi\u0259sin\u0259 qalx\u0131b. D\u00f6y\u00fc\u015f yolu Goranboydan ke\u00e7\u0259n Kaz\u0131ma\u011fa burada yarad\u0131lan ilk \u00f6z\u00fcn\u00fcm\u00fcdafi\u0259 taborunun t\u0259\u015f\u0259bb\u00fcskarlar\u0131ndan biri olub v\u0259 taborun formala\u015fmas\u0131nda m\u00fch\u00fcm xidm\u0259tl\u0259r g\u00f6st\u0259rib.<\/p>\n\n\n\n<p>Kaz\u0131ma\u011fa K\u0259rimov 1992-ci il iyunun 12-13-d\u0259 Goranboy rayonunun A\u011fcak\u0259nd q\u0259s\u0259b\u0259sinin azad olunmas\u0131 u\u011frunda ged\u0259n d\u00f6y\u00fc\u015fl\u0259rd\u0259 a\u011f\u0131r yaralansa da, r\u0259hb\u0259rlik etdiyi \u0259m\u0259liyyat\u0131n u\u011furla sona \u00e7atd\u0131r\u0131lmas\u0131n\u0131 t\u0259min edib. \u018fm\u0259liyyatdan sonra Bak\u0131dak\u0131 h\u0259rbi hospitala \u00e7atd\u0131r\u0131lsa da, onun h\u0259yat\u0131n\u0131 xilas etm\u0259k m\u00fcmk\u00fcn olmay\u0131b. Milli Q\u0259hr\u0259man iyunun 15-d\u0259 \u015f\u0259hid olub v\u0259 iyunun 16-da \u015e\u0259hidl\u0259r xiyaban\u0131nda d\u0259fn edilib. \u00d6l\u00fcm\u00fcnd\u0259n bir h\u0259ft\u0259 sonra Az\u0259rbaycan Respublikas\u0131 Prezidentinin F\u0259rman\u0131 il\u0259 \u201cAz\u0259rbaycan\u0131n Milli Q\u0259hr\u0259man\u0131\u201d f\u0259xri ad\u0131 verilib. O, bu y\u00fcks\u0259k ada layiq g\u00f6r\u00fcl\u0259n ilk az\u0259rbaycanl\u0131 jurnalist kimi tarix\u0259 d\u00fc\u015f\u00fcb.<\/p>\n\n\n\n<p>An\u0131m m\u0259rasimind\u0259 torpaqlar\u0131m\u0131z\u0131n i\u015f\u011faldan azad olunmas\u0131ndan, Qaraba\u011f v\u0259 \u015e\u0259rqi Z\u0259ng\u0259zurda h\u0259yata ke\u00e7iril\u0259n geni\u015fmiqyasl\u0131 quruculuq i\u015fl\u0259rind\u0259n, el\u0259c\u0259 d\u0259 ke\u00e7mi\u015f m\u0259cburi k\u00f6\u00e7k\u00fcnl\u0259rin m\u0259rh\u0259l\u0259li \u015f\u0259kild\u0259 do\u011fma yurdlar\u0131na qay\u0131d\u0131\u015f\u0131ndan dan\u0131\u015f\u0131l\u0131b. Qeyd olunub ki, \u015f\u0259hidl\u0259rimizin u\u011frunda canlar\u0131n\u0131 f\u0259da etdikl\u0259ri do\u011fma torpaqlar\u0131n azadl\u0131\u011f\u0131na qovu\u015fmas\u0131, Qaraba\u011f v\u0259 \u015e\u0259rqi Z\u0259ng\u0259z\u0259rd\u0259 h\u0259yat\u0131n yenid\u0259n canlanmas\u0131 onlar\u0131n m\u00fcq\u0259dd\u0259s arzular\u0131n\u0131n ger\u00e7\u0259kl\u0259\u015fm\u0259si, ruhlar\u0131n\u0131n \u015fad olmas\u0131 v\u0259 V\u0259t\u0259n qar\u015f\u0131s\u0131nda \u015f\u0259r\u0259fli missiyalar\u0131n\u0131n tamamlanmas\u0131 dem\u0259kdir.<\/p>\n\n\n\n<p>Bildirilib ki, do\u011fma torpaqlar\u0131n azad olunmas\u0131 \u015f\u0259hid ail\u0259l\u0259ri \u00fc\u00e7\u00fcn b\u00f6y\u00fck m\u0259n\u0259vi t\u0259s\u0259lli v\u0259 q\u00fcrur m\u0259nb\u0259yidir. Kaz\u0131ma\u011fa K\u0259rimovu tan\u0131yanlar onun V\u0259t\u0259n\u0259 ba\u011fl\u0131l\u0131\u011f\u0131ndan, prinsipiall\u0131\u011f\u0131ndan v\u0259 d\u00f6y\u00fc\u015fl\u0259rd\u0259 g\u00f6st\u0259rdiyi f\u0259dakarl\u0131qdan s\u00f6z a\u00e7araq xatir\u0259l\u0259rini b\u00f6l\u00fc\u015f\u00fcb, onun m\u00fcdrikliyi, t\u0259mkinli xarakteri v\u0259 insanlara m\u00fcnasib\u0259ti il\u0259 se\u00e7ildiyini bildiribl\u0259r. Qeyd olunub ki, o, \u0259traf\u0131ndak\u0131 insanlar\u0131n g\u00fcv\u0259ndiyi, m\u0259sl\u0259h\u0259tin\u0259 ehtiyac duydu\u011fu v\u0259 fikrin\u0259 d\u0259y\u0259r verdiyi bir insan olub. Bu x\u00fcsusiyy\u0259tl\u0259ri onun d\u00f6y\u00fc\u015f meydan\u0131ndak\u0131 davran\u0131\u015f\u0131nda da \u00f6z\u00fcn\u00fc g\u00f6st\u0259rib. A\u011f\u0131r yaralanmas\u0131na baxmayaraq, \u00fcz\u0259rin\u0259 g\u00f6t\u00fcrd\u00fcy\u00fc tap\u015f\u0131r\u0131\u011f\u0131 sonad\u0259k yerin\u0259 yetirib, \u0259m\u0259liyyat ba\u015fa \u00e7atana q\u0259d\u0259r d\u00f6y\u00fc\u015f meydan\u0131n\u0131 t\u0259rk etm\u0259yib. Onun \u00fc\u00e7\u00fcn \u0259sas m\u0259qs\u0259d \u015f\u0259xsi t\u0259hl\u00fck\u0259sizliyi deyil, qar\u015f\u0131s\u0131na qoyulan tap\u015f\u0131r\u0131\u011f\u0131n u\u011furla tamamlanmas\u0131 olub.<\/p>\n\n\n\n<p>Milli Q\u0259hr\u0259man\u0131n o\u011flu R\u0259\u015fad K\u0259rimov is\u0259 atas\u0131n\u0131n xatir\u0259sin\u0259 g\u00f6st\u0259ril\u0259n diqq\u0259t v\u0259 ehtirama g\u00f6r\u0259 minn\u0259tdarl\u0131\u011f\u0131n\u0131 bildirib. O qeyd edib ki, \u015f\u0259hidl\u0259rin u\u011frunda canlar\u0131ndan ke\u00e7dikl\u0259ri torpaqlar\u0131n azad olunmas\u0131, Qaraba\u011f v\u0259 \u015e\u0259rqi Z\u0259ng\u0259zurda h\u0259yat\u0131n yenid\u0259n b\u0259rpa edilm\u0259si \u015f\u0259hid ail\u0259l\u0259ri \u00fc\u00e7\u00fcn b\u00f6y\u00fck q\u00fcrur v\u0259 m\u0259n\u0259vi t\u0259s\u0259llidir.<\/p>\n\n\n\n<figure class=\"wp-block-image size-full\"><img decoding=\"async\" loading=\"lazy\" width=\"914\" height=\"630\" src=\"https:\/\/hakimiyyet.info.az\/wp-content\/uploads\/2026\/09\/Kazimaga-K\u0259rimov-1.jpg\" alt=\"\" class=\"wp-image-201994\" srcset=\"https:\/\/hakimiyyet.info.az\/wp-content\/uploads\/2026\/09\/Kazimaga-K\u0259rimov-1.jpg 914w, https:\/\/hakimiyyet.info.az\/wp-content\/uploads\/2026\/09\/Kazimaga-K\u0259rimov-1-300x207.jpg 300w, https:\/\/hakimiyyet.info.az\/wp-content\/uploads\/2026\/09\/Kazimaga-K\u0259rimov-1-768x529.jpg 768w\" sizes=\"(max-width: 914px) 100vw, 914px\" \/><\/figure>\n","protected":false},"excerpt":{"rendered":"<p>Sentyabr\u0131n 1-d\u0259 Az\u0259rbaycan\u0131n Milli Q\u0259hr\u0259man\u0131, Birinci Qaraba\u011f m\u00fcharib\u0259si \u015f\u0259hidi Kaz\u0131ma\u011fa M\u00f6hs\u00fcn o\u011flu K\u0259rimovun anadan olmas\u0131n\u0131n 75-ci ild\u00f6n\u00fcm\u00fc m\u00fcnasib\u0259til\u0259 \u015e\u0259hidl\u0259r xiyaban\u0131nda&hellip;<\/p>\n","protected":false},"author":2,"featured_media":201993,"comment_status":"closed","ping_status":"closed","sticky":false,"template":"","format":"standard","meta":{"om_disable_all_campaigns":false,"_monsterinsights_skip_tracking":false,"_uf_show_specific_survey":0,"_uf_disable_surveys":false,"footnotes":""},"categories":[23,47,2,5],"tags":[],"aioseo_notices":[],"_links":{"self":[{"href":"https:\/\/hakimiyyet.info.az\/index.php?rest_route=\/wp\/v2\/posts\/201992"}],"collection":[{"href":"https:\/\/hakimiyyet.info.az\/index.php?rest_route=\/wp\/v2\/posts"}],"about":[{"href":"https:\/\/hakimiyyet.info.az\/index.php?rest_route=\/wp\/v2\/types\/post"}],"author":[{"embeddable":true,"href":"https:\/\/hakimiyyet.info.az\/index.php?rest_route=\/wp\/v2\/users\/2"}],"replies":[{"embeddable":true,"href":"https:\/\/hakimiyyet.info.az\/index.php?rest_route=%2Fwp%2Fv2%2Fcomments&post=201992"}],"version-history":[{"count":1,"href":"https:\/\/hakimiyyet.info.az\/index.php?rest_route=\/wp\/v2\/posts\/201992\/revisions"}],"predecessor-version":[{"id":201995,"href":"https:\/\/hakimiyyet.info.az\/index.php?rest_route=\/wp\/v2\/posts\/201992\/revisions\/201995"}],"wp:featuredmedia":[{"embeddable":true,"href":"https:\/\/hakimiyyet.info.az\/index.php?rest_route=\/wp\/v2\/media\/201993"}],"wp:attachment":[{"href":"https:\/\/hakimiyyet.info.az\/index.php?rest_route=%2Fwp%2Fv2%2Fmedia&parent=201992"}],"wp:term":[{"taxonomy":"category","embeddable":true,"href":"https:\/\/hakimiyyet.info.az\/index.php?rest_route=%2Fwp%2Fv2%2Fcategories&post=201992"},{"taxonomy":"post_tag","embeddable":true,"href":"https:\/\/hakimiyyet.info.az\/index.php?rest_route=%2Fwp%2Fv2%2Ftags&post=201992"}],"curies":[{"name":"wp","href":"https:\/\/api.w.org\/{rel}","templated":true}]}}