{"id":201996,"date":"2026-09-01T18:39:09","date_gmt":"2026-09-01T14:39:09","guid":{"rendered":"https:\/\/hakimiyyet.info.az\/?p=201996"},"modified":"2026-09-01T18:39:10","modified_gmt":"2026-09-01T14:39:10","slug":"prezident-erdogan-turkiy%c9%99-sulh-v%c9%99-sabitlik-namin%c9%99-s%c9%99yl%c9%99rini-davam-etdirir","status":"publish","type":"post","link":"https:\/\/hakimiyyet.info.az\/?p=201996","title":{"rendered":"Prezident \u018frdo\u011fan: T\u00fcrkiy\u0259 s\u00fclh v\u0259 sabitlik namin\u0259 s\u0259yl\u0259rini davam etdirir"},"content":{"rendered":"\n<p class=\"has-medium-font-size\"><em><strong>Ankara s\u00fclh v\u0259 sabitlik namin\u0259 s\u0259yl\u0259rini davam etdirir, m\u00fcnaqi\u015f\u0259l\u0259rin diplomatik yolla h\u0259llin\u0259 \u00e7al\u0131\u015f\u0131r.<\/strong><\/em><\/p>\n\n\n\n<p><a href=\"https:\/\/hakimiyyet.info.az\/\" title=\"Hakimiyyet.info.az\">Hakimiyyet.info.az<\/a>\u00a0x\u0259b\u0259r verir ki, bunu T\u00fcrkiy\u0259 Prezidenti R\u0259c\u0259b Tayyib \u018frdo\u011fan Bi\u015fkekd\u0259 \u015eanxay \u018fm\u0259kda\u015fl\u0131q T\u0259\u015fkilat\u0131n\u0131n (\u015e\u018fT) sammitind\u0259 \u00e7\u0131x\u0131\u015f\u0131 zaman\u0131 deyib.<\/p>\n\n\n\n<p>T\u00fcrkiy\u0259 Prezidenti \u015e\u018fT-i d\u00f6vl\u0259tl\u0259raras\u0131 qar\u015f\u0131l\u0131ql\u0131 f\u0259aliyy\u0259tin \u201cy\u00fcks\u0259l\u0259n ulduzu\u201d adland\u0131r\u0131b v\u0259 T\u00fcrkiy\u0259nin \u015e\u018fT \u00f6lk\u0259l\u0259ri il\u0259 b\u00fct\u00fcn sah\u0259l\u0259rd\u0259 \u0259m\u0259kda\u015fl\u0131\u011f\u0131n inki\u015faf etdirilm\u0259sin\u0259 haz\u0131r oldu\u011funu bildirib.<\/p>\n\n\n\n<p>Onun s\u00f6zl\u0259rin\u0259 g\u00f6r\u0259, \u015e\u018fT \u00e7oxq\u00fctbl\u00fc d\u00fcnya nizam\u0131n\u0131n \u0259v\u0259zolunmaz elementl\u0259rind\u0259n birin\u0259 \u00e7evrilib.<\/p>\n\n\n\n<p>T\u00fcrkiy\u0259 lideri bu yax\u0131nlarda M\u0259kk\u0259d\u0259 S\u0259udiyy\u0259 \u018fr\u0259bistan\u0131 v\u0259 Pakistanla \u00fc\u00e7t\u0259r\u0259fli m\u00fcdafi\u0259 pakt\u0131n\u0131n imzaland\u0131\u011f\u0131n\u0131 xat\u0131rladaraq, bu t\u0259\u015f\u0259bb\u00fcs\u00fcn regional v\u0259 qlobal s\u00fclh\u0259 m\u00fch\u00fcm t\u00f6hf\u0259 ver\u0259c\u0259yin\u0259 \u0259minliyini ifad\u0259 edib.<\/p>\n\n\n\n<p>\u201c\u0130qlim d\u0259yi\u015fikliyi, qeyri-qanuni miqrasiya, terrorizm v\u0259 \u0259rzaq t\u0259hl\u00fck\u0259sizliyi kimi probleml\u0259r bir \u00e7ox \u00f6lk\u0259 \u00fc\u00e7\u00fcn t\u0259hdid yarad\u0131r. Biz iqlim d\u0259yi\u015fikliyi il\u0259 m\u00fcbariz\u0259y\u0259 \u00f6z t\u00f6hf\u0259mizi ver\u0259c\u0259yik. M\u0259qs\u0259dimiz g\u0259l\u0259c\u0259k n\u0259sill\u0259r\u0259 daha sabit v\u0259 firavan d\u00fcnya qoyub getm\u0259kdir\u201d, \u2013 dey\u0259 Prezident \u018frdo\u011fan bildirib.<\/p>\n\n\n\n<p>O, h\u0259m\u00e7inin T\u00fcrkiy\u0259nin X\u0259z\u0259r d\u0259nizind\u0259n ke\u00e7\u0259n Orta D\u0259hlizin inki\u015faf\u0131 istiqam\u0259tind\u0259 s\u0259yl\u0259rin \u201cBir k\u0259m\u0259r, bir yol\u201d t\u0259\u015f\u0259bb\u00fcs\u00fc il\u0259 uzla\u015fd\u0131r\u0131lmas\u0131n\u0131n t\u0259r\u0259fdar\u0131 oldu\u011funu qeyd edib.<\/p>\n\n\n\n<p>T\u00fcrkiy\u0259 Prezidenti \u00e7\u0131x\u0131\u015f\u0131nda tarixind\u0259 ilk d\u0259f\u0259 BMT T\u0259hl\u00fck\u0259sizlik \u015euras\u0131n\u0131n 2027\u20132028-ci ill\u0259r \u00fc\u00e7\u00fcn qeyri-daimi \u00fczv\u00fc se\u00e7il\u0259n Q\u0131r\u011f\u0131z\u0131stan\u0131 t\u0259brik edib, h\u0259m\u00e7inin \u015e\u018fT liderl\u0259rini Antalyada ke\u00e7iril\u0259c\u0259k COP31 iqlim sammitin\u0259 d\u0259v\u0259t edib.<\/p>\n","protected":false},"excerpt":{"rendered":"<p>Ankara s\u00fclh v\u0259 sabitlik namin\u0259 s\u0259yl\u0259rini davam etdirir, m\u00fcnaqi\u015f\u0259l\u0259rin diplomatik yolla h\u0259llin\u0259 \u00e7al\u0131\u015f\u0131r. Hakimiyyet.info.az\u00a0x\u0259b\u0259r verir ki, bunu T\u00fcrkiy\u0259 Prezidenti R\u0259c\u0259b&hellip;<\/p>\n","protected":false},"author":2,"featured_media":201997,"comment_status":"closed","ping_status":"closed","sticky":false,"template":"","format":"standard","meta":{"om_disable_all_campaigns":false,"_monsterinsights_skip_tracking":false,"_uf_show_specific_survey":0,"_uf_disable_surveys":false,"footnotes":""},"categories":[23,9,5],"tags":[],"aioseo_notices":[],"_links":{"self":[{"href":"https:\/\/hakimiyyet.info.az\/index.php?rest_route=\/wp\/v2\/posts\/201996"}],"collection":[{"href":"https:\/\/hakimiyyet.info.az\/index.php?rest_route=\/wp\/v2\/posts"}],"about":[{"href":"https:\/\/hakimiyyet.info.az\/index.php?rest_route=\/wp\/v2\/types\/post"}],"author":[{"embeddable":true,"href":"https:\/\/hakimiyyet.info.az\/index.php?rest_route=\/wp\/v2\/users\/2"}],"replies":[{"embeddable":true,"href":"https:\/\/hakimiyyet.info.az\/index.php?rest_route=%2Fwp%2Fv2%2Fcomments&post=201996"}],"version-history":[{"count":1,"href":"https:\/\/hakimiyyet.info.az\/index.php?rest_route=\/wp\/v2\/posts\/201996\/revisions"}],"predecessor-version":[{"id":201998,"href":"https:\/\/hakimiyyet.info.az\/index.php?rest_route=\/wp\/v2\/posts\/201996\/revisions\/201998"}],"wp:featuredmedia":[{"embeddable":true,"href":"https:\/\/hakimiyyet.info.az\/index.php?rest_route=\/wp\/v2\/media\/201997"}],"wp:attachment":[{"href":"https:\/\/hakimiyyet.info.az\/index.php?rest_route=%2Fwp%2Fv2%2Fmedia&parent=201996"}],"wp:term":[{"taxonomy":"category","embeddable":true,"href":"https:\/\/hakimiyyet.info.az\/index.php?rest_route=%2Fwp%2Fv2%2Fcategories&post=201996"},{"taxonomy":"post_tag","embeddable":true,"href":"https:\/\/hakimiyyet.info.az\/index.php?rest_route=%2Fwp%2Fv2%2Ftags&post=201996"}],"curies":[{"name":"wp","href":"https:\/\/api.w.org\/{rel}","templated":true}]}}