{"id":202014,"date":"2026-09-01T19:23:59","date_gmt":"2026-09-01T15:23:59","guid":{"rendered":"https:\/\/hakimiyyet.info.az\/?p=202014"},"modified":"2026-09-01T19:29:23","modified_gmt":"2026-09-01T15:29:23","slug":"birinci-xanim-mehriban-eliyeva-biskekd%c9%99-dekorativ-t%c9%99tbiqi-s%c9%99n%c9%99t-ustalarinin-%c9%99l-isl%c9%99rind%c9%99n-ibar%c9%99t-s%c9%99rgi-il%c9%99-tanis-olub","status":"publish","type":"post","link":"https:\/\/hakimiyyet.info.az\/?p=202014","title":{"rendered":"Birinci xan\u0131m Mehriban \u018fliyeva Bi\u015fkekd\u0259 dekorativ-t\u0259tbiqi s\u0259n\u0259t ustalar\u0131n\u0131n \u0259l i\u015fl\u0259rind\u0259n ibar\u0259t s\u0259rgi il\u0259 tan\u0131\u015f olub\u00a0"},"content":{"rendered":"\n<p class=\"has-medium-font-size\"><strong><em>Sentyabr\u0131n 1-d\u0259 Az\u0259rbaycan Respublikas\u0131n\u0131n birinci xan\u0131m\u0131 Mehriban \u018fliyeva Q\u0131r\u011f\u0131z Respublikas\u0131n\u0131n birinci xan\u0131m\u0131 Ayqul Japarova, T\u00fcrkiy\u0259 Respublikas\u0131n\u0131n birinci xan\u0131m\u0131 \u018fmin\u0259 \u018frdo\u011fan, \u00d6zb\u0259kistan Respublikas\u0131n\u0131n birinci xan\u0131m\u0131 Ziroat Mirziyoyeva v\u0259 \u00c7in Xalq Respublikas\u0131n\u0131n birinci xan\u0131m\u0131 Pen Liyuan il\u0259 birlikd\u0259 Bi\u015fkekd\u0259 \u201cAla-Ar\u00e7a\u201d D\u00f6vl\u0259t iqam\u0259tgah\u0131nda olub.<\/em><\/strong><\/p>\n\n\n\n<p><a href=\"https:\/\/hakimiyyet.info.az\/\" title=\"Hakimiyyet.info.az\">Hakimiyyet.info.az<\/a>&nbsp;x\u0259b\u0259r verir ki, Q\u0131r\u011f\u0131z Respublikas\u0131n\u0131n birinci xan\u0131m\u0131 Ayqul Japarova Az\u0259rbaycan Respublikas\u0131n\u0131n birinci xan\u0131m\u0131 Mehriban \u018fliyevan\u0131 v\u0259 dig\u0259r birinci xan\u0131mlar\u0131 qar\u015f\u0131lad\u0131.<\/p>\n\n\n\n<p>\u201cAla-Ar\u00e7a\u201d D\u00f6vl\u0259t iqam\u0259tgah\u0131nda t\u0259\u015fkil edil\u0259n m\u0259d\u0259ni proqram \u00e7\u0259r\u00e7iv\u0259sind\u0259 birinci xan\u0131mlar Q\u0131r\u011f\u0131z\u0131stan\u0131n xalq dekorativ-t\u0259tbiqi s\u0259n\u0259t ustalar\u0131n\u0131n \u0259l i\u015fl\u0259rind\u0259n ibar\u0259t s\u0259rgi il\u0259 tan\u0131\u015f olublar.<\/p>\n\n\n\n<p>Ekspozisiya f\u0259xri qonaqlar\u0131 q\u0131r\u011f\u0131z xalq\u0131n\u0131n z\u0259ngin m\u0259d\u0259ni irsi, \u00f6z\u00fcn\u0259m\u0259xsus \u0259n\u0259n\u0259l\u0259ri, \u0259srl\u0259r boyu formala\u015fm\u0131\u015f s\u0259n\u0259tkarl\u0131\u011f\u0131 v\u0259 milli koloriti il\u0259 tan\u0131\u015f edir.<\/p>\n\n\n\n<p>S\u0259rgid\u0259, h\u0259m\u00e7inin ke\u00e7\u0259d\u0259n haz\u0131rlanm\u0131\u015f m\u0259mulatlar, \u0259n\u0259n\u0259vi m\u0259i\u015f\u0259t \u0259\u015fyalar\u0131, xalq s\u0259n\u0259tkarlar\u0131n\u0131n \u0259s\u0259rl\u0259ri v\u0259 q\u0131r\u011f\u0131z dekorativ-t\u0259tbiqi s\u0259n\u0259tinin m\u00fcxt\u0259lifliyini \u0259ks etdir\u0259n dig\u0259r \u0259l i\u015fl\u0259ri t\u0259qdim olunur.<\/p>\n\n\n\n<p>Qonaqlar \u00fc\u00e7\u00fcn konsert proqram\u0131 haz\u0131rlan\u0131b. Yarad\u0131c\u0131l\u0131q kollektivl\u0259ri v\u0259 ifa\u00e7\u0131lar milli m\u0259d\u0259niyy\u0259tin g\u00f6z\u0259lliyini, \u0259n\u0259n\u0259l\u0259rin z\u0259nginliyini, q\u0131r\u011f\u0131z xalq\u0131n\u0131n qonaqp\u0259rv\u0259rliyini \u0259ks etdir\u0259n musiqi v\u0259 r\u0259qs n\u00f6mr\u0259l\u0259ri t\u0259qdim edibl\u0259r.<\/p>\n\n\n\n<figure class=\"wp-block-image size-full\"><img decoding=\"async\" loading=\"lazy\" width=\"945\" height=\"630\" src=\"https:\/\/hakimiyyet.info.az\/wp-content\/uploads\/2026\/09\/Birinci-xanim-Mehriban-Eliyeva-1.jpg\" alt=\"\" class=\"wp-image-202016\" srcset=\"https:\/\/hakimiyyet.info.az\/wp-content\/uploads\/2026\/09\/Birinci-xanim-Mehriban-Eliyeva-1.jpg 945w, https:\/\/hakimiyyet.info.az\/wp-content\/uploads\/2026\/09\/Birinci-xanim-Mehriban-Eliyeva-1-300x200.jpg 300w, https:\/\/hakimiyyet.info.az\/wp-content\/uploads\/2026\/09\/Birinci-xanim-Mehriban-Eliyeva-1-768x512.jpg 768w\" sizes=\"(max-width: 945px) 100vw, 945px\" \/><\/figure>\n\n\n\n<p><\/p>\n\n\n\n<figure class=\"wp-block-image size-full\"><img decoding=\"async\" loading=\"lazy\" width=\"945\" height=\"630\" src=\"https:\/\/hakimiyyet.info.az\/wp-content\/uploads\/2026\/09\/Birinci-xanim-Mehriban-Eliyeva-2.jpeg\" alt=\"\" class=\"wp-image-202017\" srcset=\"https:\/\/hakimiyyet.info.az\/wp-content\/uploads\/2026\/09\/Birinci-xanim-Mehriban-Eliyeva-2.jpeg 945w, https:\/\/hakimiyyet.info.az\/wp-content\/uploads\/2026\/09\/Birinci-xanim-Mehriban-Eliyeva-2-300x200.jpeg 300w, https:\/\/hakimiyyet.info.az\/wp-content\/uploads\/2026\/09\/Birinci-xanim-Mehriban-Eliyeva-2-768x512.jpeg 768w\" sizes=\"(max-width: 945px) 100vw, 945px\" \/><\/figure>\n\n\n\n<p><\/p>\n\n\n\n<figure class=\"wp-block-image size-full\"><img decoding=\"async\" loading=\"lazy\" width=\"945\" height=\"630\" src=\"https:\/\/hakimiyyet.info.az\/wp-content\/uploads\/2026\/09\/Birinci-xanim-Mehriban-Eliyeva-3.jpg\" alt=\"\" class=\"wp-image-202018\" srcset=\"https:\/\/hakimiyyet.info.az\/wp-content\/uploads\/2026\/09\/Birinci-xanim-Mehriban-Eliyeva-3.jpg 945w, https:\/\/hakimiyyet.info.az\/wp-content\/uploads\/2026\/09\/Birinci-xanim-Mehriban-Eliyeva-3-300x200.jpg 300w, https:\/\/hakimiyyet.info.az\/wp-content\/uploads\/2026\/09\/Birinci-xanim-Mehriban-Eliyeva-3-768x512.jpg 768w\" sizes=\"(max-width: 945px) 100vw, 945px\" \/><\/figure>\n","protected":false},"excerpt":{"rendered":"<p>Sentyabr\u0131n 1-d\u0259 Az\u0259rbaycan Respublikas\u0131n\u0131n birinci xan\u0131m\u0131 Mehriban \u018fliyeva Q\u0131r\u011f\u0131z Respublikas\u0131n\u0131n birinci xan\u0131m\u0131 Ayqul Japarova, T\u00fcrkiy\u0259 Respublikas\u0131n\u0131n birinci xan\u0131m\u0131 \u018fmin\u0259 \u018frdo\u011fan,&hellip;<\/p>\n","protected":false},"author":2,"featured_media":202015,"comment_status":"closed","ping_status":"closed","sticky":false,"template":"","format":"standard","meta":{"om_disable_all_campaigns":false,"_monsterinsights_skip_tracking":false,"_uf_show_specific_survey":0,"_uf_disable_surveys":false,"footnotes":""},"categories":[23,2,34,5],"tags":[],"aioseo_notices":[],"_links":{"self":[{"href":"https:\/\/hakimiyyet.info.az\/index.php?rest_route=\/wp\/v2\/posts\/202014"}],"collection":[{"href":"https:\/\/hakimiyyet.info.az\/index.php?rest_route=\/wp\/v2\/posts"}],"about":[{"href":"https:\/\/hakimiyyet.info.az\/index.php?rest_route=\/wp\/v2\/types\/post"}],"author":[{"embeddable":true,"href":"https:\/\/hakimiyyet.info.az\/index.php?rest_route=\/wp\/v2\/users\/2"}],"replies":[{"embeddable":true,"href":"https:\/\/hakimiyyet.info.az\/index.php?rest_route=%2Fwp%2Fv2%2Fcomments&post=202014"}],"version-history":[{"count":2,"href":"https:\/\/hakimiyyet.info.az\/index.php?rest_route=\/wp\/v2\/posts\/202014\/revisions"}],"predecessor-version":[{"id":202021,"href":"https:\/\/hakimiyyet.info.az\/index.php?rest_route=\/wp\/v2\/posts\/202014\/revisions\/202021"}],"wp:featuredmedia":[{"embeddable":true,"href":"https:\/\/hakimiyyet.info.az\/index.php?rest_route=\/wp\/v2\/media\/202015"}],"wp:attachment":[{"href":"https:\/\/hakimiyyet.info.az\/index.php?rest_route=%2Fwp%2Fv2%2Fmedia&parent=202014"}],"wp:term":[{"taxonomy":"category","embeddable":true,"href":"https:\/\/hakimiyyet.info.az\/index.php?rest_route=%2Fwp%2Fv2%2Fcategories&post=202014"},{"taxonomy":"post_tag","embeddable":true,"href":"https:\/\/hakimiyyet.info.az\/index.php?rest_route=%2Fwp%2Fv2%2Ftags&post=202014"}],"curies":[{"name":"wp","href":"https:\/\/api.w.org\/{rel}","templated":true}]}}