{"id":202043,"date":"2026-09-01T20:29:55","date_gmt":"2026-09-01T16:29:55","guid":{"rendered":"https:\/\/hakimiyyet.info.az\/?p=202043"},"modified":"2026-09-01T20:29:57","modified_gmt":"2026-09-01T16:29:57","slug":"baki-qlobal-iqlim-gund%c9%99liyin%c9%99-hazirlasir-paytaxtda-iqlim-d%c9%99yisikliyi-uzr%c9%99-g%c9%99ncl%c9%99rin-lokal-konfransi-keciril%c9%99c%c9%99k","status":"publish","type":"post","link":"https:\/\/hakimiyyet.info.az\/?p=202043","title":{"rendered":"Bak\u0131 qlobal iqlim g\u00fcnd\u0259liyin\u0259 haz\u0131rla\u015f\u0131r: Paytaxtda \u0130qlim D\u0259yi\u015fikliyi \u00fczr\u0259 G\u0259ncl\u0259rin Lokal Konfrans\u0131 ke\u00e7iril\u0259c\u0259k"},"content":{"rendered":"\n<p class=\"has-medium-font-size\"><strong><em>Sentyabr\u0131n 11-12-d\u0259 \u201cEkoSfera\u201d Ekoloji-Sosial M\u0259rk\u0259z \u0130ctimai Birliyinin t\u0259\u015fkilat\u00e7\u0131l\u0131\u011f\u0131 il\u0259 Bak\u0131da \u201cII LCOY Az\u0259rbaycan 2026 \u2014 II \u0130qlim D\u0259yi\u015fikliyi \u00fczr\u0259 G\u0259ncl\u0259rin Lokal Konfrans\u0131\u201d ke\u00e7iril\u0259c\u0259k.<\/em><\/strong><\/p>\n\n\n\n<p>\u0130ctimai Birlikd\u0259n&nbsp;<a href=\"https:\/\/azertag.az\/\" target=\"_blank\" rel=\"noreferrer noopener\">AZ\u018fRTAC<\/a>-a veril\u0259n m\u0259lumata g\u00f6r\u0259, 2026-c\u0131 il konfrans\u0131 iki \u0259sas tematik istiqam\u0259t \u00fcz\u0259rind\u0259 qurulub: dayan\u0131ql\u0131 infrastruktur, ya\u015f\u0131l \u015f\u0259h\u0259rsalma v\u0259 memarl\u0131q; h\u0259m\u00e7inin ekoloji qida sisteml\u0259ri v\u0259 dayan\u0131ql\u0131 istehlak. \u0130ki g\u00fcn \u0259rzind\u0259 i\u015ftirak\u00e7\u0131lar ekspert m\u0259ruz\u0259l\u0259ri, plenar m\u00fczakir\u0259l\u0259r v\u0259 interaktiv sessiyalar \u00e7\u0259r\u00e7iv\u0259sind\u0259 bu m\u00f6vzular \u00fcz\u0259rind\u0259 birlikd\u0259 i\u015fl\u0259y\u0259c\u0259kl\u0259r.<\/p>\n\n\n\n<p>Konfrans\u0131n \u0259sas n\u0259tic\u0259si yen\u0259 d\u0259 Milli G\u0259ncl\u0259r B\u0259yanat\u0131 olacaq. S\u0259n\u0259d Az\u0259rbaycan g\u0259ncliyinin iqlim d\u0259yi\u015fikliyi il\u0259 ba\u011fl\u0131 m\u00f6vqeyini, milli qurumlara \u00fcnvanlanan konkret t\u00f6vsiy\u0259l\u0259ri \u0259ks etdir\u0259c\u0259k v\u0259 YOUNGO vasit\u0259sil\u0259 2026-c\u0131 ilin noyabr\u0131nda T\u00fcrkiy\u0259nin Antalya \u015f\u0259h\u0259rind\u0259 ke\u00e7iril\u0259c\u0259k COP31 iqlim sammitin\u0259 t\u0259qdim edil\u0259c\u0259k.<\/p>\n","protected":false},"excerpt":{"rendered":"<p>Sentyabr\u0131n 11-12-d\u0259 \u201cEkoSfera\u201d Ekoloji-Sosial M\u0259rk\u0259z \u0130ctimai Birliyinin t\u0259\u015fkilat\u00e7\u0131l\u0131\u011f\u0131 il\u0259 Bak\u0131da \u201cII LCOY Az\u0259rbaycan 2026 \u2014 II \u0130qlim D\u0259yi\u015fikliyi \u00fczr\u0259 G\u0259ncl\u0259rin&hellip;<\/p>\n","protected":false},"author":2,"featured_media":202044,"comment_status":"closed","ping_status":"closed","sticky":false,"template":"","format":"standard","meta":{"om_disable_all_campaigns":false,"_monsterinsights_skip_tracking":false,"_uf_show_specific_survey":0,"_uf_disable_surveys":false,"footnotes":""},"categories":[23,2,5],"tags":[],"aioseo_notices":[],"_links":{"self":[{"href":"https:\/\/hakimiyyet.info.az\/index.php?rest_route=\/wp\/v2\/posts\/202043"}],"collection":[{"href":"https:\/\/hakimiyyet.info.az\/index.php?rest_route=\/wp\/v2\/posts"}],"about":[{"href":"https:\/\/hakimiyyet.info.az\/index.php?rest_route=\/wp\/v2\/types\/post"}],"author":[{"embeddable":true,"href":"https:\/\/hakimiyyet.info.az\/index.php?rest_route=\/wp\/v2\/users\/2"}],"replies":[{"embeddable":true,"href":"https:\/\/hakimiyyet.info.az\/index.php?rest_route=%2Fwp%2Fv2%2Fcomments&post=202043"}],"version-history":[{"count":1,"href":"https:\/\/hakimiyyet.info.az\/index.php?rest_route=\/wp\/v2\/posts\/202043\/revisions"}],"predecessor-version":[{"id":202045,"href":"https:\/\/hakimiyyet.info.az\/index.php?rest_route=\/wp\/v2\/posts\/202043\/revisions\/202045"}],"wp:featuredmedia":[{"embeddable":true,"href":"https:\/\/hakimiyyet.info.az\/index.php?rest_route=\/wp\/v2\/media\/202044"}],"wp:attachment":[{"href":"https:\/\/hakimiyyet.info.az\/index.php?rest_route=%2Fwp%2Fv2%2Fmedia&parent=202043"}],"wp:term":[{"taxonomy":"category","embeddable":true,"href":"https:\/\/hakimiyyet.info.az\/index.php?rest_route=%2Fwp%2Fv2%2Fcategories&post=202043"},{"taxonomy":"post_tag","embeddable":true,"href":"https:\/\/hakimiyyet.info.az\/index.php?rest_route=%2Fwp%2Fv2%2Ftags&post=202043"}],"curies":[{"name":"wp","href":"https:\/\/api.w.org\/{rel}","templated":true}]}}