{"id":202053,"date":"2026-09-01T20:57:00","date_gmt":"2026-09-01T16:57:00","guid":{"rendered":"https:\/\/hakimiyyet.info.az\/?p=202053"},"modified":"2026-09-01T20:57:01","modified_gmt":"2026-09-01T16:57:01","slug":"turkiy%c9%99-il%c9%99-gurcustan-qanunsuz-miqrasiya-v%c9%99-terrorizm%c9%99-qarsi-birg%c9%99-mubariz%c9%99-aparacaq","status":"publish","type":"post","link":"https:\/\/hakimiyyet.info.az\/?p=202053","title":{"rendered":"T\u00fcrkiy\u0259 il\u0259 G\u00fcrc\u00fcstan qanunsuz miqrasiya v\u0259 terrorizm\u0259 qar\u015f\u0131 birg\u0259 m\u00fcbariz\u0259 aparacaq"},"content":{"rendered":"\n<p class=\"has-medium-font-size\"><strong><em>G\u00fcrc\u00fcstan\u0131n daxili i\u015fl\u0259r naziri Sulxan Tamaza\u015fvili Tbilisid\u0259 r\u0259smi s\u0259f\u0259rd\u0259 olan T\u00fcrkiy\u0259nin daxili i\u015fl\u0259r naziri Mustafa \u00c7ift\u00e7i il\u0259 g\u00f6r\u00fc\u015f\u00fcb.<\/em><\/strong><\/p>\n\n\n\n<p><a href=\"https:\/\/hakimiyyet.info.az\/\" title=\"Hakimiyyet.info.az\">Hakimiyyet.info.az<\/a>\u00a0x\u0259b\u0259r verir ki, g\u00f6r\u00fc\u015fd\u0259 G\u00fcrc\u00fcstan v\u0259 T\u00fcrkiy\u0259nin Daxili \u0130\u015fl\u0259r nazirlikl\u0259ri aras\u0131nda s\u0131x v\u0259 s\u0259m\u0259r\u0259li \u0259m\u0259kda\u015fl\u0131q m\u0259s\u0259l\u0259l\u0259ri m\u00fczakir\u0259 olunub, ikit\u0259r\u0259fli \u0259m\u0259kda\u015fl\u0131\u011f\u0131n daha da d\u0259rinl\u0259\u015fdirilm\u0259si \u00fc\u00e7\u00fcn g\u0259l\u0259c\u0259k prioritetl\u0259ri m\u00fc\u0259yy\u0259n edilib.<\/p>\n\n\n\n<p>M\u00fct\u0259\u015f\u0259kkil cinay\u0259tkarl\u0131\u011fa, qanunsuz miqrasiyaya, terrorizm\u0259 qar\u015f\u0131 birg\u0259 m\u00fcbariz\u0259 bar\u0259d\u0259 raz\u0131l\u0131q \u0259ld\u0259 olunub.<\/p>\n\n\n\n<p>Nazirl\u0259r m\u00f6vcud \u0259m\u0259kda\u015fl\u0131\u011f\u0131n daha da g\u00fccl\u0259ndirilm\u0259sinin vacibliyini vur\u011fulay\u0131b, onun daha da inki\u015faf etdirilm\u0259sin\u0259 haz\u0131r olduqlar\u0131n\u0131 bildiribl\u0259r.<\/p>\n","protected":false},"excerpt":{"rendered":"<p>G\u00fcrc\u00fcstan\u0131n daxili i\u015fl\u0259r naziri Sulxan Tamaza\u015fvili Tbilisid\u0259 r\u0259smi s\u0259f\u0259rd\u0259 olan T\u00fcrkiy\u0259nin daxili i\u015fl\u0259r naziri Mustafa \u00c7ift\u00e7i il\u0259 g\u00f6r\u00fc\u015f\u00fcb. Hakimiyyet.info.az\u00a0x\u0259b\u0259r verir&hellip;<\/p>\n","protected":false},"author":2,"featured_media":202054,"comment_status":"closed","ping_status":"closed","sticky":false,"template":"","format":"standard","meta":{"om_disable_all_campaigns":false,"_monsterinsights_skip_tracking":false,"_uf_show_specific_survey":0,"_uf_disable_surveys":false,"footnotes":""},"categories":[23,9,5],"tags":[],"aioseo_notices":[],"_links":{"self":[{"href":"https:\/\/hakimiyyet.info.az\/index.php?rest_route=\/wp\/v2\/posts\/202053"}],"collection":[{"href":"https:\/\/hakimiyyet.info.az\/index.php?rest_route=\/wp\/v2\/posts"}],"about":[{"href":"https:\/\/hakimiyyet.info.az\/index.php?rest_route=\/wp\/v2\/types\/post"}],"author":[{"embeddable":true,"href":"https:\/\/hakimiyyet.info.az\/index.php?rest_route=\/wp\/v2\/users\/2"}],"replies":[{"embeddable":true,"href":"https:\/\/hakimiyyet.info.az\/index.php?rest_route=%2Fwp%2Fv2%2Fcomments&post=202053"}],"version-history":[{"count":1,"href":"https:\/\/hakimiyyet.info.az\/index.php?rest_route=\/wp\/v2\/posts\/202053\/revisions"}],"predecessor-version":[{"id":202055,"href":"https:\/\/hakimiyyet.info.az\/index.php?rest_route=\/wp\/v2\/posts\/202053\/revisions\/202055"}],"wp:featuredmedia":[{"embeddable":true,"href":"https:\/\/hakimiyyet.info.az\/index.php?rest_route=\/wp\/v2\/media\/202054"}],"wp:attachment":[{"href":"https:\/\/hakimiyyet.info.az\/index.php?rest_route=%2Fwp%2Fv2%2Fmedia&parent=202053"}],"wp:term":[{"taxonomy":"category","embeddable":true,"href":"https:\/\/hakimiyyet.info.az\/index.php?rest_route=%2Fwp%2Fv2%2Fcategories&post=202053"},{"taxonomy":"post_tag","embeddable":true,"href":"https:\/\/hakimiyyet.info.az\/index.php?rest_route=%2Fwp%2Fv2%2Ftags&post=202053"}],"curies":[{"name":"wp","href":"https:\/\/api.w.org\/{rel}","templated":true}]}}