{"id":202059,"date":"2026-09-01T21:03:55","date_gmt":"2026-09-01T17:03:55","guid":{"rendered":"https:\/\/hakimiyyet.info.az\/?p=202059"},"modified":"2026-09-01T21:03:56","modified_gmt":"2026-09-01T17:03:56","slug":"ukrayna-s%c9%99rt-budc%c9%99-islahatlarina-baslayir","status":"publish","type":"post","link":"https:\/\/hakimiyyet.info.az\/?p=202059","title":{"rendered":"Ukrayna s\u0259rt b\u00fcdc\u0259 islahatlar\u0131na ba\u015flay\u0131r"},"content":{"rendered":"\n<p class=\"has-medium-font-size\"><em><strong>Ukrayna b\u00fcdc\u0259 k\u0259siri il\u0259 \u0259laq\u0259dar s\u0259rt q\u0259na\u0259t rejimin\u0259 ke\u00e7ir.<\/strong><\/em><\/p>\n\n\n\n<p>Ukrayna K\u0130V-nin m\u0259lumat\u0131na g\u00f6r\u0259, bunu \u00f6lk\u0259nin Ba\u015f naziri Sergey Koretski bildirib.<\/p>\n\n\n\n<p>\u201cNazirl\u0259r Kabineti pensiya v\u0259 maa\u015flara toxunulmayaca\u011f\u0131na s\u00f6z verir. Art\u0131q t\u0259xmin\u0259n 70 milyard qrivna v\u0259sait tap\u0131l\u0131b v\u0259 bu pul ordunun ehtiyaclar\u0131na y\u00f6n\u0259ldil\u0259c\u0259k\u201d, \u2013 dey\u0259 m\u0259lumatda bildirilib.<\/p>\n\n\n\n<p>Ba\u015f nazir bildirib ki, h\u0259r bir b\u00fcdc\u0259 qrivnas\u0131na q\u0259na\u0259t prinsipi g\u0259l\u0259n il \u00fc\u00e7\u00fcn d\u00f6vl\u0259t b\u00fcdc\u0259sinin haz\u0131rlanmas\u0131 zaman\u0131 da t\u0259tbiq olunacaq.<\/p>\n\n\n\n<p>\u201c27-ci il \u00fc\u00e7\u00fcn b\u00fcdc\u0259nin haz\u0131rlanmas\u0131 zaman\u0131 da h\u0259r bir b\u00fcdc\u0259 qrivnas\u0131na maksimum q\u0259na\u0259t prinsipind\u0259n \u00e7\u0131x\u0131\u015f etm\u0259liyik. Deputatlardan 27-ci il \u00fc\u00e7\u00fcn b\u00fcdc\u0259nin formala\u015fd\u0131r\u0131lmas\u0131 prosesin\u0259 f\u0259al \u015f\u0259kild\u0259 qo\u015fulmalar\u0131n\u0131 xahi\u015f edir\u0259m\u201d, \u2013 dey\u0259 Koretski qeyd edib.<\/p>\n","protected":false},"excerpt":{"rendered":"<p>Ukrayna b\u00fcdc\u0259 k\u0259siri il\u0259 \u0259laq\u0259dar s\u0259rt q\u0259na\u0259t rejimin\u0259 ke\u00e7ir. Ukrayna K\u0130V-nin m\u0259lumat\u0131na g\u00f6r\u0259, bunu \u00f6lk\u0259nin Ba\u015f naziri Sergey Koretski bildirib.&hellip;<\/p>\n","protected":false},"author":2,"featured_media":202060,"comment_status":"closed","ping_status":"closed","sticky":false,"template":"","format":"standard","meta":{"om_disable_all_campaigns":false,"_monsterinsights_skip_tracking":false,"_uf_show_specific_survey":0,"_uf_disable_surveys":false,"footnotes":""},"categories":[23,9,5],"tags":[],"aioseo_notices":[],"_links":{"self":[{"href":"https:\/\/hakimiyyet.info.az\/index.php?rest_route=\/wp\/v2\/posts\/202059"}],"collection":[{"href":"https:\/\/hakimiyyet.info.az\/index.php?rest_route=\/wp\/v2\/posts"}],"about":[{"href":"https:\/\/hakimiyyet.info.az\/index.php?rest_route=\/wp\/v2\/types\/post"}],"author":[{"embeddable":true,"href":"https:\/\/hakimiyyet.info.az\/index.php?rest_route=\/wp\/v2\/users\/2"}],"replies":[{"embeddable":true,"href":"https:\/\/hakimiyyet.info.az\/index.php?rest_route=%2Fwp%2Fv2%2Fcomments&post=202059"}],"version-history":[{"count":1,"href":"https:\/\/hakimiyyet.info.az\/index.php?rest_route=\/wp\/v2\/posts\/202059\/revisions"}],"predecessor-version":[{"id":202061,"href":"https:\/\/hakimiyyet.info.az\/index.php?rest_route=\/wp\/v2\/posts\/202059\/revisions\/202061"}],"wp:featuredmedia":[{"embeddable":true,"href":"https:\/\/hakimiyyet.info.az\/index.php?rest_route=\/wp\/v2\/media\/202060"}],"wp:attachment":[{"href":"https:\/\/hakimiyyet.info.az\/index.php?rest_route=%2Fwp%2Fv2%2Fmedia&parent=202059"}],"wp:term":[{"taxonomy":"category","embeddable":true,"href":"https:\/\/hakimiyyet.info.az\/index.php?rest_route=%2Fwp%2Fv2%2Fcategories&post=202059"},{"taxonomy":"post_tag","embeddable":true,"href":"https:\/\/hakimiyyet.info.az\/index.php?rest_route=%2Fwp%2Fv2%2Ftags&post=202059"}],"curies":[{"name":"wp","href":"https:\/\/api.w.org\/{rel}","templated":true}]}}