{"id":202065,"date":"2026-09-01T22:06:23","date_gmt":"2026-09-01T18:06:23","guid":{"rendered":"https:\/\/hakimiyyet.info.az\/?p=202065"},"modified":"2026-09-01T22:06:25","modified_gmt":"2026-09-01T18:06:25","slug":"milli-m%c9%99clisin-s%c9%99dri-sahib%c9%99-qafarova-qana-prezidenti-il%c9%99-gorusub","status":"publish","type":"post","link":"https:\/\/hakimiyyet.info.az\/?p=202065","title":{"rendered":"Milli M\u0259clisin s\u0259dri Sahib\u0259 Qafarova Qana Prezidenti il\u0259 g\u00f6r\u00fc\u015f\u00fcb"},"content":{"rendered":"\n<p class=\"has-medium-font-size\"><strong><em>Milli M\u0259clisin s\u0259dri Sahib\u0259 Qafarova Serbiya Respublikas\u0131na i\u015fg\u00fczar s\u0259f\u0259ri \u00e7\u0259r\u00e7iv\u0259sind\u0259 Qana Respublikas\u0131n\u0131n Prezidenti Con Dramani Mahama il\u0259 g\u00f6r\u00fc\u015f\u00fcb.<\/em><\/strong><\/p>\n\n\n\n<p>Bu bar\u0259d\u0259&nbsp;<a href=\"https:\/\/azertag.az\/\" target=\"_blank\" rel=\"noreferrer noopener\">AZ\u018fRTAC<\/a>-a Milli M\u0259clisin M\u0259tbuat v\u0259 ictimaiyy\u0259tl\u0259 \u0259laq\u0259l\u0259r \u015f\u00f6b\u0259sind\u0259n m\u0259lumat verilib.<\/p>\n\n\n\n<p>G\u00f6r\u00fc\u015fd\u0259 Az\u0259rbaycan il\u0259 Qana aras\u0131nda \u0259laq\u0259l\u0259rin m\u00f6vcud v\u0259ziyy\u0259ti m\u00fczakir\u0259 edilib, m\u00fcnasib\u0259tl\u0259rimizin inki\u015faf perspektivl\u0259ri bar\u0259d\u0259 fikir m\u00fcbadil\u0259si apar\u0131l\u0131b.<\/p>\n\n\n\n<p>Spiker Sahib\u0259 Qafarova bildirib ki, Az\u0259rbaycan Qana il\u0259 \u0259laq\u0259l\u0259rin inki\u015faf\u0131nda maraql\u0131d\u0131r v\u0259 \u00f6lk\u0259l\u0259rimiz aras\u0131nda m\u00fcnasib\u0259tl\u0259rin m\u00fcxt\u0259lif istiqam\u0259tl\u0259rd\u0259 geni\u015fl\u0259ndirilm\u0259si \u00fc\u00e7\u00fcn imkanlar m\u00f6vcuddur.<\/p>\n\n\n\n<p>S\u00f6hb\u0259t zaman\u0131 Az\u0259rbaycan il\u0259 Qana aras\u0131nda diplomatik m\u00fcnasib\u0259tl\u0259rin qurulmas\u0131na v\u0259 beyn\u0259lxalq \u0259m\u0259kda\u015fl\u0131\u011fa toxunulub. \u00d6lk\u0259l\u0259rimizin Birl\u0259\u015fmi\u015f Mill\u0259tl\u0259r T\u0259\u015fkilat\u0131, Qo\u015fulmama H\u0259r\u0259kat\u0131 v\u0259 dig\u0259r beyn\u0259lxalq t\u0259\u015fkilatlar \u00e7\u0259r\u00e7iv\u0259sind\u0259 \u0259m\u0259kda\u015fl\u0131qdan v\u0259 birg\u0259 f\u0259aliyy\u0259td\u0259n m\u0259mnunluq ifad\u0259 olunub. Bu bax\u0131mdan, beyn\u0259lxalq platformalarda qar\u015f\u0131l\u0131ql\u0131 d\u0259st\u0259yin v\u0259 \u0259m\u0259kda\u015fl\u0131\u011f\u0131n daha da g\u00fccl\u0259ndirilm\u0259sinin \u0259h\u0259miyy\u0259ti vur\u011fulan\u0131b.<\/p>\n\n\n\n<p>Milli M\u0259clisin s\u0259dri Az\u0259rbaycan\u0131n Qo\u015fulmama H\u0259r\u0259kat\u0131na 4 illik s\u0259drliyi d\u00f6vr\u00fcnd\u0259 h\u0259yata ke\u00e7irdiyi f\u0259aliyy\u0259t, \u00f6lk\u0259mizin ir\u0259li s\u00fcrd\u00fcy\u00fc t\u0259\u015f\u0259bb\u00fcsl\u0259r v\u0259 \u0259ld\u0259 olunmu\u015f m\u00fch\u00fcm nailiyy\u0259tl\u0259r bar\u0259d\u0259 fikirl\u0259rini b\u00f6l\u00fc\u015f\u00fcb. Prezident \u0130lham \u018fliyevin t\u0259\u015f\u0259bb\u00fcs\u00fc il\u0259 yarad\u0131lm\u0131\u015f Qo\u015fulmama H\u0259r\u0259kat\u0131n\u0131n Parlament \u015e\u0259b\u0259k\u0259sinin f\u0259aliyy\u0259tind\u0259n dan\u0131\u015fan Sahib\u0259 Qafarova bu platforman\u0131n \u00fczv d\u00f6vl\u0259tl\u0259rin parlamentl\u0259ri aras\u0131nda \u0259laq\u0259l\u0259rin inki\u015faf\u0131nda v\u0259 qar\u015f\u0131l\u0131ql\u0131 t\u0259cr\u00fcb\u0259 m\u00fcbadil\u0259sind\u0259 m\u00fch\u00fcm rol oynad\u0131\u011f\u0131n\u0131 qeyd edib. Qana il\u0259 d\u0259 bu \u00e7\u0259r\u00e7iv\u0259d\u0259 \u0259m\u0259kda\u015fl\u0131\u011f\u0131n geni\u015fl\u0259ndirilm\u0259sinin \u0259h\u0259miyy\u0259tli oldu\u011fu bildirilib.<\/p>\n\n\n\n<p>G\u00f6r\u00fc\u015fd\u0259 parlamentl\u0259raras\u0131 \u0259laq\u0259l\u0259rin inki\u015faf\u0131 m\u0259s\u0259l\u0259sin\u0259 x\u00fcsusi diqq\u0259t yetirilib. Qeyd olunub ki, Az\u0259rbaycan v\u0259 Qana parlamentl\u0259ri aras\u0131nda indiy\u0259d\u0259k qar\u015f\u0131l\u0131ql\u0131 s\u0259f\u0259rl\u0259rin h\u0259yata ke\u00e7irilm\u0259m\u0259si bu istiqam\u0259td\u0259 \u0259laq\u0259l\u0259rin inki\u015faf etdirilm\u0259si \u00fc\u00e7\u00fcn geni\u015f imkanlar\u0131n oldu\u011funu g\u00f6st\u0259rir. Qar\u015f\u0131l\u0131ql\u0131 s\u0259f\u0259rl\u0259rin t\u0259\u015fkili, parlament n\u00fcmay\u0259nd\u0259 hey\u0259tl\u0259ri aras\u0131nda t\u0259maslar\u0131n art\u0131r\u0131lmas\u0131 v\u0259 qanunvericilik sah\u0259sind\u0259 t\u0259cr\u00fcb\u0259 m\u00fcbadil\u0259sinin apar\u0131lmas\u0131 il\u0259 ba\u011fl\u0131 fikir m\u00fcbadil\u0259si apar\u0131l\u0131b.<\/p>\n\n\n\n<p>S\u00f6hb\u0259t zaman\u0131 iqtisadi \u0259laq\u0259l\u0259rin geni\u015fl\u0259ndirilm\u0259si m\u0259s\u0259l\u0259sin\u0259 d\u0259 toxunulub. Bildirilib ki, m\u00f6vcud ticar\u0259t d\u00f6vriyy\u0259si iki \u00f6lk\u0259nin iqtisadi potensial\u0131n\u0131 tam \u0259ks etdirmir. Ticar\u0259t v\u0259 investisiya \u0259laq\u0259l\u0259rinin geni\u015fl\u0259ndirilm\u0259si, energetika, k\u0259nd t\u0259s\u0259rr\u00fcfat\u0131 v\u0259 dig\u0259r qar\u015f\u0131l\u0131ql\u0131 maraq do\u011furan sah\u0259l\u0259rd\u0259 \u0259m\u0259kda\u015fl\u0131\u011f\u0131n inki\u015faf etdirilm\u0259si \u00fc\u00e7\u00fcn imkanlar\u0131n ara\u015fd\u0131r\u0131lmas\u0131n\u0131n vacibliyi vur\u011fulan\u0131b. Energetika sah\u0259sind\u0259 \u0259m\u0259kda\u015fl\u0131\u011fa dair Niyy\u0259t Protokolu layih\u0259sinin m\u00fcnasib\u0259tl\u0259rin bu istiqam\u0259td\u0259 inki\u015faf\u0131na t\u00f6hf\u0259 ver\u0259 bil\u0259c\u0259yi qeyd olunub.<\/p>\n\n\n\n<p>Qana Respublikas\u0131n\u0131n Prezidenti Con Dramani Mahama bildirib ki, \u00f6lk\u0259si Az\u0259rbaycan il\u0259 m\u00fcnasib\u0259tl\u0259rin inki\u015faf\u0131na b\u00f6y\u00fck \u0259h\u0259miyy\u0259t verir. O, parlamentl\u0259raras\u0131 \u0259laq\u0259l\u0259rin geni\u015fl\u0259ndirilm\u0259sinin, qar\u015f\u0131l\u0131ql\u0131 s\u0259f\u0259rl\u0259rin v\u0259 m\u00fcxt\u0259lif sah\u0259l\u0259rd\u0259 \u0259m\u0259kda\u015fl\u0131\u011f\u0131n art\u0131r\u0131lmas\u0131n\u0131n ikit\u0259r\u0259fli m\u00fcnasib\u0259tl\u0259rin daha da m\u00f6hk\u0259ml\u0259ndirilm\u0259sin\u0259 xidm\u0259t ed\u0259c\u0259yini qeyd edib.<\/p>\n\n\n\n<p>Fikir m\u00fcbadil\u0259si zaman\u0131 t\u0259hsil v\u0259 humanitar sah\u0259l\u0259rd\u0259 \u0259m\u0259kda\u015fl\u0131\u011f\u0131n m\u00f6vcud v\u0259ziyy\u0259tin\u0259 d\u0259 toxunulub. Qanal\u0131 t\u0259l\u0259b\u0259l\u0259rin Az\u0259rbaycan\u0131n t\u0259qa\u00fcd proqramlar\u0131ndan yararlanmas\u0131, habel\u0259 qanal\u0131 diplomatlar\u0131n ADA Universitetind\u0259 ke\u00e7iril\u0259n t\u0259lim v\u0259 kurslarda i\u015ftirak\u0131 iki \u00f6lk\u0259 aras\u0131nda humanitar \u0259laq\u0259l\u0259rin m\u00fcsb\u0259t n\u00fcmun\u0259l\u0259ri kimi qeyd edilib. Bu sah\u0259l\u0259rd\u0259 \u0259m\u0259kda\u015fl\u0131\u011f\u0131n daha da geni\u015fl\u0259ndirilm\u0259si imkanlar\u0131 n\u0259z\u0259rd\u0259n ke\u00e7irilib.<\/p>\n\n\n\n<p>S\u00f6hb\u0259t zaman\u0131 qar\u015f\u0131l\u0131ql\u0131 maraq do\u011furan dig\u0259r m\u0259s\u0259l\u0259l\u0259r \u0259traf\u0131nda da fikir m\u00fcbadil\u0259si apar\u0131l\u0131b.<\/p>\n","protected":false},"excerpt":{"rendered":"<p>Milli M\u0259clisin s\u0259dri Sahib\u0259 Qafarova Serbiya Respublikas\u0131na i\u015fg\u00fczar s\u0259f\u0259ri \u00e7\u0259r\u00e7iv\u0259sind\u0259 Qana Respublikas\u0131n\u0131n Prezidenti Con Dramani Mahama il\u0259 g\u00f6r\u00fc\u015f\u00fcb. Bu bar\u0259d\u0259&nbsp;AZ\u018fRTAC-a&hellip;<\/p>\n","protected":false},"author":2,"featured_media":202066,"comment_status":"closed","ping_status":"closed","sticky":false,"template":"","format":"standard","meta":{"om_disable_all_campaigns":false,"_monsterinsights_skip_tracking":false,"_uf_show_specific_survey":0,"_uf_disable_surveys":false,"footnotes":""},"categories":[23,2,7,5],"tags":[],"aioseo_notices":[],"_links":{"self":[{"href":"https:\/\/hakimiyyet.info.az\/index.php?rest_route=\/wp\/v2\/posts\/202065"}],"collection":[{"href":"https:\/\/hakimiyyet.info.az\/index.php?rest_route=\/wp\/v2\/posts"}],"about":[{"href":"https:\/\/hakimiyyet.info.az\/index.php?rest_route=\/wp\/v2\/types\/post"}],"author":[{"embeddable":true,"href":"https:\/\/hakimiyyet.info.az\/index.php?rest_route=\/wp\/v2\/users\/2"}],"replies":[{"embeddable":true,"href":"https:\/\/hakimiyyet.info.az\/index.php?rest_route=%2Fwp%2Fv2%2Fcomments&post=202065"}],"version-history":[{"count":1,"href":"https:\/\/hakimiyyet.info.az\/index.php?rest_route=\/wp\/v2\/posts\/202065\/revisions"}],"predecessor-version":[{"id":202067,"href":"https:\/\/hakimiyyet.info.az\/index.php?rest_route=\/wp\/v2\/posts\/202065\/revisions\/202067"}],"wp:featuredmedia":[{"embeddable":true,"href":"https:\/\/hakimiyyet.info.az\/index.php?rest_route=\/wp\/v2\/media\/202066"}],"wp:attachment":[{"href":"https:\/\/hakimiyyet.info.az\/index.php?rest_route=%2Fwp%2Fv2%2Fmedia&parent=202065"}],"wp:term":[{"taxonomy":"category","embeddable":true,"href":"https:\/\/hakimiyyet.info.az\/index.php?rest_route=%2Fwp%2Fv2%2Fcategories&post=202065"},{"taxonomy":"post_tag","embeddable":true,"href":"https:\/\/hakimiyyet.info.az\/index.php?rest_route=%2Fwp%2Fv2%2Ftags&post=202065"}],"curies":[{"name":"wp","href":"https:\/\/api.w.org\/{rel}","templated":true}]}}