{"id":202072,"date":"2026-09-01T22:27:52","date_gmt":"2026-09-01T18:27:52","guid":{"rendered":"https:\/\/hakimiyyet.info.az\/?p=202072"},"modified":"2026-09-01T22:27:59","modified_gmt":"2026-09-01T18:27:59","slug":"sahib%c9%99-qafarova-elc%c9%99zair-milli-xalq-assambleyasinin-s%c9%99dri-il%c9%99-gorusub","status":"publish","type":"post","link":"https:\/\/hakimiyyet.info.az\/?p=202072","title":{"rendered":"Sahib\u0259 Qafarova \u018flc\u0259zair Milli Xalq Assambleyas\u0131n\u0131n s\u0259dri il\u0259 g\u00f6r\u00fc\u015f\u00fcb"},"content":{"rendered":"\n<p class=\"has-medium-font-size\"><strong><em>Milli M\u0259clisin s\u0259dri Sahib\u0259 Qafarova Serbiya Respublikas\u0131na i\u015fg\u00fczar s\u0259f\u0259ri \u00e7\u0259r\u00e7iv\u0259sind\u0259 \u018flc\u0259zair Xalq Demokratik Respublikas\u0131 Milli Xalq Assambleyas\u0131n\u0131n s\u0259dri Xalida Bufede\u00e7 il\u0259 g\u00f6r\u00fc\u015f\u00fcb.<\/em><\/strong><\/p>\n\n\n\n<p>Bu bar\u0259d\u0259&nbsp;<a href=\"https:\/\/azertag.az\/\" target=\"_blank\" rel=\"noreferrer noopener\">AZ\u018fRTAC<\/a>-a Milli M\u0259clisin M\u0259tbuat v\u0259 ictimaiyy\u0259tl\u0259 \u0259laq\u0259l\u0259r \u015f\u00f6b\u0259sind\u0259n m\u0259lumat verilib.<\/p>\n\n\n\n<p>Milli M\u0259clisin s\u0259dri Sahib\u0259 Qafarova h\u0259mkar\u0131n\u0131 bu v\u0259zif\u0259y\u0259 se\u00e7ilm\u0259si m\u00fcnasib\u0259til\u0259 t\u0259brik edib, ona g\u0259l\u0259c\u0259k f\u0259aliyy\u0259tind\u0259 u\u011furlar arzulay\u0131b.<\/p>\n\n\n\n<p>G\u00f6r\u00fc\u015fd\u0259 iki dost \u00f6lk\u0259 aras\u0131nda m\u00fcnasib\u0259tl\u0259rin perspektivl\u0259ri bar\u0259d\u0259 fikir m\u00fcbadil\u0259si apar\u0131l\u0131b. Bildirilib ki, Az\u0259rbaycan v\u0259 \u018flc\u0259zair aras\u0131nda \u0259laq\u0259l\u0259ri bundan sonra da inki\u015faf etdirm\u0259k \u00fc\u00e7\u00fcn yax\u015f\u0131 imkanlar var. S\u00f6hb\u0259td\u0259 \u00f6lk\u0259l\u0259rimizin beyn\u0259lxalq t\u0259\u015fkilatlar \u00e7\u0259r\u00e7iv\u0259sind\u0259 d\u0259 u\u011furlu \u0259m\u0259kda\u015fl\u0131\u011f\u0131ndan m\u0259mnunluq ifad\u0259 olunub.<\/p>\n\n\n\n<p>Fikir m\u00fcbadil\u0259si zaman\u0131 parlamentl\u0259rimiz aras\u0131nda \u0259laq\u0259l\u0259rin \u0259h\u0259miyy\u0259ti qeyd edil\u0259r\u0259k, h\u0259m parlament s\u0259drl\u0259ri s\u0259viyy\u0259sind\u0259, h\u0259m d\u0259 deputatlar aras\u0131nda qar\u015f\u0131l\u0131ql\u0131 s\u0259f\u0259rl\u0259rin v\u0259 g\u00f6r\u00fc\u015fl\u0259rin m\u00fcnasib\u0259tl\u0259rimizin daha da geni\u015fl\u0259nm\u0259sin\u0259 xidm\u0259t etdiyi diqq\u0259t\u0259 \u00e7atd\u0131r\u0131l\u0131b. S\u00f6hb\u0259t zaman\u0131 parlament dostluq qruplar\u0131n\u0131n f\u0259aliyy\u0259tinin d\u0259 bu \u0259laq\u0259l\u0259rin d\u0259rinl\u0259\u015fdirilm\u0259sind\u0259 m\u00fch\u00fcm rol oynad\u0131\u011f\u0131 vur\u011fulan\u0131b.<\/p>\n\n\n\n<p>Spiker Sahib\u0259 Qafarova parlamentl\u0259rimizin beyn\u0259lxalq parlament t\u0259\u015fkilatlar\u0131nda u\u011furlu \u0259m\u0259kda\u015fl\u0131\u011f\u0131ndan m\u0259mnunlu\u011funu bildirib. Milli M\u0259clisin s\u0259dri Az\u0259rbaycan Prezidentinin t\u0259\u015f\u0259bb\u00fcs\u00fc il\u0259 yarad\u0131lm\u0131\u015f v\u0259 Milli M\u0259clisin s\u0259drliyi il\u0259 institusional inki\u015faf v\u0259 beyn\u0259lxalq n\u00fcfuzunun m\u00f6hk\u0259ml\u0259ndirilm\u0259si istiqam\u0259tind\u0259 m\u00fch\u00fcm u\u011furlar \u0259ld\u0259 etmi\u015f Qo\u015fulmama H\u0259r\u0259kat\u0131n\u0131n Parlament \u015e\u0259b\u0259k\u0259si bar\u0259d\u0259 d\u0259 fikirl\u0259rini b\u00f6l\u00fc\u015f\u00fcb.<\/p>\n\n\n\n<p>G\u00f6r\u00fc\u015fd\u0259 qar\u015f\u0131l\u0131ql\u0131 maraq do\u011furan dig\u0259r m\u0259s\u0259l\u0259l\u0259r bar\u0259d\u0259 d\u0259 fikir m\u00fcbadil\u0259si apar\u0131l\u0131b.<\/p>\n","protected":false},"excerpt":{"rendered":"<p>Milli M\u0259clisin s\u0259dri Sahib\u0259 Qafarova Serbiya Respublikas\u0131na i\u015fg\u00fczar s\u0259f\u0259ri \u00e7\u0259r\u00e7iv\u0259sind\u0259 \u018flc\u0259zair Xalq Demokratik Respublikas\u0131 Milli Xalq Assambleyas\u0131n\u0131n s\u0259dri Xalida Bufede\u00e7&hellip;<\/p>\n","protected":false},"author":2,"featured_media":202073,"comment_status":"closed","ping_status":"closed","sticky":false,"template":"","format":"standard","meta":{"om_disable_all_campaigns":false,"_monsterinsights_skip_tracking":false,"_uf_show_specific_survey":0,"_uf_disable_surveys":false,"footnotes":""},"categories":[23,2,7,5],"tags":[],"aioseo_notices":[],"_links":{"self":[{"href":"https:\/\/hakimiyyet.info.az\/index.php?rest_route=\/wp\/v2\/posts\/202072"}],"collection":[{"href":"https:\/\/hakimiyyet.info.az\/index.php?rest_route=\/wp\/v2\/posts"}],"about":[{"href":"https:\/\/hakimiyyet.info.az\/index.php?rest_route=\/wp\/v2\/types\/post"}],"author":[{"embeddable":true,"href":"https:\/\/hakimiyyet.info.az\/index.php?rest_route=\/wp\/v2\/users\/2"}],"replies":[{"embeddable":true,"href":"https:\/\/hakimiyyet.info.az\/index.php?rest_route=%2Fwp%2Fv2%2Fcomments&post=202072"}],"version-history":[{"count":1,"href":"https:\/\/hakimiyyet.info.az\/index.php?rest_route=\/wp\/v2\/posts\/202072\/revisions"}],"predecessor-version":[{"id":202074,"href":"https:\/\/hakimiyyet.info.az\/index.php?rest_route=\/wp\/v2\/posts\/202072\/revisions\/202074"}],"wp:featuredmedia":[{"embeddable":true,"href":"https:\/\/hakimiyyet.info.az\/index.php?rest_route=\/wp\/v2\/media\/202073"}],"wp:attachment":[{"href":"https:\/\/hakimiyyet.info.az\/index.php?rest_route=%2Fwp%2Fv2%2Fmedia&parent=202072"}],"wp:term":[{"taxonomy":"category","embeddable":true,"href":"https:\/\/hakimiyyet.info.az\/index.php?rest_route=%2Fwp%2Fv2%2Fcategories&post=202072"},{"taxonomy":"post_tag","embeddable":true,"href":"https:\/\/hakimiyyet.info.az\/index.php?rest_route=%2Fwp%2Fv2%2Ftags&post=202072"}],"curies":[{"name":"wp","href":"https:\/\/api.w.org\/{rel}","templated":true}]}}