{"id":202145,"date":"2026-09-02T18:58:36","date_gmt":"2026-09-02T14:58:36","guid":{"rendered":"https:\/\/hakimiyyet.info.az\/?p=202145"},"modified":"2026-09-02T18:58:37","modified_gmt":"2026-09-02T14:58:37","slug":"sarayevoda-elyazmalar-institutu-il%c9%99-tarsus-universiteti-arasinda-%c9%99m%c9%99kdasliq-memorandumu-imzalanib","status":"publish","type":"post","link":"https:\/\/hakimiyyet.info.az\/?p=202145","title":{"rendered":"Sarayevoda \u018flyazmalar \u0130nstitutu il\u0259 Tarsus Universiteti aras\u0131nda \u0259m\u0259kda\u015fl\u0131q memorandumu imzalan\u0131b"},"content":{"rendered":"\n<p class=\"has-medium-font-size\"><strong><em>Beyn\u0259lxalq Strateji Ara\u015fd\u0131rmalar M\u0259rk\u0259zinin t\u0259\u015fkilat\u00e7\u0131l\u0131\u011f\u0131 il\u0259 Bosniya v\u0259 Herseqovinan\u0131n paytaxt\u0131 Sarayevoda \u201cII Beyn\u0259lxalq Anadolu Akademik Ara\u015fd\u0131rmalar Simpoziumu\u201d t\u0259\u015fkil olunub.<\/em><\/strong><\/p>\n\n\n\n<p>AMEA M\u0259h\u0259mm\u0259d F\u00fczuli ad\u0131na \u018flyazmalar \u0130nstitutundan&nbsp;<a href=\"https:\/\/azertag.az\/\" target=\"_blank\" rel=\"noreferrer noopener\">AZ\u018fRTAC<\/a>-a bildirilib ki, \u201cD\u0259yi\u015f\u0259n d\u00fcnyada Balkanlar: \u00e7ox\u00f6l\u00e7\u00fcl\u00fc yana\u015fmalar v\u0259 f\u0259nl\u0259raras\u0131 perspektivl\u0259r\u201d m\u00f6vzusunda t\u0259\u015fkil olunan beyn\u0259lxalq elmi t\u0259dbir m\u00fcxt\u0259lif elm sah\u0259l\u0259ri \u00fczr\u0259 t\u0259dqiqat\u00e7\u0131lar\u0131, aliml\u0259ri v\u0259 m\u00fct\u0259x\u0259ssisl\u0259ri bir araya g\u0259tirib.<\/p>\n\n\n\n<p>Simpoziumun \u0259sas m\u0259qs\u0259di m\u00fcxt\u0259lif akademik istiqam\u0259tl\u0259r aras\u0131nda elmi dialoqun inki\u015faf etdirilm\u0259si, m\u00fcasir t\u0259dqiqat n\u0259tic\u0259l\u0259rinin t\u0259qdim olunmas\u0131, beyn\u0259lxalq elmi v\u0259 akademik \u0259m\u0259kda\u015fl\u0131q imkanlar\u0131n\u0131n geni\u015fl\u0259ndirilm\u0259si olub. Beyn\u0259lxalq Sarayevo Universitetinin ev sahibliyi etdiyi simpoziumda \u018flyazmalar \u0130nstitutunun \u0259m\u0259kda\u015flar\u0131 \u0259yani v\u0259 onlayn formatlarda i\u015ftirak edibl\u0259r.<\/p>\n\n\n\n<p>\u0130nstitutun r\u0259q\u0259msal inki\u015faf v\u0259 s\u00fcni intellekt \u00fczr\u0259 direktor m\u00fcavini dosent Xatir\u0259 Yusifova simpoziumda \u201cXIX\u2013XX \u0259srl\u0259rin \u0259vv\u0259ll\u0259rind\u0259 Osmanl\u0131 v\u0259 Balkanlarda f\u0259aliyy\u0259t g\u00f6st\u0259r\u0259n az\u0259rbaycan\u0259silli \u015fairl\u0259rin \u0259d\u0259bi irsinin Az\u0259rbaycana transferi: n\u0259\u015fr tarixi v\u0259 dil m\u0259s\u0259l\u0259l\u0259ri\u201d m\u00f6vzusunda m\u0259ruz\u0259 t\u0259qdim edib. M\u0259ruz\u0259d\u0259 h\u0259min \u015fairl\u0259rin yarad\u0131c\u0131l\u0131q irsinin Az\u0259rbaycana \u00f6t\u00fcr\u00fclm\u0259si v\u0259 elmi d\u00f6vriyy\u0259y\u0259 daxil edilm\u0259si m\u0259s\u0259l\u0259l\u0259ri ara\u015fd\u0131r\u0131l\u0131b, \u0259d\u0259bi irsin n\u0259\u015fr tarixi, m\u0259tnl\u0259rin yay\u0131lma v\u0259 \u00f6t\u00fcr\u00fclm\u0259 yollar\u0131, dil x\u00fcsusiyy\u0259tl\u0259ri, el\u0259c\u0259 d\u0259 Az\u0259rbaycan-Osmanl\u0131-Balkan \u0259d\u0259bi-m\u0259d\u0259ni \u0259laq\u0259l\u0259ri kontekstind\u0259 \u0259h\u0259miyy\u0259ti diqq\u0259t\u0259 \u00e7atd\u0131r\u0131l\u0131b.<\/p>\n\n\n\n<p>\u018flyazmalar \u0130nstitutu Sarayevoda T\u00fcrkiy\u0259d\u0259n 17 olmaqla, \u00fcmumilikd\u0259 25 universitetin rektor v\u0259 n\u00fcmay\u0259nd\u0259l\u0259rinin i\u015ftirak\u0131 il\u0259 ke\u00e7iril\u0259n g\u00f6r\u00fc\u015fd\u0259 d\u0259 t\u0259msil olunub. G\u00f6r\u00fc\u015fd\u0259 dosent X.Yusifova \u018flyazmalar \u0130nstitutunun tarixi, elmi f\u0259aliyy\u0259t istiqam\u0259tl\u0259ri, \u0259lyazma irsinin qorunmas\u0131 v\u0259 t\u0259dqiqi, r\u0259q\u0259msalla\u015fd\u0131r\u0131lmas\u0131, habel\u0259 beyn\u0259lxalq \u0259laq\u0259l\u0259ri bar\u0259d\u0259 m\u0259lumat verib. O, h\u0259m\u00e7inin institutun t\u0259hsil v\u0259 akademik \u0259m\u0259kda\u015fl\u0131\u011f\u0131n inki\u015faf etdirilm\u0259sin\u0259 verdiyi \u00f6n\u0259md\u0259n, xarici universitet v\u0259 elmi-t\u0259dqiqat m\u00fc\u0259ssis\u0259l\u0259ri il\u0259 birg\u0259 layih\u0259l\u0259rin h\u0259yata ke\u00e7irilm\u0259si perspektivl\u0259rind\u0259n b\u0259hs edib.<\/p>\n\n\n\n<p>Beyn\u0259lxalq elmi t\u0259dbir \u00e7\u0259r\u00e7iv\u0259sind\u0259 m\u00fch\u00fcm \u0259m\u0259kda\u015fl\u0131q add\u0131mlar\u0131ndan biri d\u0259 T\u00fcrkiy\u0259nin Tarsus Universiteti il\u0259 AMEA M\u0259h\u0259mm\u0259d F\u00fczuli ad\u0131na \u018flyazmalar \u0130nstitutu aras\u0131nda \u0259m\u0259kda\u015fl\u0131q memorandumunun imzalanmas\u0131 olub. Memorandum t\u0259r\u0259fl\u0259r aras\u0131nda elmi v\u0259 akademik \u0259laq\u0259l\u0259rin geni\u015fl\u0259ndirilm\u0259sini, birg\u0259 t\u0259dqiqatlar\u0131n v\u0259 elmi layih\u0259l\u0259rin h\u0259yata ke\u00e7irilm\u0259sini, elmi t\u0259cr\u00fcb\u0259 m\u00fcbadil\u0259sini, konfrans, simpozium v\u0259 dig\u0259r akademik t\u0259dbirl\u0259rin t\u0259\u015fkilini t\u0259\u015fviq etm\u0259yi n\u0259z\u0259rd\u0259 tutur.<\/p>\n","protected":false},"excerpt":{"rendered":"<p>Beyn\u0259lxalq Strateji Ara\u015fd\u0131rmalar M\u0259rk\u0259zinin t\u0259\u015fkilat\u00e7\u0131l\u0131\u011f\u0131 il\u0259 Bosniya v\u0259 Herseqovinan\u0131n paytaxt\u0131 Sarayevoda \u201cII Beyn\u0259lxalq Anadolu Akademik Ara\u015fd\u0131rmalar Simpoziumu\u201d t\u0259\u015fkil olunub. AMEA&hellip;<\/p>\n","protected":false},"author":2,"featured_media":202146,"comment_status":"closed","ping_status":"closed","sticky":false,"template":"","format":"standard","meta":{"om_disable_all_campaigns":false,"_monsterinsights_skip_tracking":false,"_uf_show_specific_survey":0,"_uf_disable_surveys":false,"footnotes":""},"categories":[23,8,2,5],"tags":[],"aioseo_notices":[],"_links":{"self":[{"href":"https:\/\/hakimiyyet.info.az\/index.php?rest_route=\/wp\/v2\/posts\/202145"}],"collection":[{"href":"https:\/\/hakimiyyet.info.az\/index.php?rest_route=\/wp\/v2\/posts"}],"about":[{"href":"https:\/\/hakimiyyet.info.az\/index.php?rest_route=\/wp\/v2\/types\/post"}],"author":[{"embeddable":true,"href":"https:\/\/hakimiyyet.info.az\/index.php?rest_route=\/wp\/v2\/users\/2"}],"replies":[{"embeddable":true,"href":"https:\/\/hakimiyyet.info.az\/index.php?rest_route=%2Fwp%2Fv2%2Fcomments&post=202145"}],"version-history":[{"count":1,"href":"https:\/\/hakimiyyet.info.az\/index.php?rest_route=\/wp\/v2\/posts\/202145\/revisions"}],"predecessor-version":[{"id":202147,"href":"https:\/\/hakimiyyet.info.az\/index.php?rest_route=\/wp\/v2\/posts\/202145\/revisions\/202147"}],"wp:featuredmedia":[{"embeddable":true,"href":"https:\/\/hakimiyyet.info.az\/index.php?rest_route=\/wp\/v2\/media\/202146"}],"wp:attachment":[{"href":"https:\/\/hakimiyyet.info.az\/index.php?rest_route=%2Fwp%2Fv2%2Fmedia&parent=202145"}],"wp:term":[{"taxonomy":"category","embeddable":true,"href":"https:\/\/hakimiyyet.info.az\/index.php?rest_route=%2Fwp%2Fv2%2Fcategories&post=202145"},{"taxonomy":"post_tag","embeddable":true,"href":"https:\/\/hakimiyyet.info.az\/index.php?rest_route=%2Fwp%2Fv2%2Ftags&post=202145"}],"curies":[{"name":"wp","href":"https:\/\/api.w.org\/{rel}","templated":true}]}}