{"id":202158,"date":"2026-09-02T19:52:18","date_gmt":"2026-09-02T15:52:18","guid":{"rendered":"https:\/\/hakimiyyet.info.az\/?p=202158"},"modified":"2026-09-02T19:52:20","modified_gmt":"2026-09-02T15:52:20","slug":"bakida-sportaccord-sammitinin-hazirligi-muzakir%c9%99-olunub","status":"publish","type":"post","link":"https:\/\/hakimiyyet.info.az\/?p=202158","title":{"rendered":"Bak\u0131da \u201cSportAccord\u201d sammitinin haz\u0131rl\u0131\u011f\u0131 m\u00fczakir\u0259 olunub"},"content":{"rendered":"\n<p class=\"has-medium-font-size\"><strong><em>Sentyabr\u0131n 2-d\u0259 g\u0259ncl\u0259r v\u0259 idman naziri F\u0259rid Qay\u0131bov \u201cSportAccord\u201dun prezidenti U\u011fur Erdener il\u0259 g\u00f6r\u00fc\u015f\u00fcb.<\/em><\/strong><\/p>\n\n\n\n<p>G\u0259ncl\u0259r v\u0259 \u0130dman Nazirliyind\u0259n&nbsp;<a href=\"https:\/\/azertag.az\/\" target=\"_blank\" rel=\"noreferrer noopener\">AZ\u018fRTAC<\/a>-a bildirilib ki, g\u00f6r\u00fc\u015fd\u0259 Az\u0259rbaycanda beyn\u0259lxalq idman t\u0259dbirl\u0259rinin t\u0259\u015fkili, \u00f6lk\u0259mizin \u201cSportAccord\u201d il\u0259 \u0259m\u0259kda\u015fl\u0131\u011f\u0131n\u0131n inki\u015faf etdirilm\u0259si v\u0259 qar\u015f\u0131l\u0131ql\u0131 maraq do\u011furan dig\u0259r m\u0259s\u0259l\u0259l\u0259r \u0259traf\u0131nda fikir m\u00fcbadil\u0259si apar\u0131l\u0131b. H\u0259m\u00e7inin g\u0259l\u0259n il Bak\u0131da ke\u00e7iril\u0259c\u0259k \u201cSportAccord World Sport &amp; Business Summit\u201d\u0259 haz\u0131rl\u0131q m\u0259s\u0259l\u0259l\u0259ri, t\u0259dbirin y\u00fcks\u0259k s\u0259viyy\u0259d\u0259 t\u0259\u015fkili v\u0259 qar\u015f\u0131dak\u0131 d\u00f6vrd\u0259 g\u00f6r\u00fcl\u0259c\u0259k i\u015fl\u0259r m\u00fczakir\u0259 edilib.<\/p>\n\n\n\n<p>G\u00f6r\u00fc\u015fd\u0259 nazirliyin \u0130dman \u015f\u00f6b\u0259sinin m\u00fcdiri Elnur M\u0259mm\u0259dov, Bak\u0131 \u015e\u0259h\u0259r Halqas\u0131 \u018fm\u0259liyyat \u015eirk\u0259tinin icra\u00e7\u0131 direktoru Maqsud F\u0259rzullayev v\u0259 \u201cSportAccord\u201dun icra\u00e7\u0131 direktoru Kelli Firvezer d\u0259 i\u015ftirak edibl\u0259r.<\/p>\n","protected":false},"excerpt":{"rendered":"<p>Sentyabr\u0131n 2-d\u0259 g\u0259ncl\u0259r v\u0259 idman naziri F\u0259rid Qay\u0131bov \u201cSportAccord\u201dun prezidenti U\u011fur Erdener il\u0259 g\u00f6r\u00fc\u015f\u00fcb. G\u0259ncl\u0259r v\u0259 \u0130dman Nazirliyind\u0259n&nbsp;AZ\u018fRTAC-a bildirilib ki,&hellip;<\/p>\n","protected":false},"author":2,"featured_media":202159,"comment_status":"closed","ping_status":"closed","sticky":false,"template":"","format":"standard","meta":{"om_disable_all_campaigns":false,"_monsterinsights_skip_tracking":false,"_uf_show_specific_survey":0,"_uf_disable_surveys":false,"footnotes":""},"categories":[23,13,2,5],"tags":[],"aioseo_notices":[],"_links":{"self":[{"href":"https:\/\/hakimiyyet.info.az\/index.php?rest_route=\/wp\/v2\/posts\/202158"}],"collection":[{"href":"https:\/\/hakimiyyet.info.az\/index.php?rest_route=\/wp\/v2\/posts"}],"about":[{"href":"https:\/\/hakimiyyet.info.az\/index.php?rest_route=\/wp\/v2\/types\/post"}],"author":[{"embeddable":true,"href":"https:\/\/hakimiyyet.info.az\/index.php?rest_route=\/wp\/v2\/users\/2"}],"replies":[{"embeddable":true,"href":"https:\/\/hakimiyyet.info.az\/index.php?rest_route=%2Fwp%2Fv2%2Fcomments&post=202158"}],"version-history":[{"count":1,"href":"https:\/\/hakimiyyet.info.az\/index.php?rest_route=\/wp\/v2\/posts\/202158\/revisions"}],"predecessor-version":[{"id":202160,"href":"https:\/\/hakimiyyet.info.az\/index.php?rest_route=\/wp\/v2\/posts\/202158\/revisions\/202160"}],"wp:featuredmedia":[{"embeddable":true,"href":"https:\/\/hakimiyyet.info.az\/index.php?rest_route=\/wp\/v2\/media\/202159"}],"wp:attachment":[{"href":"https:\/\/hakimiyyet.info.az\/index.php?rest_route=%2Fwp%2Fv2%2Fmedia&parent=202158"}],"wp:term":[{"taxonomy":"category","embeddable":true,"href":"https:\/\/hakimiyyet.info.az\/index.php?rest_route=%2Fwp%2Fv2%2Fcategories&post=202158"},{"taxonomy":"post_tag","embeddable":true,"href":"https:\/\/hakimiyyet.info.az\/index.php?rest_route=%2Fwp%2Fv2%2Ftags&post=202158"}],"curies":[{"name":"wp","href":"https:\/\/api.w.org\/{rel}","templated":true}]}}