{"id":202172,"date":"2026-09-02T20:22:33","date_gmt":"2026-09-02T16:22:33","guid":{"rendered":"https:\/\/hakimiyyet.info.az\/?p=202172"},"modified":"2026-09-02T20:22:34","modified_gmt":"2026-09-02T16:22:34","slug":"biskek-sammiti-prezident-ilham-eliyevin-xarici-siyas%c9%99t-x%c9%99ttinin-muhum-xususiyy%c9%99tini-bir-daha-ortaya-qoyub","status":"publish","type":"post","link":"https:\/\/hakimiyyet.info.az\/?p=202172","title":{"rendered":"Bi\u015fkek sammiti Prezident \u0130lham \u018fliyevin xarici siyas\u0259t x\u0259ttinin m\u00fch\u00fcm x\u00fcsusiyy\u0259tini bir daha ortaya qoyub"},"content":{"rendered":"\n<p class=\"has-medium-font-size\"><strong><em>Prezident \u0130lham \u018fliyevin Bi\u015fkekd\u0259 ke\u00e7iril\u0259n \u015eanxay \u018fm\u0259kda\u015fl\u0131q T\u0259\u015fkilat\u0131n\u0131n sammitind\u0259 i\u015ftirak\u0131n\u0131 d\u00f6vl\u0259timizin ba\u015f\u00e7\u0131s\u0131n\u0131n n\u00f6vb\u0259ti \u00e7oxt\u0259r\u0259fli platformada t\u0259msil olunmas\u0131ndan daha geni\u015f kontekstd\u0259 qiym\u0259tl\u0259ndirm\u0259k laz\u0131md\u0131r. S\u0259f\u0259rin ilk g\u00fcnl\u0259rind\u0259n etibar\u0259n ke\u00e7iril\u0259n intensiv siyasi t\u0259maslar g\u00f6st\u0259rib ki, Az\u0259rbaycan bu g\u00fcn m\u00fcxt\u0259lif g\u00fcc m\u0259rk\u0259zl\u0259ri il\u0259 eyni vaxtda m\u0259zmunlu dialoq aparma\u011f\u0131 bacaran, onlardan biri il\u0259 \u0259m\u0259kda\u015fl\u0131\u011f\u0131 dig\u0259rl\u0259ri il\u0259 m\u00fcnasib\u0259tl\u0259r\u0259 alternativ\u0259 \u00e7evirm\u0259y\u0259n d\u00f6vl\u0259tl\u0259r s\u0131ras\u0131ndad\u0131r.<\/em><\/strong><\/p>\n\n\n\n<p>Bu s\u00f6zl\u0259ri&nbsp;<a href=\"https:\/\/azertag.az\/\" target=\"_blank\" rel=\"noreferrer noopener\">AZ\u018fRTAC<\/a>-a a\u00e7\u0131qlamas\u0131nda Milli M\u0259clisin deputat\u0131 Sevinc F\u0259t\u0259liyeva deyib.<\/p>\n\n\n\n<p>O qeyd edib ki, Az\u0259rbaycan s\u0259rt geosiyasi konstruksiyalara daxil olma\u011fa \u00e7al\u0131\u015fm\u0131r, \u015e\u0259rql\u0259 Q\u0259rb aras\u0131nda se\u00e7im m\u0259ntiqind\u0259n uzaq durur. Bunun \u0259v\u0259zin\u0259 d\u00f6vl\u0259timiz, ilk n\u00f6vb\u0259d\u0259, \u00f6z milli maraqlar\u0131n\u0131 r\u0259hb\u0259r tutaraq ikit\u0259r\u0259fli v\u0259 \u00e7oxt\u0259r\u0259fli \u0259laq\u0259l\u0259r \u015f\u0259b\u0259k\u0259sini ard\u0131c\u0131l \u015f\u0259kild\u0259 geni\u015fl\u0259ndirir.<\/p>\n\n\n\n<p>\u201cBu g\u00fcn r\u0259smi Bak\u0131 T\u00fcrkiy\u0259 v\u0259 M\u0259rk\u0259zi Asiya d\u00f6vl\u0259tl\u0259ri il\u0259 strateji \u0259m\u0259kda\u015fl\u0131\u011f\u0131 inki\u015faf etdirir, \u00c7inl\u0259 m\u00fcnasib\u0259tl\u0259ri d\u0259rinl\u0259\u015fdirir, Rusiya v\u0259 \u0130ranla dialoqu davam etdirir, eyni zamanda, Avropa v\u0259 AB\u015e il\u0259 m\u00fch\u00fcm siyasi v\u0259 iqtisadi \u0259laq\u0259l\u0259rini qoruyub saxlay\u0131r. \u015e\u018fT-in Bi\u015fkek sammiti m\u0259hz bu modelin \u0259yani t\u0259zah\u00fcr\u00fcn\u0259 \u00e7evrilib. Sammit \u00e7\u0259r\u00e7iv\u0259sind\u0259 Prezident \u0130lham \u018fliyev bir s\u0131ra d\u00f6vl\u0259tl\u0259rin r\u0259hb\u0259rl\u0259ri, o c\u00fcml\u0259d\u0259n T\u00fcrkiy\u0259, Qazax\u0131stan, \u0130ran, Belarus prezidentl\u0259ri, h\u0259m\u00e7inin Erm\u0259nistan\u0131n Ba\u015f naziri Nikol Pa\u015finyanla g\u00f6r\u00fc\u015fl\u0259r ke\u00e7irib. \u0130kit\u0259r\u0259fli g\u00fcnd\u0259likl\u0259rin f\u0259rqli olmas\u0131na baxmayaraq, b\u00fct\u00fcn bu t\u0259maslar\u0131 bir m\u00fch\u00fcm m\u0259qam birl\u0259\u015fdirir. Bel\u0259 ki, Az\u0259rbaycan regional t\u0259hl\u00fck\u0259sizlikd\u0259n n\u0259qliyyata, ticar\u0259td\u0259n siyasi \u0259m\u0259kda\u015fl\u0131\u011fa q\u0259d\u0259r geni\u015f spektrd\u0259 dialoq aparmaq qabiliyy\u0259tin\u0259 malik m\u00fcst\u0259qil v\u0259 t\u0259l\u0259b olunan t\u0259r\u0259fda\u015f kimi q\u0259bul edilir.<\/p>\n\n\n\n<p>Az\u0259rbaycan\u0131n \u015e\u018fT il\u0259 qar\u015f\u0131l\u0131ql\u0131 f\u0259aliyy\u0259t format\u0131 da x\u00fcsusi \u0259h\u0259miyy\u0259t da\u015f\u0131y\u0131r. Bak\u0131 2015-ci ild\u0259n t\u0259\u015fkilat\u0131n dialoq \u00fczr\u0259 t\u0259r\u0259fda\u015f\u0131d\u0131r, 2022-ci ild\u0259n is\u0259 Prezident \u0130lham \u018fliyevin \u015e\u018fT sammitl\u0259rind\u0259 i\u015ftirak\u0131 m\u00fcnt\u0259z\u0259m xarakter al\u0131b. D\u00f6vl\u0259timizin ba\u015f\u00e7\u0131s\u0131 S\u0259m\u0259rq\u0259ndd\u0259n sonra Astana, Tiencin v\u0259 indi d\u0259 Bi\u015fkekd\u0259 ke\u00e7iril\u0259n sammitl\u0259rd\u0259 i\u015ftirak edib. Bu ard\u0131c\u0131ll\u0131q art\u0131q epizodik maraqdan deyil, davaml\u0131 siyasi istiqam\u0259tin formala\u015fmas\u0131ndan x\u0259b\u0259r verir\u201d,- dey\u0259 deputat bildirib.<\/p>\n\n\n\n<p>Sevinc F\u0259t\u0259liyeva bildirib ki, \u015e\u018fT \u00f6lk\u0259l\u0259ri il\u0259 m\u00fcnasib\u0259tl\u0259r abstrakt xarakter da\u015f\u0131m\u0131r, m\u00f6hk\u0259m ikit\u0259r\u0259fli t\u0259m\u0259l\u0259 s\u00f6yk\u0259nir. Bi\u015fkekd\u0259 Prezident \u0130lham \u018fliyevl\u0259 Qazax\u0131stan Prezidenti Kas\u0131m-Jomart Tokayev aras\u0131nda ke\u00e7iril\u0259n g\u00f6r\u00fc\u015f bu bax\u0131mdan s\u0259ciyy\u0259vidir. D\u00f6vl\u0259t ba\u015f\u00e7\u0131lar\u0131 strateji t\u0259r\u0259fda\u015fl\u0131q v\u0259 m\u00fctt\u0259fiqlik m\u00fcnasib\u0259tl\u0259rinin u\u011furlu inki\u015faf\u0131n\u0131, n\u0259qliyyat-logistika m\u0259s\u0259l\u0259l\u0259rini v\u0259 Orta D\u0259hlizin perspektivl\u0259rini m\u00fczakir\u0259 edibl\u0259r. Y\u0259ni, siyasi dialoq birba\u015fa iqtisadi layih\u0259l\u0259r\u0259 v\u0259 infrastruktur qar\u015f\u0131l\u0131ql\u0131 as\u0131l\u0131l\u0131\u011f\u0131na transformasiya olunur.<\/p>\n\n\n\n<p>\u201c\u0130ran Prezidenti M\u0259sud Peze\u015fkianla g\u00f6r\u00fc\u015f d\u0259 az \u0259h\u0259miyy\u0259t da\u015f\u0131m\u0131r. Prezident \u0130lham \u018fliyev \u0130ran \u0259traf\u0131nda yaranan v\u0259ziyy\u0259tin s\u00fclh yolu v\u0259 dan\u0131\u015f\u0131qlar vasit\u0259sil\u0259 h\u0259llinin t\u0259r\u0259fdar\u0131 kimi Az\u0259rbaycan\u0131n m\u00f6vqeyini bir daha vur\u011fulay\u0131b. M\u00f6vcud beyn\u0259lxalq \u015f\u0259raitd\u0259 bu yana\u015fma Az\u0259rbaycan diplomatiyas\u0131n\u0131n fundamental prinsipl\u0259rind\u0259n birini \u2014 siyasi dialoqa \u00fcst\u00fcnl\u00fck verilm\u0259sini v\u0259 regionun qar\u015f\u0131durma m\u0259kan\u0131na \u00e7evrilm\u0259sinin q\u0259buledilm\u0259zliyini \u0259ks etdirir.<\/p>\n\n\n\n<p>Erm\u0259nistan\u0131n Ba\u015f naziri Nikol Pa\u015finyanla g\u00f6r\u00fc\u015f d\u0259 eyni d\u0259r\u0259c\u0259d\u0259 \u0259h\u0259miyy\u0259tli idi. T\u0259r\u0259fl\u0259r 2025-ci il avqustun 8-d\u0259 Va\u015finqtonda ke\u00e7iril\u0259n S\u00fclh Sammitinin v\u0259 Az\u0259rbaycan il\u0259 Erm\u0259nistan aras\u0131nda s\u00fclh\u00fcn v\u0259 d\u00f6vl\u0259tl\u0259raras\u0131 m\u00fcnasib\u0259tl\u0259rin t\u0259sis edilm\u0259si haqq\u0131nda Sazi\u015fin raz\u0131la\u015fd\u0131r\u0131lm\u0131\u015f m\u0259tninin paraflanmas\u0131n\u0131n tarixi \u0259h\u0259miyy\u0259tini vur\u011fulay\u0131blar.<\/p>\n\n\n\n<p>Bel\u0259likl\u0259, Bi\u015fkek sammiti Prezident \u0130lham \u018fliyevin xarici siyas\u0259t x\u0259ttinin m\u00fch\u00fcm x\u00fcsusiyy\u0259tini bir daha ortaya qoyub. Az\u0259rbaycan t\u0259r\u0259fda\u015flar\u0131n\u0131n dair\u0259sini geni\u015fl\u0259ndirir, lakin \u00f6z manevr imkanlar\u0131n\u0131 m\u0259hdudla\u015fd\u0131rm\u0131r. B\u00f6y\u00fck d\u00f6vl\u0259tl\u0259rl\u0259 m\u00fcnasib\u0259tl\u0259ri d\u0259rinl\u0259\u015fdirir, lakin m\u00fcst\u0259qil siyas\u0259tind\u0259n imtina etmir. M\u00fcxt\u0259lif beyn\u0259lxalq formatlarda i\u015ftirak edir, lakin onlardan birini dig\u0259rin\u0259 qar\u015f\u0131 qoymur. D\u00fcnya siyas\u0259tind\u0259 ay\u0131r\u0131c\u0131 x\u0259tl\u0259rin getdikc\u0259 daha \u00e7ox \u00f6n\u0259 \u00e7\u0131xd\u0131\u011f\u0131 bir d\u00f6vrd\u0259 bel\u0259 model \u0259lav\u0259 \u0259h\u0259miyy\u0259t qazan\u0131r. Bu yana\u015fma Az\u0259rbaycana yaln\u0131z d\u0259yi\u015f\u0259n beyn\u0259lxalq m\u00fcnasib\u0259tl\u0259r sistemin\u0259 uy\u011funla\u015fmaq deyil, h\u0259m d\u0259 ba\u015f ver\u0259n transformasiyadan \u00f6z m\u00f6vqel\u0259rini m\u00f6hk\u0259ml\u0259ndirm\u0259k \u00fc\u00e7\u00fcn istifad\u0259 etm\u0259k imkan\u0131 yarad\u0131r\u201d, &#8211; dey\u0259 deputat vur\u011fulay\u0131b.<\/p>\n","protected":false},"excerpt":{"rendered":"<p>Prezident \u0130lham \u018fliyevin Bi\u015fkekd\u0259 ke\u00e7iril\u0259n \u015eanxay \u018fm\u0259kda\u015fl\u0131q T\u0259\u015fkilat\u0131n\u0131n sammitind\u0259 i\u015ftirak\u0131n\u0131 d\u00f6vl\u0259timizin ba\u015f\u00e7\u0131s\u0131n\u0131n n\u00f6vb\u0259ti \u00e7oxt\u0259r\u0259fli platformada t\u0259msil olunmas\u0131ndan daha geni\u015f kontekstd\u0259&hellip;<\/p>\n","protected":false},"author":2,"featured_media":202173,"comment_status":"closed","ping_status":"closed","sticky":false,"template":"","format":"standard","meta":{"om_disable_all_campaigns":false,"_monsterinsights_skip_tracking":false,"_uf_show_specific_survey":0,"_uf_disable_surveys":false,"footnotes":""},"categories":[23,47,2,5],"tags":[],"aioseo_notices":[],"_links":{"self":[{"href":"https:\/\/hakimiyyet.info.az\/index.php?rest_route=\/wp\/v2\/posts\/202172"}],"collection":[{"href":"https:\/\/hakimiyyet.info.az\/index.php?rest_route=\/wp\/v2\/posts"}],"about":[{"href":"https:\/\/hakimiyyet.info.az\/index.php?rest_route=\/wp\/v2\/types\/post"}],"author":[{"embeddable":true,"href":"https:\/\/hakimiyyet.info.az\/index.php?rest_route=\/wp\/v2\/users\/2"}],"replies":[{"embeddable":true,"href":"https:\/\/hakimiyyet.info.az\/index.php?rest_route=%2Fwp%2Fv2%2Fcomments&post=202172"}],"version-history":[{"count":1,"href":"https:\/\/hakimiyyet.info.az\/index.php?rest_route=\/wp\/v2\/posts\/202172\/revisions"}],"predecessor-version":[{"id":202174,"href":"https:\/\/hakimiyyet.info.az\/index.php?rest_route=\/wp\/v2\/posts\/202172\/revisions\/202174"}],"wp:featuredmedia":[{"embeddable":true,"href":"https:\/\/hakimiyyet.info.az\/index.php?rest_route=\/wp\/v2\/media\/202173"}],"wp:attachment":[{"href":"https:\/\/hakimiyyet.info.az\/index.php?rest_route=%2Fwp%2Fv2%2Fmedia&parent=202172"}],"wp:term":[{"taxonomy":"category","embeddable":true,"href":"https:\/\/hakimiyyet.info.az\/index.php?rest_route=%2Fwp%2Fv2%2Fcategories&post=202172"},{"taxonomy":"post_tag","embeddable":true,"href":"https:\/\/hakimiyyet.info.az\/index.php?rest_route=%2Fwp%2Fv2%2Ftags&post=202172"}],"curies":[{"name":"wp","href":"https:\/\/api.w.org\/{rel}","templated":true}]}}