{"id":202175,"date":"2026-09-02T20:27:56","date_gmt":"2026-09-02T16:27:56","guid":{"rendered":"https:\/\/hakimiyyet.info.az\/?p=202175"},"modified":"2026-09-02T20:27:57","modified_gmt":"2026-09-02T16:27:57","slug":"prezident-erdogan-turkiy%c9%99nin-beyn%c9%99lxalq-must%c9%99vid%c9%99-movqeyini-daha-da-gucl%c9%99ndirm%c9%99k-ist%c9%99yirik","status":"publish","type":"post","link":"https:\/\/hakimiyyet.info.az\/?p=202175","title":{"rendered":"Prezident \u018frdo\u011fan: T\u00fcrkiy\u0259nin beyn\u0259lxalq m\u00fcst\u0259vid\u0259 m\u00f6vqeyini daha da g\u00fccl\u0259ndirm\u0259k ist\u0259yirik"},"content":{"rendered":"\n<p class=\"has-medium-font-size\"><em><strong>T\u00fcrkiy\u0259nin \u015e\u018fT-\u0259 \u00fczvl\u00fck perspektivinin Q\u0259rb\u0259 arxa \u00e7evirm\u0259k anlam\u0131na g\u0259lmir. M\u0259qs\u0259d 360 d\u0259r\u0259c\u0259lik bax\u0131\u015fla T\u00fcrkiy\u0259nin beyn\u0259lxalq m\u00fcst\u0259vid\u0259 m\u00f6vqeyini daha da g\u00fccl\u0259ndirm\u0259kdir.<\/strong><\/em><\/p>\n\n\n\n<p><a href=\"https:\/\/hakimiyyet.info.az\/\" title=\"Hakimiyyet.info.az\">Hakimiyyet.info.az<\/a>\u00a0x\u0259b\u0259r verir ki, T\u00fcrkiy\u0259 Prezidenti R\u0259c\u0259b Tayyib \u018frdo\u011fan \u015eanxay \u018fm\u0259kda\u015fl\u0131q T\u0259\u015fkilat\u0131n\u0131n (\u015e\u018fT) D\u00f6vl\u0259t Ba\u015f\u00e7\u0131lar\u0131 Zirv\u0259 toplant\u0131s\u0131nda i\u015ftirak etm\u0259k \u00fc\u00e7\u00fcn Q\u0131r\u011f\u0131z\u0131stana s\u0259f\u0259rind\u0259n qay\u0131dark\u0259n t\u0259yyar\u0259d\u0259 jurnalistl\u0259rin suallar\u0131n\u0131 cavabland\u0131rark\u0259n bu bar\u0259d\u0259 dan\u0131\u015f\u0131b.<\/p>\n\n\n\n<p>Rusiya il\u0259 Ukrayna aras\u0131ndak\u0131 m\u00fcharib\u0259y\u0259 toxunan \u018frdo\u011fan bu m\u00fcnaqi\u015f\u0259nin m\u00fcmk\u00fcn q\u0259d\u0259r tez s\u00fclhl\u0259 ba\u015fa \u00e7atmas\u0131n\u0131n h\u0259m T\u00fcrkiy\u0259nin, h\u0259m d\u0259 Rusiya Prezidenti Vladimir Putinin g\u00f6zl\u0259ntisi oldu\u011funu deyib, Qara d\u0259nizd\u0259 m\u00fclki d\u0259niz da\u015f\u0131malar\u0131n\u0131n t\u0259hl\u00fck\u0259sizliyinin vacibliyini vur\u011fulay\u0131b.<\/p>\n\n\n\n<p>\u018frdo\u011fan, x\u00fcsusil\u0259 Afrika qit\u0259sind\u0259 tax\u0131l b\u00f6hran\u0131n\u0131n yenid\u0259n g\u00fcnd\u0259m\u0259 g\u0259ldiyini bildir\u0259r\u0259k problemin daha da b\u00f6y\u00fcm\u0259sind\u0259n \u0259vv\u0259l t\u0259\u015f\u0259bb\u00fcs g\u00f6st\u0259rilm\u0259sinin vacibliyini diqq\u0259t\u0259 \u00e7atd\u0131r\u0131b.<\/p>\n\n\n\n<p>F-35 proqram\u0131 bar\u0259sind\u0259 dan\u0131\u015fan \u00f6lk\u0259 ba\u015f\u00e7\u0131s\u0131 T\u00fcrkiy\u0259nin bu proqrama yenid\u0259n daxil olmas\u0131 il\u0259 ba\u011fl\u0131 dan\u0131\u015f\u0131qlar\u0131n davam etdiyini bildir\u0259r\u0259k, AB\u015e-d\u0259ki prosesl\u0259rin tamamlanmas\u0131ndan sonra m\u0259s\u0259l\u0259nin gerid\u0259 qalaca\u011f\u0131n\u0131 deyib.<\/p>\n\n\n\n<p>O, T\u00fcrkiy\u0259nin KAAN q\u0131r\u0131c\u0131 t\u0259yyar\u0259sinin haz\u0131rlanmas\u0131ndan v\u0259 milli hava h\u00fccumundan m\u00fcdafi\u0259 sisteml\u0259rinin inki\u015faf etdirilm\u0259sind\u0259n imtina etm\u0259y\u0259c\u0259yini vur\u011fulay\u0131b: \u201cT\u00fcrkiy\u0259nin se\u00e7iml\u0259rini art\u0131r\u0131r\u0131q. G\u00fccl\u00fc T\u00fcrkiy\u0259nin yol x\u0259rit\u0259si budur\u201d.<\/p>\n\n\n\n<p>M\u0259kk\u0259 M\u00fcdafi\u0259 \u0130ttifaq\u0131ndan b\u0259hs ed\u0259n \u018frdo\u011fan bu birliyin regionda sabitlik v\u0259 t\u0259hl\u00fck\u0259sizliyin t\u0259min olunmas\u0131 m\u0259qs\u0259dil\u0259 yarad\u0131ld\u0131\u011f\u0131n\u0131 bildirib.<\/p>\n\n\n\n<p>Yunan\u0131stanla ba\u011fl\u0131 m\u0259s\u0259l\u0259l\u0259r\u0259 d\u0259 toxunan T\u00fcrkiy\u0259 Prezidenti \u00f6lk\u0259sinin he\u00e7 kimin torpa\u011f\u0131nda g\u00f6z\u00fc olmad\u0131\u011f\u0131n\u0131, lakin \u00f6z h\u00fcquqlar\u0131n\u0131n pozulmas\u0131na da imkan verm\u0259y\u0259c\u0259yini bildirib.<\/p>\n\n\n\n<p>Prezident \u201cTerrorsuz T\u00fcrkiy\u0259\u201d prosesini yaln\u0131z t\u0259qvim deyil, m\u0259qs\u0259d m\u0259s\u0259l\u0259si kimi qiym\u0259tl\u0259ndirdikl\u0259rini bildirib. D\u00f6vl\u0259t olaraq yol x\u0259rit\u0259sinin, plan\u0131n v\u0259 t\u0259qviml\u0259ndirm\u0259nin m\u00f6vcud oldu\u011funu dey\u0259n \u018frdo\u011fan \u00e7\u0259r\u00e7iv\u0259 qanununun t\u0259tbiqi \u00fc\u00e7\u00fcn terror t\u0259\u015fkilat\u0131n\u0131n faktiki olaraq silah\u0131 yer\u0259 qoymas\u0131n\u0131n v\u0259 l\u0259\u011fv edilm\u0259sinin z\u0259ruri oldu\u011funu vur\u011fulay\u0131b.<\/p>\n\n\n\n<p>O, prosesin silahlar\u0131n t\u0259hvil verilm\u0259si il\u0259 ba\u011fl\u0131 m\u00fc\u0259yy\u0259nl\u0259\u015fdirm\u0259 v\u0259 t\u0259sdiql\u0259m\u0259 mexanizml\u0259ri \u0259sas\u0131nda m\u0259rh\u0259l\u0259li \u015f\u0259kild\u0259 ir\u0259lil\u0259diyini qeyd edib.<\/p>\n\n\n\n<p>O, T\u00fcrkiy\u0259d\u0259 milli h\u0259mr\u0259yliyi z\u0259ifl\u0259d\u0259n v\u0259 terrorun ke\u00e7mi\u015fd\u0259 yaratd\u0131\u011f\u0131 par\u00e7alanma x\u0259tl\u0259rini yenid\u0259n h\u0259r\u0259k\u0259t\u0259 g\u0259tir\u0259 bil\u0259c\u0259k yana\u015fmalar\u0131n q\u0259bul edilm\u0259y\u0259c\u0259yini bildirib.<\/p>\n\n\n\n<p>Suriya Demokratik Q\u00fcvv\u0259l\u0259rinin (SDG) l\u0259\u011fvi m\u0259s\u0259l\u0259sin\u0259 toxunan \u018frdo\u011fan Suriyan\u0131n b\u00fct\u00fcn \u00fcns\u00fcrl\u0259ri il\u0259 vahid v\u0259 b\u00fct\u00f6v olmas\u0131n\u0131 \u0259n \u00e7ox T\u00fcrkiy\u0259nin arzulad\u0131\u011f\u0131n\u0131 bildirib. Onun s\u00f6zl\u0259rin\u0259 g\u00f6r\u0259, bu, Suriyada davaml\u0131 inki\u015faf\u0131n v\u0259 potensial\u0131n art\u0131r\u0131lmas\u0131n\u0131n t\u0259min edilm\u0259si bax\u0131m\u0131ndan m\u00fch\u00fcm \u0259h\u0259miyy\u0259t da\u015f\u0131y\u0131r.<\/p>\n\n\n\n<p>\u018frdo\u011fan hesab edir ki, bu proses b\u00fct\u00fcn region \u00fc\u00e7\u00fcn yeni d\u00f6vr\u00fcn ba\u015flanmas\u0131na \u015f\u0259rait yarada bil\u0259r.<\/p>\n","protected":false},"excerpt":{"rendered":"<p>T\u00fcrkiy\u0259nin \u015e\u018fT-\u0259 \u00fczvl\u00fck perspektivinin Q\u0259rb\u0259 arxa \u00e7evirm\u0259k anlam\u0131na g\u0259lmir. M\u0259qs\u0259d 360 d\u0259r\u0259c\u0259lik bax\u0131\u015fla T\u00fcrkiy\u0259nin beyn\u0259lxalq m\u00fcst\u0259vid\u0259 m\u00f6vqeyini daha da g\u00fccl\u0259ndirm\u0259kdir.&hellip;<\/p>\n","protected":false},"author":2,"featured_media":202176,"comment_status":"closed","ping_status":"closed","sticky":false,"template":"","format":"standard","meta":{"om_disable_all_campaigns":false,"_monsterinsights_skip_tracking":false,"_uf_show_specific_survey":0,"_uf_disable_surveys":false,"footnotes":""},"categories":[23,9,5],"tags":[],"aioseo_notices":[],"_links":{"self":[{"href":"https:\/\/hakimiyyet.info.az\/index.php?rest_route=\/wp\/v2\/posts\/202175"}],"collection":[{"href":"https:\/\/hakimiyyet.info.az\/index.php?rest_route=\/wp\/v2\/posts"}],"about":[{"href":"https:\/\/hakimiyyet.info.az\/index.php?rest_route=\/wp\/v2\/types\/post"}],"author":[{"embeddable":true,"href":"https:\/\/hakimiyyet.info.az\/index.php?rest_route=\/wp\/v2\/users\/2"}],"replies":[{"embeddable":true,"href":"https:\/\/hakimiyyet.info.az\/index.php?rest_route=%2Fwp%2Fv2%2Fcomments&post=202175"}],"version-history":[{"count":1,"href":"https:\/\/hakimiyyet.info.az\/index.php?rest_route=\/wp\/v2\/posts\/202175\/revisions"}],"predecessor-version":[{"id":202177,"href":"https:\/\/hakimiyyet.info.az\/index.php?rest_route=\/wp\/v2\/posts\/202175\/revisions\/202177"}],"wp:featuredmedia":[{"embeddable":true,"href":"https:\/\/hakimiyyet.info.az\/index.php?rest_route=\/wp\/v2\/media\/202176"}],"wp:attachment":[{"href":"https:\/\/hakimiyyet.info.az\/index.php?rest_route=%2Fwp%2Fv2%2Fmedia&parent=202175"}],"wp:term":[{"taxonomy":"category","embeddable":true,"href":"https:\/\/hakimiyyet.info.az\/index.php?rest_route=%2Fwp%2Fv2%2Fcategories&post=202175"},{"taxonomy":"post_tag","embeddable":true,"href":"https:\/\/hakimiyyet.info.az\/index.php?rest_route=%2Fwp%2Fv2%2Ftags&post=202175"}],"curies":[{"name":"wp","href":"https:\/\/api.w.org\/{rel}","templated":true}]}}