{"id":202421,"date":"2026-09-04T21:41:54","date_gmt":"2026-09-04T17:41:54","guid":{"rendered":"https:\/\/hakimiyyet.info.az\/?p=202421"},"modified":"2026-09-04T21:41:55","modified_gmt":"2026-09-04T17:41:55","slug":"fransada-polisl%c9%99rin-kutl%c9%99vi-etiraz-aksiyasi-gozl%c9%99nilir","status":"publish","type":"post","link":"https:\/\/hakimiyyet.info.az\/?p=202421","title":{"rendered":"Fransada polisl\u0259rin k\u00fctl\u0259vi etiraz aksiyas\u0131 g\u00f6zl\u0259nilir"},"content":{"rendered":"\n<p class=\"has-medium-font-size\"><strong><em>Fransada polis\u0259r sentyabr\u0131n 15-d\u0259 k\u00fctl\u0259vi etiraz aksiyas\u0131 ke\u00e7ir\u0259c\u0259k. Daxili i\u015fl\u0259r naziri Loran N\u00fcnez il\u0259 g\u00f6r\u00fc\u015fd\u0259n naraz\u0131 ayr\u0131lan h\u0259mkarlar ittifaqlar\u0131 n\u00fcmay\u0259nd\u0259l\u0259ri bu bar\u0259d\u0259 x\u0259b\u0259rdarl\u0131q edibl\u0259r.<\/em><\/strong><\/p>\n\n\n\n<p><a href=\"https:\/\/hakimiyyet.info.az\/\" title=\"Hakimiyyet.info.az\">Hakimiyyet.info.az<\/a>\u00a0x\u0259b\u0259r verir ki, polisl\u0259r \u0259sas\u0259n maa\u015flar\u0131n v\u0259 risk \u0259lav\u0259sinin art\u0131r\u0131lmas\u0131n\u0131 (ISSP) t\u0259l\u0259b edirl\u0259r. ISSP risk \u0259lav\u0259si 2019-cu ild\u0259n b\u0259ri art\u0131r\u0131lmay\u0131b.<\/p>\n\n\n\n<p>\u201cAlliance\u201d h\u0259mkarlar ittifaq\u0131 polis \u00fc\u00e7\u00fcn illik b\u00fcdc\u0259nin 300\u2013500 milyon avro art\u0131r\u0131lmas\u0131n\u0131 t\u0259l\u0259b edir. T\u0259\u015fkilat\u0131n r\u0259hb\u0259ri Faby\u0259n Vanhemelrik sentyabr\u0131n 15-d\u0259 minl\u0259rl\u0259 polis \u0259m\u0259kda\u015f\u0131n\u0131n k\u00fc\u00e7\u0259l\u0259r\u0259 \u00e7\u0131xaca\u011f\u0131n\u0131 bildirib.<\/p>\n\n\n\n<p>\u201cUN1TE\u201d h\u0259mkarlar ittifaq\u0131 da aksiyan\u0131 d\u0259st\u0259kl\u0259yir v\u0259 nazirlikl\u0259 yeni dan\u0131\u015f\u0131qlar\u0131n ke\u00e7iril\u0259c\u0259yin\u0259 \u00fcmid edir.<\/p>\n\n\n\n<p>Polisl\u0259rin artan naraz\u0131l\u0131\u011f\u0131 Fransada b\u00fcdc\u0259 m\u00fczakir\u0259l\u0259ri fonunda yeni sosial g\u0259rginlik yarad\u0131r.<\/p>\n","protected":false},"excerpt":{"rendered":"<p>Fransada polis\u0259r sentyabr\u0131n 15-d\u0259 k\u00fctl\u0259vi etiraz aksiyas\u0131 ke\u00e7ir\u0259c\u0259k. Daxili i\u015fl\u0259r naziri Loran N\u00fcnez il\u0259 g\u00f6r\u00fc\u015fd\u0259n naraz\u0131 ayr\u0131lan h\u0259mkarlar ittifaqlar\u0131 n\u00fcmay\u0259nd\u0259l\u0259ri&hellip;<\/p>\n","protected":false},"author":2,"featured_media":202422,"comment_status":"closed","ping_status":"closed","sticky":false,"template":"","format":"standard","meta":{"om_disable_all_campaigns":false,"_monsterinsights_skip_tracking":false,"_uf_show_specific_survey":0,"_uf_disable_surveys":false,"footnotes":""},"categories":[23,9,5],"tags":[],"aioseo_notices":[],"_links":{"self":[{"href":"https:\/\/hakimiyyet.info.az\/index.php?rest_route=\/wp\/v2\/posts\/202421"}],"collection":[{"href":"https:\/\/hakimiyyet.info.az\/index.php?rest_route=\/wp\/v2\/posts"}],"about":[{"href":"https:\/\/hakimiyyet.info.az\/index.php?rest_route=\/wp\/v2\/types\/post"}],"author":[{"embeddable":true,"href":"https:\/\/hakimiyyet.info.az\/index.php?rest_route=\/wp\/v2\/users\/2"}],"replies":[{"embeddable":true,"href":"https:\/\/hakimiyyet.info.az\/index.php?rest_route=%2Fwp%2Fv2%2Fcomments&post=202421"}],"version-history":[{"count":1,"href":"https:\/\/hakimiyyet.info.az\/index.php?rest_route=\/wp\/v2\/posts\/202421\/revisions"}],"predecessor-version":[{"id":202423,"href":"https:\/\/hakimiyyet.info.az\/index.php?rest_route=\/wp\/v2\/posts\/202421\/revisions\/202423"}],"wp:featuredmedia":[{"embeddable":true,"href":"https:\/\/hakimiyyet.info.az\/index.php?rest_route=\/wp\/v2\/media\/202422"}],"wp:attachment":[{"href":"https:\/\/hakimiyyet.info.az\/index.php?rest_route=%2Fwp%2Fv2%2Fmedia&parent=202421"}],"wp:term":[{"taxonomy":"category","embeddable":true,"href":"https:\/\/hakimiyyet.info.az\/index.php?rest_route=%2Fwp%2Fv2%2Fcategories&post=202421"},{"taxonomy":"post_tag","embeddable":true,"href":"https:\/\/hakimiyyet.info.az\/index.php?rest_route=%2Fwp%2Fv2%2Ftags&post=202421"}],"curies":[{"name":"wp","href":"https:\/\/api.w.org\/{rel}","templated":true}]}}