{"id":202435,"date":"2026-09-05T13:07:28","date_gmt":"2026-09-05T09:07:28","guid":{"rendered":"https:\/\/hakimiyyet.info.az\/?p=202435"},"modified":"2026-09-05T13:07:30","modified_gmt":"2026-09-05T09:07:30","slug":"sanliurfa-boyuks%c9%99h%c9%99r-b%c9%99l%c9%99diyy%c9%99sinin-s%c9%99dri-az%c9%99rbaycanla-bizi-ortaq-m%c9%99d%c9%99niyy%c9%99t-tarix-v%c9%99-dil-baglayir","status":"publish","type":"post","link":"https:\/\/hakimiyyet.info.az\/?p=202435","title":{"rendered":"\u015eanl\u0131urfa B\u00f6y\u00fck\u015f\u0259h\u0259r B\u0259l\u0259diyy\u0259sinin s\u0259dri: Az\u0259rbaycanla bizi ortaq m\u0259d\u0259niyy\u0259t, tarix v\u0259 dil ba\u011flay\u0131r"},"content":{"rendered":"\n<p class=\"has-medium-font-size\"><strong><em>Bu g\u00fcn Bak\u0131 Fotoqrafiya Evind\u0259 a\u00e7\u0131lan s\u0259rgi \u015eanl\u0131urfan\u0131n z\u0259ngin tarixi v\u0259 arxeoloji irsini \u0259ks etdir\u0259n geni\u015f fotoarxivd\u0259n se\u00e7ilmi\u015f n\u00fcmun\u0259l\u0259ri t\u0259qdim edir. S\u0259rgid\u0259 n\u00fcmayi\u015f olunan fotolar vasit\u0259sil\u0259 ziyar\u0259t\u00e7il\u0259r \u015eanl\u0131urfan\u0131n tarixi m\u0259kanlar\u0131 v\u0259 m\u0259d\u0259ni irsi il\u0259 daha yax\u0131ndan tan\u0131\u015f olmaq imkan\u0131 \u0259ld\u0259 edirl\u0259r.<\/em><\/strong><\/p>\n\n\n\n<p><a href=\"https:\/\/hakimiyyet.info.az\/\" title=\"Hakimiyyet.info.az\">Hakimiyyet.info.az<\/a>\u00a0x\u0259b\u0259r verir ki, bunu \u015eanl\u0131urfa B\u00f6y\u00fck\u015f\u0259h\u0259r B\u0259l\u0259diyy\u0259sinin s\u0259dri Mehmet Kas\u0131m G\u00fclp\u0131nar &#8220;Tarixin q\u0259lbi X\u0259z\u0259rin sahilind\u0259: \u015eanl\u0131urfa M\u0259d\u0259niyy\u0259t G\u00fcnl\u0259ri\u201d \u00e7\u0259r\u00e7iv\u0259sind\u0259 sentyabr\u0131n 5-d\u0259 ke\u00e7iril\u0259n m\u0259tbuat konfrans\u0131nda deyib.<\/p>\n\n\n\n<p>\u201cAz\u0259rbaycanla bizi ortaq m\u0259d\u0259niyy\u0259t, tarix v\u0259 dil ba\u011flay\u0131r. Burada e\u015fitdiyim bir \u00e7ox s\u00f6zl\u0259r q\u0259dim t\u00fcrk dilini, el\u0259c\u0259 d\u0259 \u015eanl\u0131urfan\u0131n yerli dan\u0131\u015f\u0131q x\u00fcsusiyy\u0259tl\u0259rini xat\u0131rlad\u0131r. Bu ox\u015farl\u0131qlar\u0131 g\u00f6rm\u0259k m\u0259nim \u00fc\u00e7\u00fcn b\u00f6y\u00fck sevincdir\u201d, \u2013 dey\u0259 o bildirib.<\/p>\n\n\n\n<p>\u015eanl\u0131urfa B\u00f6y\u00fck\u015f\u0259h\u0259r B\u0259l\u0259diyy\u0259sinin s\u0259dri vur\u011fulay\u0131b ki, Az\u0259rbaycan il\u0259 T\u00fcrkiy\u0259 aras\u0131nda uzun ill\u0259r\u0259 s\u00f6yk\u0259n\u0259n dostluq v\u0259 qarda\u015fl\u0131q m\u00fcnasib\u0259tl\u0259ri m\u00f6vcuddur: \u201c\u015eanl\u0131urfa M\u0259d\u0259niyy\u0259t G\u00fcnl\u0259ri\u201dnin ke\u00e7irilm\u0259si d\u0259 bu \u0259laq\u0259l\u0259rin daha da inki\u015faf etdirilm\u0259sin\u0259, xalqlar\u0131m\u0131z\u0131n ortaq tarixi, dili v\u0259 m\u0259d\u0259ni d\u0259y\u0259rl\u0259rinin t\u0259bli\u011fin\u0259 m\u00fch\u00fcm t\u00f6hf\u0259 verir&#8221;.<\/p>\n","protected":false},"excerpt":{"rendered":"<p>Bu g\u00fcn Bak\u0131 Fotoqrafiya Evind\u0259 a\u00e7\u0131lan s\u0259rgi \u015eanl\u0131urfan\u0131n z\u0259ngin tarixi v\u0259 arxeoloji irsini \u0259ks etdir\u0259n geni\u015f fotoarxivd\u0259n se\u00e7ilmi\u015f n\u00fcmun\u0259l\u0259ri t\u0259qdim&hellip;<\/p>\n","protected":false},"author":2,"featured_media":202436,"comment_status":"closed","ping_status":"closed","sticky":false,"template":"","format":"standard","meta":{"om_disable_all_campaigns":false,"_monsterinsights_skip_tracking":false,"_uf_show_specific_survey":0,"_uf_disable_surveys":false,"footnotes":""},"categories":[23,12,2,5],"tags":[],"aioseo_notices":[],"_links":{"self":[{"href":"https:\/\/hakimiyyet.info.az\/index.php?rest_route=\/wp\/v2\/posts\/202435"}],"collection":[{"href":"https:\/\/hakimiyyet.info.az\/index.php?rest_route=\/wp\/v2\/posts"}],"about":[{"href":"https:\/\/hakimiyyet.info.az\/index.php?rest_route=\/wp\/v2\/types\/post"}],"author":[{"embeddable":true,"href":"https:\/\/hakimiyyet.info.az\/index.php?rest_route=\/wp\/v2\/users\/2"}],"replies":[{"embeddable":true,"href":"https:\/\/hakimiyyet.info.az\/index.php?rest_route=%2Fwp%2Fv2%2Fcomments&post=202435"}],"version-history":[{"count":1,"href":"https:\/\/hakimiyyet.info.az\/index.php?rest_route=\/wp\/v2\/posts\/202435\/revisions"}],"predecessor-version":[{"id":202437,"href":"https:\/\/hakimiyyet.info.az\/index.php?rest_route=\/wp\/v2\/posts\/202435\/revisions\/202437"}],"wp:featuredmedia":[{"embeddable":true,"href":"https:\/\/hakimiyyet.info.az\/index.php?rest_route=\/wp\/v2\/media\/202436"}],"wp:attachment":[{"href":"https:\/\/hakimiyyet.info.az\/index.php?rest_route=%2Fwp%2Fv2%2Fmedia&parent=202435"}],"wp:term":[{"taxonomy":"category","embeddable":true,"href":"https:\/\/hakimiyyet.info.az\/index.php?rest_route=%2Fwp%2Fv2%2Fcategories&post=202435"},{"taxonomy":"post_tag","embeddable":true,"href":"https:\/\/hakimiyyet.info.az\/index.php?rest_route=%2Fwp%2Fv2%2Ftags&post=202435"}],"curies":[{"name":"wp","href":"https:\/\/api.w.org\/{rel}","templated":true}]}}