{"id":202455,"date":"2026-09-05T14:22:25","date_gmt":"2026-09-05T10:22:25","guid":{"rendered":"https:\/\/hakimiyyet.info.az\/?p=202455"},"modified":"2026-09-05T14:22:27","modified_gmt":"2026-09-05T10:22:27","slug":"az%c9%99rbaycan-istanbul-iqlim-maliyy%c9%99si-sammitind%c9%99-t%c9%99msil-olunub","status":"publish","type":"post","link":"https:\/\/hakimiyyet.info.az\/?p=202455","title":{"rendered":"Az\u0259rbaycan \u201c\u0130stanbul \u0130qlim Maliyy\u0259si Sammiti\u201dnd\u0259 t\u0259msil olunub"},"content":{"rendered":"\n<p class=\"has-medium-font-size\"><strong><em>\u0130stanbul \u015f\u0259h\u0259rind\u0259 T\u00fcrkiy\u0259nin COP31 s\u0259drliyi \u00e7\u0259r\u00e7iv\u0259sind\u0259 \u201c\u0130stanbul \u0130qlim Maliyy\u0259si Sammiti\u201d ba\u015f tutub.<\/em><\/strong><\/p>\n\n\n\n<p>Xarici \u0130\u015fl\u0259r Nazirliyinin M\u0259tbuat xidm\u0259ti idar\u0259sind\u0259n&nbsp;<a href=\"https:\/\/azertag.az\/\" target=\"_blank\" rel=\"noreferrer noopener\">AZ\u018fRTAC<\/a>-a veril\u0259n m\u0259lumata g\u00f6r\u0259, t\u0259dbird\u0259 Az\u0259rbaycan\u0131 T\u00fcrkiy\u0259nin COP31 s\u0259drliyinin M\u0259\u015fv\u0259r\u0259t Hey\u0259tinin \u00fczvl\u0259ri qismind\u0259 Az\u0259rbaycan Prezidentinin iqlim m\u0259s\u0259l\u0259l\u0259ri \u00fczr\u0259 n\u00fcmay\u0259nd\u0259si Muxtar Babayev v\u0259 xarici i\u015fl\u0259r nazirinin m\u00fcavini Yal\u00e7\u0131n R\u0259fiyev t\u0259msil edib.<\/p>\n\n\n\n<p>T\u0259dbir \u00e7\u0259r\u00e7iv\u0259sind\u0259 iqlim maliyy\u0259sin\u0259 h\u0259sr olunmu\u015f panel m\u00fczakir\u0259l\u0259ri, y\u00fcks\u0259ks\u0259viyy\u0259li sessiyalar, d\u0259yirmi masa g\u00f6r\u00fc\u015fl\u0259ri v\u0259 m\u00fcxt\u0259lif tematik m\u00fczakir\u0259l\u0259r ke\u00e7irilib.<\/p>\n\n\n\n<p>D\u00f6vl\u0259t qurumlar\u0131n\u0131n, \u00e7oxt\u0259r\u0259fli inki\u015faf banklar\u0131n\u0131n, beyn\u0259lxalq maliyy\u0259 institutlar\u0131n\u0131n, investorlar\u0131n v\u0259 \u00f6z\u0259l sektor n\u00fcmay\u0259nd\u0259l\u0259rinin bir araya g\u0259ldiyi sammitd\u0259 iqlim maliyy\u0259si, iqlim d\u0259yi\u015fikliyin\u0259 dayan\u0131ql\u0131 \u015f\u0259h\u0259rl\u0259rin inki\u015faf\u0131, COP31-\u0259 haz\u0131rl\u0131q v\u0259 dig\u0259r aktual m\u0259s\u0259l\u0259l\u0259r m\u00fczakir\u0259 olunub.<\/p>\n\n\n\n<p>Nazir m\u00fcavini Yal\u00e7\u0131n R\u0259fiyev \u201c\u0130qlim\u0259 davaml\u0131 \u015f\u0259h\u0259rl\u0259rin iqlim maliyy\u0259si\u201d m\u00f6vzusunda d\u0259yirmi masa m\u00fczakir\u0259l\u0259rind\u0259 moderator qismind\u0259 i\u015ftirak v\u0259 \u00e7\u0131x\u0131\u015f edib.<\/p>\n\n\n\n<p>Nazir m\u00fcavini \u00e7\u0131x\u0131\u015f\u0131nda COP29 \u00e7\u0259r\u00e7iv\u0259sind\u0259 \u0130qlim Maliyy\u0259l\u0259\u015fdirilm\u0259si \u00fczr\u0259 Yeni Kollektiv K\u0259miyy\u0259t H\u0259d\u0259fin\u0259 (NCQG), dig\u0259r ad\u0131 il\u0259 Bak\u0131 Maliyy\u0259 H\u0259d\u0259fin\u0259 dair raz\u0131la\u015fman\u0131n \u0259ld\u0259 olundu\u011funu v\u0259 ilk d\u0259f\u0259 olaraq inki\u015faf etm\u0259kd\u0259 olan \u00f6lk\u0259l\u0259r\u0259 d\u0259st\u0259yin 2035-ci il\u0259d\u0259k 1,3 trilyon AB\u015e dollar\u0131na \u00e7atd\u0131r\u0131lmas\u0131n\u0131 n\u0259z\u0259rd\u0259 tutan uzunm\u00fcdd\u0259tli maliyy\u0259l\u0259\u015fdirm\u0259 m\u0259qs\u0259dinin m\u00fc\u0259yy\u0259nl\u0259\u015fdirildiyini bildirib.<\/p>\n\n\n\n<p>COP29-un F\u0259aliyy\u0259t G\u00fcnd\u0259liyind\u0259 dayan\u0131ql\u0131 \u015f\u0259h\u0259rl\u0259r m\u00f6vzusunun \u0259sas istiqam\u0259tl\u0259rd\u0259n biri kimi m\u00fc\u0259yy\u0259nl\u0259\u015fdirildiyini vur\u011fulayan Y.R\u0259fiyev bu \u00e7\u0259r\u00e7iv\u0259d\u0259 Bak\u0131 Davaml\u0131l\u0131q Koalisiyas\u0131 v\u0259 Dayan\u0131ql\u0131 v\u0259 Sa\u011flam \u015e\u0259h\u0259rl\u0259r \u00fczr\u0259 \u00c7oxsektorlu F\u0259aliyy\u0259t Yollar\u0131 (MAP) t\u0259\u015f\u0259bb\u00fcs\u00fcn\u00fcn ir\u0259li s\u00fcr\u00fcld\u00fcy\u00fcn\u00fc qeyd edib.<\/p>\n\n\n\n<p>Cari ilin may ay\u0131nda Bak\u0131da ke\u00e7iril\u0259n 13-c\u00fc D\u00fcnya \u015e\u0259h\u0259rsalma Forumuna (WUF13) toxunan Yal\u00e7\u0131n R\u0259fiyev forumun \u015f\u0259h\u0259rl\u0259rin iqlim dayan\u0131ql\u0131l\u0131\u011f\u0131 g\u00fcnd\u0259liyinin inki\u015faf\u0131 bax\u0131m\u0131ndan m\u00fch\u00fcm n\u0259tic\u0259l\u0259r verdiyini vur\u011fulay\u0131b. O, \u0259ld\u0259 olunan n\u0259tic\u0259l\u0259rin davaml\u0131l\u0131\u011f\u0131n\u0131n t\u0259min edilm\u0259si bax\u0131m\u0131ndan \u00f6lk\u0259mizd\u0259 n\u00f6vb\u0259ti h\u0259ft\u0259 ke\u00e7iril\u0259c\u0259k Bak\u0131 \u0130qlim F\u0259aliyy\u0259ti H\u0259ft\u0259sinin \u0259h\u0259miyy\u0259tini qeyd edib.<\/p>\n\n\n\n<p>M.Babayev v\u0259 Y.R\u0259fiyev, h\u0259m\u00e7inin T\u00fcrkiy\u0259nin \u0259traf m\u00fchit, \u015f\u0259h\u0259rsalma v\u0259 iqlim d\u0259yi\u015fikliyi naziri Murat Kurumun s\u0259drliyi il\u0259 ke\u00e7iril\u0259n \u201c\u0130qlim \u00f6hd\u0259likl\u0259rinin yerin\u0259 yetirilm\u0259si k\u00f6rp\u00fcs\u00fc: \u0130cra v\u0259 maliyy\u0259l\u0259\u015fm\u0259 \u00fc\u00e7\u00fcn y\u00fcks\u0259ks\u0259viyy\u0259li yol x\u0259rit\u0259si\u201d adl\u0131 y\u00fcks\u0259ks\u0259viyy\u0259li sessiyada da \u00e7\u0131x\u0131\u015f edib v\u0259 COP29-un tarixi n\u0259tic\u0259l\u0259rinin iqlim maliyy\u0259l\u0259\u015fm\u0259si m\u00f6vzusunda qlobal m\u00fczakir\u0259l\u0259r\u0259 verdiyi t\u00f6hf\u0259ni diqq\u0259t\u0259 \u00e7atd\u0131r\u0131blar.<\/p>\n\n\n\n<figure class=\"wp-block-image size-full\"><img decoding=\"async\" loading=\"lazy\" width=\"944\" height=\"630\" src=\"https:\/\/hakimiyyet.info.az\/wp-content\/uploads\/2026\/09\/Istanbul-Iqlim-Maliyy\u0259si-Sammiti-1.jpg\" alt=\"\" class=\"wp-image-202457\" srcset=\"https:\/\/hakimiyyet.info.az\/wp-content\/uploads\/2026\/09\/Istanbul-Iqlim-Maliyy\u0259si-Sammiti-1.jpg 944w, https:\/\/hakimiyyet.info.az\/wp-content\/uploads\/2026\/09\/Istanbul-Iqlim-Maliyy\u0259si-Sammiti-1-300x200.jpg 300w, https:\/\/hakimiyyet.info.az\/wp-content\/uploads\/2026\/09\/Istanbul-Iqlim-Maliyy\u0259si-Sammiti-1-768x513.jpg 768w\" sizes=\"(max-width: 944px) 100vw, 944px\" \/><\/figure>\n","protected":false},"excerpt":{"rendered":"<p>\u0130stanbul \u015f\u0259h\u0259rind\u0259 T\u00fcrkiy\u0259nin COP31 s\u0259drliyi \u00e7\u0259r\u00e7iv\u0259sind\u0259 \u201c\u0130stanbul \u0130qlim Maliyy\u0259si Sammiti\u201d ba\u015f tutub. Xarici \u0130\u015fl\u0259r Nazirliyinin M\u0259tbuat xidm\u0259ti idar\u0259sind\u0259n&nbsp;AZ\u018fRTAC-a veril\u0259n m\u0259lumata&hellip;<\/p>\n","protected":false},"author":2,"featured_media":202456,"comment_status":"closed","ping_status":"closed","sticky":false,"template":"","format":"standard","meta":{"om_disable_all_campaigns":false,"_monsterinsights_skip_tracking":false,"_uf_show_specific_survey":0,"_uf_disable_surveys":false,"footnotes":""},"categories":[23,2,7,5],"tags":[],"aioseo_notices":[],"_links":{"self":[{"href":"https:\/\/hakimiyyet.info.az\/index.php?rest_route=\/wp\/v2\/posts\/202455"}],"collection":[{"href":"https:\/\/hakimiyyet.info.az\/index.php?rest_route=\/wp\/v2\/posts"}],"about":[{"href":"https:\/\/hakimiyyet.info.az\/index.php?rest_route=\/wp\/v2\/types\/post"}],"author":[{"embeddable":true,"href":"https:\/\/hakimiyyet.info.az\/index.php?rest_route=\/wp\/v2\/users\/2"}],"replies":[{"embeddable":true,"href":"https:\/\/hakimiyyet.info.az\/index.php?rest_route=%2Fwp%2Fv2%2Fcomments&post=202455"}],"version-history":[{"count":1,"href":"https:\/\/hakimiyyet.info.az\/index.php?rest_route=\/wp\/v2\/posts\/202455\/revisions"}],"predecessor-version":[{"id":202458,"href":"https:\/\/hakimiyyet.info.az\/index.php?rest_route=\/wp\/v2\/posts\/202455\/revisions\/202458"}],"wp:featuredmedia":[{"embeddable":true,"href":"https:\/\/hakimiyyet.info.az\/index.php?rest_route=\/wp\/v2\/media\/202456"}],"wp:attachment":[{"href":"https:\/\/hakimiyyet.info.az\/index.php?rest_route=%2Fwp%2Fv2%2Fmedia&parent=202455"}],"wp:term":[{"taxonomy":"category","embeddable":true,"href":"https:\/\/hakimiyyet.info.az\/index.php?rest_route=%2Fwp%2Fv2%2Fcategories&post=202455"},{"taxonomy":"post_tag","embeddable":true,"href":"https:\/\/hakimiyyet.info.az\/index.php?rest_route=%2Fwp%2Fv2%2Ftags&post=202455"}],"curies":[{"name":"wp","href":"https:\/\/api.w.org\/{rel}","templated":true}]}}