{"id":22188,"date":"2020-04-06T18:52:16","date_gmt":"2020-04-06T14:52:16","guid":{"rendered":"https:\/\/www.hakimiyyet.com\/?p=22188"},"modified":"2020-04-06T18:52:16","modified_gmt":"2020-04-06T14:52:16","slug":"prezident-ilham-%c9%99liyev-yasi-65-d%c9%99n-yuxari-olan-176-m%c9%99hkumu-%c9%99fv-edib","status":"publish","type":"post","link":"https:\/\/hakimiyyet.info.az\/?p=22188","title":{"rendered":"Prezident \u0130lham \u018fliyev ya\u015f\u0131 65-d\u0259n yuxar\u0131 olan 176 m\u0259hkumu \u0259fv edib"},"content":{"rendered":"<p>Aprelin 6-da Prezident \u0130lham \u018fliyev \u201cM\u0259hkum edilmi\u015f bir s\u0131ra \u015f\u0259xsl\u0259rin \u0259fv olunmas\u0131 haqq\u0131nda\u201d S\u0259r\u0259ncam imzalay\u0131b.<\/p>\n<p><a class=\"azertac-link\" href=\"https:\/\/azertag.az\/\" target=\"_blank\" rel=\"noopener noreferrer\">AZ\u018fRTAC<\/a>\u00a0x\u0259b\u0259r verir ki, d\u00f6vl\u0259timizin ba\u015f\u00e7\u0131s\u0131 bu S\u0259r\u0259ncam\u0131 d\u00fcnyada koronavirus (COVID-19) infeksiyas\u0131n\u0131n yay\u0131lmas\u0131 il\u0259 \u0259laq\u0259dar ya\u015f\u0131na v\u0259 s\u0259hh\u0259tin\u0259 g\u00f6r\u0259 x\u00fcsusi qay\u011f\u0131ya ehtiyac duyan ya\u015f\u0131 65-d\u0259n yuxar\u0131 olan m\u0259hkumlar\u0131n v\u0259 onlar\u0131n ail\u0259 \u00fczvl\u0259rinin ona \u00fcnvanlanm\u0131\u015f \u0259fv haqq\u0131nda m\u00fcraci\u0259tl\u0259rin\u0259 baxaraq, m\u0259hkumlar\u0131n sa\u011flaml\u0131q v\u0259ziyy\u0259tini, c\u0259za \u00e7\u0259kdikl\u0259ri m\u00fcdd\u0259td\u0259 davran\u0131\u015flar\u0131n\u0131 n\u0259z\u0259r\u0259 alaraq v\u0259 humanizm prinsipl\u0259rin\u0259 \u0259saslanaraq imzalay\u0131b.<\/p>\n<p>S\u0259r\u0259ncama \u0259sas\u0259n, azadl\u0131qdan m\u0259hrumetm\u0259 c\u0259zas\u0131na m\u0259hkum olunmu\u015f, ya\u015f\u0131 65-d\u0259n yuxar\u0131 176 n\u0259f\u0259r c\u0259zan\u0131n \u00e7\u0259kilm\u0259mi\u015f hiss\u0259sind\u0259n azad edilib.<\/p>\n","protected":false},"excerpt":{"rendered":"<p>Aprelin 6-da Prezident \u0130lham \u018fliyev \u201cM\u0259hkum edilmi\u015f bir s\u0131ra \u015f\u0259xsl\u0259rin \u0259fv olunmas\u0131 haqq\u0131nda\u201d S\u0259r\u0259ncam imzalay\u0131b. AZ\u018fRTAC\u00a0x\u0259b\u0259r verir ki, d\u00f6vl\u0259timizin ba\u015f\u00e7\u0131s\u0131&hellip;<\/p>\n","protected":false},"author":2,"featured_media":22189,"comment_status":"closed","ping_status":"closed","sticky":false,"template":"","format":"standard","meta":{"om_disable_all_campaigns":false,"_monsterinsights_skip_tracking":false,"_uf_show_specific_survey":0,"_uf_disable_surveys":false,"footnotes":""},"categories":[23,2,3,7],"tags":[],"aioseo_notices":[],"_links":{"self":[{"href":"https:\/\/hakimiyyet.info.az\/index.php?rest_route=\/wp\/v2\/posts\/22188"}],"collection":[{"href":"https:\/\/hakimiyyet.info.az\/index.php?rest_route=\/wp\/v2\/posts"}],"about":[{"href":"https:\/\/hakimiyyet.info.az\/index.php?rest_route=\/wp\/v2\/types\/post"}],"author":[{"embeddable":true,"href":"https:\/\/hakimiyyet.info.az\/index.php?rest_route=\/wp\/v2\/users\/2"}],"replies":[{"embeddable":true,"href":"https:\/\/hakimiyyet.info.az\/index.php?rest_route=%2Fwp%2Fv2%2Fcomments&post=22188"}],"version-history":[{"count":1,"href":"https:\/\/hakimiyyet.info.az\/index.php?rest_route=\/wp\/v2\/posts\/22188\/revisions"}],"predecessor-version":[{"id":22192,"href":"https:\/\/hakimiyyet.info.az\/index.php?rest_route=\/wp\/v2\/posts\/22188\/revisions\/22192"}],"wp:featuredmedia":[{"embeddable":true,"href":"https:\/\/hakimiyyet.info.az\/index.php?rest_route=\/wp\/v2\/media\/22189"}],"wp:attachment":[{"href":"https:\/\/hakimiyyet.info.az\/index.php?rest_route=%2Fwp%2Fv2%2Fmedia&parent=22188"}],"wp:term":[{"taxonomy":"category","embeddable":true,"href":"https:\/\/hakimiyyet.info.az\/index.php?rest_route=%2Fwp%2Fv2%2Fcategories&post=22188"},{"taxonomy":"post_tag","embeddable":true,"href":"https:\/\/hakimiyyet.info.az\/index.php?rest_route=%2Fwp%2Fv2%2Ftags&post=22188"}],"curies":[{"name":"wp","href":"https:\/\/api.w.org\/{rel}","templated":true}]}}