{"id":22213,"date":"2020-04-06T19:24:45","date_gmt":"2020-04-06T15:24:45","guid":{"rendered":"https:\/\/www.hakimiyyet.com\/2019\/22213"},"modified":"2020-04-06T19:24:45","modified_gmt":"2020-04-06T15:24:45","slug":"agstafada-100-d%c9%99n-cox-ail%c9%99y%c9%99-yardim-sovqatlari-paylanilib-foto","status":"publish","type":"post","link":"https:\/\/hakimiyyet.info.az\/?p=22213","title":{"rendered":"A\u011fstafada 100-d\u0259n \u00e7ox ail\u0259y\u0259 yard\u0131m sovqatlar\u0131 paylan\u0131l\u0131b (FOTO)"},"content":{"rendered":"<p> [ad_1]<br \/>\n<\/p>\n<div>\n<p>A\u011fstafa Aqrar S\u0259naye Kompleksi \u018fm\u0259k v\u0259 \u018fhalinin Sosial M\u00fcdafi\u0259si Nazirliyi yan\u0131nda D\u00f6vl\u0259t Sosial M\u00fcdafi\u0259 Fondunun A\u011fstafa rayon \u015e\u00f6b\u0259si il\u0259 birg\u0259 yard\u0131m aksiyas\u0131 ke\u00e7irib.<\/p>\n<p>Trend-in m\u0259lumat\u0131na g\u00f6r\u0259, aksiya \u00e7\u0259r\u00e7iv\u0259sind\u0259 A\u011fstafa rayonu \u00fczr\u0259 m\u00fc\u0259yy\u0259n olunmu\u015f siyah\u0131 \u0259sas\u0131nda azt\u0259minatl\u0131 ail\u0259l\u0259r\u0259 v\u0259 65 ya\u015fdan yuxar\u0131 t\u0259nha imkans\u0131z \u015f\u0259xsl\u0259r\u0259 1 ayl\u0131q t\u0259l\u0259bata uy\u011fun m\u00fcxt\u0259lif \u0259rzaq m\u0259hsullar\u0131ndan ibar\u0259t yard\u0131m sovqatlar\u0131 paylan\u0131b.<\/p>\n<p>100-d\u0259n art\u0131q ail\u0259nin yard\u0131m ald\u0131\u011f\u0131 aksiya zaman\u0131 onlara yeni n\u00f6v koronavirus (COVID-19) pandemiyas\u0131na qar\u015f\u0131 qorunmalar\u0131 v\u0259 evd\u0259 qalmalar\u0131 bar\u0259d\u0259 izahlar verilmi\u015f v\u0259 bu bar\u0259d\u0259 m\u0259lumat v\u0259r\u0259q\u0259l\u0259ri d\u0259 sovqatlarla b\u0259rab\u0259r t\u0259qdim edilib.<\/p>\n<p><meta name=\"viewport\" content=\"width=device-width, initial-scale=1\"\/><\/p>\n<p>Yard\u0131m alanlar karantin g\u00fcnl\u0259rind\u0259 onlara g\u00f6st\u0259ril\u0259n diqq\u0259t v\u0259 qay\u011f\u0131ya g\u00f6r\u0259 \u00f6lk\u0259 r\u0259hb\u0259rliyin\u0259 v\u0259 aksiya n\u00fcmay\u0259nd\u0259l\u0259rin\u0259 minn\u0259tdarl\u0131qlar\u0131n\u0131 bildiribl\u0259r. D\u00f6vl\u0259t ba\u015f\u00e7\u0131s\u0131n\u0131n \u00f6lk\u0259mizd\u0259 virusa yoluxma hallar\u0131na qar\u015f\u0131 m\u00fcbariz\u0259 m\u0259qs\u0259di il\u0259 apar\u0131lan preventiv v\u0259 profilaktik t\u0259dbirl\u0259rin g\u00fccl\u0259ndirilm\u0259si bar\u0259d\u0259 \u00e7a\u011f\u0131r\u0131\u015f\u0131na d\u0259st\u0259k olaraq sosial h\u0259mr\u0259ylik n\u00fcmayi\u015f etdirm\u0259k m\u0259qs\u0259dil\u0259 h\u0259yata ke\u00e7irilmi\u015f xeyriyy\u0259 kompaniyas\u0131 koronavirus infeksiyas\u0131n\u0131n \u00f6lk\u0259mizd\u0259 yay\u0131lmas\u0131n\u0131n qar\u015f\u0131s\u0131n\u0131n al\u0131nmas\u0131 m\u0259qs\u0259dil\u0259 Nazirl\u0259r Kabineti yan\u0131nda Operativ Q\u0259rargah t\u0259r\u0259find\u0259n elan edil\u0259n x\u00fcsusi karantin rejiminin qaydalar\u0131na \u0259m\u0259l olunmas\u0131 v\u0259 evd\u0259 qal \u00e7a\u011f\u0131r\u0131\u015f\u0131n\u0131n t\u0259min olunmas\u0131 m\u0259qs\u0259dil\u0259 t\u0259\u015fkil olunub.<\/p>\n<\/p><\/div>\n","protected":false},"excerpt":{"rendered":"<p>[ad_1] A\u011fstafa Aqrar S\u0259naye Kompleksi \u018fm\u0259k v\u0259 \u018fhalinin Sosial M\u00fcdafi\u0259si Nazirliyi yan\u0131nda D\u00f6vl\u0259t Sosial M\u00fcdafi\u0259 Fondunun A\u011fstafa rayon \u015e\u00f6b\u0259si il\u0259&hellip;<\/p>\n","protected":false},"author":1,"featured_media":22214,"comment_status":"closed","ping_status":"closed","sticky":false,"template":"","format":"standard","meta":{"om_disable_all_campaigns":false,"_monsterinsights_skip_tracking":false,"_uf_show_specific_survey":0,"_uf_disable_surveys":false,"footnotes":""},"categories":[5],"tags":[],"aioseo_notices":[],"_links":{"self":[{"href":"https:\/\/hakimiyyet.info.az\/index.php?rest_route=\/wp\/v2\/posts\/22213"}],"collection":[{"href":"https:\/\/hakimiyyet.info.az\/index.php?rest_route=\/wp\/v2\/posts"}],"about":[{"href":"https:\/\/hakimiyyet.info.az\/index.php?rest_route=\/wp\/v2\/types\/post"}],"author":[{"embeddable":true,"href":"https:\/\/hakimiyyet.info.az\/index.php?rest_route=\/wp\/v2\/users\/1"}],"replies":[{"embeddable":true,"href":"https:\/\/hakimiyyet.info.az\/index.php?rest_route=%2Fwp%2Fv2%2Fcomments&post=22213"}],"version-history":[{"count":0,"href":"https:\/\/hakimiyyet.info.az\/index.php?rest_route=\/wp\/v2\/posts\/22213\/revisions"}],"wp:featuredmedia":[{"embeddable":true,"href":"https:\/\/hakimiyyet.info.az\/index.php?rest_route=\/wp\/v2\/media\/22214"}],"wp:attachment":[{"href":"https:\/\/hakimiyyet.info.az\/index.php?rest_route=%2Fwp%2Fv2%2Fmedia&parent=22213"}],"wp:term":[{"taxonomy":"category","embeddable":true,"href":"https:\/\/hakimiyyet.info.az\/index.php?rest_route=%2Fwp%2Fv2%2Fcategories&post=22213"},{"taxonomy":"post_tag","embeddable":true,"href":"https:\/\/hakimiyyet.info.az\/index.php?rest_route=%2Fwp%2Fv2%2Ftags&post=22213"}],"curies":[{"name":"wp","href":"https:\/\/api.w.org\/{rel}","templated":true}]}}