{"id":22867,"date":"2020-04-07T16:38:12","date_gmt":"2020-04-07T12:38:12","guid":{"rendered":"https:\/\/www.hakimiyyet.com\/?p=22867"},"modified":"2020-04-07T16:57:17","modified_gmt":"2020-04-07T12:57:17","slug":"prezident-ilham-%c9%99liyevin-m%c9%99hkum-edilmis-bir-sira-s%c9%99xsl%c9%99rin-%c9%99fv-olunmasi-il%c9%99-bagli-s%c9%99r%c9%99ncami-icra-edilib","status":"publish","type":"post","link":"https:\/\/hakimiyyet.info.az\/?p=22867","title":{"rendered":"Prezident \u0130lham \u018fliyevin m\u0259hkum edilmi\u015f bir s\u0131ra \u015f\u0259xsl\u0259rin \u0259fv olunmas\u0131 il\u0259 ba\u011fl\u0131 S\u0259r\u0259ncam\u0131 icra edilib"},"content":{"rendered":"<p>Aprelin 7-d\u0259 \u018fdliyy\u0259 Nazirliyinin Penitensiar Xidm\u0259ti Az\u0259rbaycan Prezidenti \u0130lham \u018fliyevin \u00f6t\u0259n g\u00fcn imzalad\u0131\u011f\u0131 &#8220;M\u0259hkum edilmi\u015f bir s\u0131ra \u015f\u0259xsl\u0259rin \u0259fv olunmas\u0131 haqq\u0131nda&#8221; S\u0259r\u0259ncam\u0131n\u0131 icra edib.<\/p>\n<p><a class=\"azertac-link\" href=\"https:\/\/azertag.az\/\" target=\"_blank\" rel=\"noopener noreferrer\">HAK\u0130M\u0130YYET.com<\/a> bildirir ki, S\u0259r\u0259ncam\u0131n icras\u0131 Ombudsman Aparat\u0131n\u0131n, d\u00f6vl\u0259t qurumlar\u0131n\u0131n, \u018fdliyy\u0259 nazirinin yan\u0131nda f\u0259aliyy\u0259t g\u00f6st\u0259r\u0259n \u0130ctimai Komit\u0259nin, habel\u0259 k\u00fctl\u0259vi informasiya vasit\u0259l\u0259ri n\u00fcmay\u0259nd\u0259l\u0259rinin i\u015ftirak\u0131 il\u0259 Penitensiar Xidm\u0259tin tabeliyind\u0259ki 2, 4, 6, 7, 9, 10, 11 sayl\u0131 v\u0259 dig\u0259r c\u0259za\u00e7\u0259km\u0259 m\u00fc\u0259ssis\u0259l\u0259rind\u0259 h\u0259yata ke\u00e7irilib. \u018fdliyy\u0259 Nazirliyinin v\u0259 Penitensiar Xidm\u0259tin m\u0259sul \u0259m\u0259kda\u015flar\u0131 m\u0259hkumlar\u0131n saxlan\u0131ld\u0131qlar\u0131 c\u0259za\u00e7\u0259km\u0259 m\u00fc\u0259ssis\u0259l\u0259rin\u0259 g\u0259l\u0259r\u0259k S\u0259r\u0259ncam\u0131n icras\u0131n\u0131 vaxt\u0131nda v\u0259 y\u00fcks\u0259k s\u0259viyy\u0259d\u0259 t\u0259min edibl\u0259r.<\/p>\n<p>Prezident t\u0259r\u0259find\u0259n \u0259fv olunmu\u015f \u015f\u0259xsl\u0259r Penitensiar Xidm\u0259tin tabeliyind\u0259ki c\u0259za\u00e7\u0259km\u0259 m\u00fc\u0259ssis\u0259l\u0259rind\u0259n azadl\u0131\u011fa burax\u0131l\u0131blar. \u018fdliyy\u0259 Nazirliyinin n\u00fcmay\u0259nd\u0259l\u0259ri, Penitensiar Xidm\u0259tin r\u0259hb\u0259rliyi, Ombudsman, \u018fdliyy\u0259 nazirinin yan\u0131nda f\u0259aliyy\u0259t g\u00f6st\u0259r\u0259n \u0130ctimai Komit\u0259nin \u00fczvl\u0259ri c\u0259za\u00e7\u0259km\u0259 m\u00fc\u0259ssis\u0259l\u0259rind\u0259 \u0259fv edilmi\u015f \u015f\u0259xsl\u0259r\u0259, o c\u00fcml\u0259d\u0259n ah\u0131llara, qad\u0131nlara v\u0259 dig\u0259r m\u0259hkumlara azad olunmalar\u0131 bar\u0259d\u0259 s\u0259n\u0259dl\u0259ri t\u0259qdim edibl\u0259r.<\/p>\n<div id=\"adsGardenCloud0158626211675255\">\n<div class=\"inpage\">\n<div class=\"inpage-wrap\">\n<div class=\"inpage-top\">\n\n\t\t<style type=\"text\/css\">\n\t\t\t#gallery-1 {\n\t\t\t\tmargin: auto;\n\t\t\t}\n\t\t\t#gallery-1 .gallery-item {\n\t\t\t\tfloat: left;\n\t\t\t\tmargin-top: 10px;\n\t\t\t\ttext-align: center;\n\t\t\t\twidth: 25%;\n\t\t\t}\n\t\t\t#gallery-1 img {\n\t\t\t\tborder: 2px solid #cfcfcf;\n\t\t\t}\n\t\t\t#gallery-1 .gallery-caption {\n\t\t\t\tmargin-left: 0;\n\t\t\t}\n\t\t\t\/* see gallery_shortcode() in wp-includes\/media.php *\/\n\t\t<\/style>\n\t\t<div id='gallery-1' class='gallery galleryid-22867 gallery-columns-4 gallery-size-thumbnail'><dl class='gallery-item'>\n\t\t\t<dt class='gallery-icon landscape'>\n\t\t\t\t<a href='https:\/\/hakimiyyet.info.az\/?attachment_id=22878'><img width=\"140\" height=\"140\" src=\"https:\/\/hakimiyyet.info.az\/wp-content\/uploads\/2020\/04\/11-6-150x150.jpg?v=1586262774\" class=\"attachment-thumbnail size-thumbnail\" alt=\"\" decoding=\"async\" loading=\"lazy\" srcset=\"https:\/\/hakimiyyet.info.az\/wp-content\/uploads\/2020\/04\/11-6-150x150.jpg?v=1586262774 150w, https:\/\/hakimiyyet.info.az\/wp-content\/uploads\/2020\/04\/11-6-300x300.jpg?v=1586262774 300w\" sizes=\"(max-width: 140px) 100vw, 140px\" \/><\/a>\n\t\t\t<\/dt><\/dl><dl class='gallery-item'>\n\t\t\t<dt class='gallery-icon landscape'>\n\t\t\t\t<a href='https:\/\/hakimiyyet.info.az\/?attachment_id=22897'><img width=\"140\" height=\"140\" src=\"https:\/\/hakimiyyet.info.az\/wp-content\/uploads\/2020\/04\/11-5-150x150.jpg?v=1586263678\" class=\"attachment-thumbnail size-thumbnail\" alt=\"\" decoding=\"async\" loading=\"lazy\" srcset=\"https:\/\/hakimiyyet.info.az\/wp-content\/uploads\/2020\/04\/11-5-150x150.jpg?v=1586263678 150w, https:\/\/hakimiyyet.info.az\/wp-content\/uploads\/2020\/04\/11-5-300x300.jpg?v=1586263678 300w\" sizes=\"(max-width: 140px) 100vw, 140px\" \/><\/a>\n\t\t\t<\/dt><\/dl><dl class='gallery-item'>\n\t\t\t<dt class='gallery-icon landscape'>\n\t\t\t\t<a href='https:\/\/hakimiyyet.info.az\/?attachment_id=22891'><img width=\"140\" height=\"140\" src=\"https:\/\/hakimiyyet.info.az\/wp-content\/uploads\/2020\/04\/11-3-1-150x150.jpg?v=1586263292\" class=\"attachment-thumbnail size-thumbnail\" alt=\"\" decoding=\"async\" loading=\"lazy\" srcset=\"https:\/\/hakimiyyet.info.az\/wp-content\/uploads\/2020\/04\/11-3-1-150x150.jpg?v=1586263292 150w, https:\/\/hakimiyyet.info.az\/wp-content\/uploads\/2020\/04\/11-3-1-300x300.jpg?v=1586263292 300w\" sizes=\"(max-width: 140px) 100vw, 140px\" \/><\/a>\n\t\t\t<\/dt><\/dl><dl class='gallery-item'>\n\t\t\t<dt class='gallery-icon landscape'>\n\t\t\t\t<a href='https:\/\/hakimiyyet.info.az\/?attachment_id=22872'><img width=\"140\" height=\"140\" src=\"https:\/\/hakimiyyet.info.az\/wp-content\/uploads\/2020\/04\/11-2-150x150.jpg?v=1586262690\" class=\"attachment-thumbnail size-thumbnail\" alt=\"\" decoding=\"async\" loading=\"lazy\" srcset=\"https:\/\/hakimiyyet.info.az\/wp-content\/uploads\/2020\/04\/11-2-150x150.jpg?v=1586262690 150w, https:\/\/hakimiyyet.info.az\/wp-content\/uploads\/2020\/04\/11-2-300x300.jpg?v=1586262690 300w\" sizes=\"(max-width: 140px) 100vw, 140px\" \/><\/a>\n\t\t\t<\/dt><\/dl><br style=\"clear: both\" \/><dl class='gallery-item'>\n\t\t\t<dt class='gallery-icon landscape'>\n\t\t\t\t<a href='https:\/\/hakimiyyet.info.az\/?attachment_id=22871'><img width=\"140\" height=\"140\" src=\"https:\/\/hakimiyyet.info.az\/wp-content\/uploads\/2020\/04\/11-1-150x150.jpg?v=1586262655\" class=\"attachment-thumbnail size-thumbnail\" alt=\"\" decoding=\"async\" loading=\"lazy\" srcset=\"https:\/\/hakimiyyet.info.az\/wp-content\/uploads\/2020\/04\/11-1-150x150.jpg?v=1586262655 150w, https:\/\/hakimiyyet.info.az\/wp-content\/uploads\/2020\/04\/11-1-300x300.jpg?v=1586262655 300w\" sizes=\"(max-width: 140px) 100vw, 140px\" \/><\/a>\n\t\t\t<\/dt><\/dl><dl class='gallery-item'>\n\t\t\t<dt class='gallery-icon landscape'>\n\t\t\t\t<a href='https:\/\/hakimiyyet.info.az\/?attachment_id=22884'><img width=\"140\" height=\"140\" src=\"https:\/\/hakimiyyet.info.az\/wp-content\/uploads\/2020\/04\/11-9-150x150.jpg?v=1586262875\" class=\"attachment-thumbnail size-thumbnail\" alt=\"\" decoding=\"async\" loading=\"lazy\" srcset=\"https:\/\/hakimiyyet.info.az\/wp-content\/uploads\/2020\/04\/11-9-150x150.jpg?v=1586262875 150w, https:\/\/hakimiyyet.info.az\/wp-content\/uploads\/2020\/04\/11-9-300x300.jpg?v=1586262875 300w\" sizes=\"(max-width: 140px) 100vw, 140px\" \/><\/a>\n\t\t\t<\/dt><\/dl><dl class='gallery-item'>\n\t\t\t<dt class='gallery-icon landscape'>\n\t\t\t\t<a href='https:\/\/hakimiyyet.info.az\/?attachment_id=22879'><img width=\"140\" height=\"140\" src=\"https:\/\/hakimiyyet.info.az\/wp-content\/uploads\/2020\/04\/11-7-150x150.jpg?v=1586262806\" class=\"attachment-thumbnail size-thumbnail\" alt=\"\" decoding=\"async\" loading=\"lazy\" srcset=\"https:\/\/hakimiyyet.info.az\/wp-content\/uploads\/2020\/04\/11-7-150x150.jpg?v=1586262806 150w, https:\/\/hakimiyyet.info.az\/wp-content\/uploads\/2020\/04\/11-7-300x300.jpg?v=1586262806 300w\" sizes=\"(max-width: 140px) 100vw, 140px\" \/><\/a>\n\t\t\t<\/dt><\/dl><dl class='gallery-item'>\n\t\t\t<dt class='gallery-icon landscape'>\n\t\t\t\t<a href='https:\/\/hakimiyyet.info.az\/?attachment_id=22830'><img width=\"140\" height=\"140\" src=\"https:\/\/hakimiyyet.info.az\/wp-content\/uploads\/2020\/04\/omdudsman_070420_1-150x150.jpg?v=1586259098\" class=\"attachment-thumbnail size-thumbnail\" alt=\"\" decoding=\"async\" loading=\"lazy\" srcset=\"https:\/\/hakimiyyet.info.az\/wp-content\/uploads\/2020\/04\/omdudsman_070420_1-150x150.jpg?v=1586259098 150w, https:\/\/hakimiyyet.info.az\/wp-content\/uploads\/2020\/04\/omdudsman_070420_1-300x300.jpg?v=1586259098 300w\" sizes=\"(max-width: 140px) 100vw, 140px\" \/><\/a>\n\t\t\t<\/dt><\/dl><br style=\"clear: both\" \/>\n\t\t<\/div>\n\n<\/div>\n<div class=\"inpage-bottom\">\n<div class=\"inpage-bottom-left\">Bununla \u0259laq\u0259dar ke\u00e7iril\u0259n t\u0259dbirl\u0259rd\u0259 \u00e7\u0131x\u0131\u015f ed\u0259nl\u0259r m\u0259hkumlara v\u0259 onlar\u0131n ail\u0259 \u00fczvl\u0259rin\u0259 t\u0259brikl\u0259rini \u00e7atd\u0131r\u0131b, bu humanist akt\u0131n \u0259h\u0259miyy\u0259ti bar\u0259d\u0259 dan\u0131\u015f\u0131blar. Vur\u011fulay\u0131blar ki, Az\u0259rbaycan xalq\u0131n\u0131n \u00fcmummilli lideri Heyd\u0259r \u018fliyevin humanizm \u0259n\u0259n\u0259l\u0259rini davam etdir\u0259n Prezident \u0130lham \u018fliyevin \u201cM\u0259hkum edilmi\u015f bir s\u0131ra \u015f\u0259xsl\u0259rin \u0259fv olunmas\u0131 haqq\u0131nda\u201d 2020-ci il 6 aprel tarixli S\u0259r\u0259ncam\u0131na \u0259sas\u0259n, azadl\u0131qdan m\u0259hrumetm\u0259 c\u0259zas\u0131na m\u0259hkum olunmu\u015f, ya\u015f\u0131 65-d\u0259n yuxar\u0131 olan 176 m\u0259hkum, o c\u00fcml\u0259d\u0259n 165 ki\u015fi v\u0259 11 qad\u0131n c\u0259zan\u0131n \u00e7\u0259kilm\u0259mi\u015f hiss\u0259sind\u0259n azad edilib. D\u00f6vl\u0259timizin ba\u015f\u00e7\u0131s\u0131 bu S\u0259r\u0259ncam\u0131 d\u00fcnyada koronavirus (COVID-19) infeksiyas\u0131n\u0131n yay\u0131lmas\u0131 il\u0259 \u0259laq\u0259dar ya\u015f\u0131na v\u0259 s\u0259hh\u0259tin\u0259 g\u00f6r\u0259 x\u00fcsusi qay\u011f\u0131ya ehtiyac duyan ya\u015f\u0131 65-d\u0259n yuxar\u0131 olan m\u0259hkumlar\u0131n v\u0259 onlar\u0131n ail\u0259 \u00fczvl\u0259rinin ona \u00fcnvanlanm\u0131\u015f \u0259fv haqq\u0131nda m\u00fcraci\u0259tl\u0259rin\u0259 baxaraq, m\u0259hkumlar\u0131n sa\u011flaml\u0131q v\u0259ziyy\u0259tini, c\u0259za \u00e7\u0259kdikl\u0259ri m\u00fcdd\u0259td\u0259 davran\u0131\u015flar\u0131n\u0131 n\u0259z\u0259r\u0259 alaraq v\u0259 humanizm prinsipl\u0259rin\u0259 \u0259saslanaraq imzalay\u0131b.<\/div>\n<\/div>\n<\/div>\n<\/div>\n<\/div>\n<p>\u018ffv olunan \u015f\u0259xsl\u0259rin bu humanist aktdan d\u00fczg\u00fcn n\u0259tic\u0259 \u00e7\u0131xaracaqlar\u0131na, Az\u0259rbaycan d\u00f6vl\u0259tinin qanunlar\u0131na \u0259m\u0259l ed\u0259c\u0259kl\u0259rin\u0259 v\u0259 c\u0259miyy\u0259t\u0259 adaptasiya olacaqlar\u0131na \u0259minlik ifad\u0259 edilib. Bildirilib ki, son ill\u0259r Az\u0259rbaycanda insan h\u00fcquqlar\u0131n\u0131n m\u00fcdafi\u0259si istiqam\u0259tind\u0259 bir s\u0131ra humanist q\u0259rarlar q\u0259bul olunub. Bu g\u00fcn \u0259fv v\u0259 amnistiya institutlar\u0131 daha \u00e7evik v\u0259 i\u015fl\u0259k mexanizm\u0259 \u00e7evrilib. Prezident \u0130lham \u018fliyevin aprelin 6-da imzalad\u0131\u011f\u0131 \u0259fv S\u0259r\u0259ncam\u0131 da bu humanizm aktlar\u0131n\u0131n t\u0259rkib hiss\u0259sidir.<\/p>\n<p>Azadl\u0131\u011fa \u00e7\u0131xan \u015f\u0259xsl\u0259r g\u00f6st\u0259rdiyi humanistliy\u0259, m\u0259rh\u0259m\u0259tlik siyas\u0259tin\u0259 v\u0259 imzalanan \u0259fv S\u0259r\u0259ncam\u0131na g\u00f6r\u0259 d\u00f6vl\u0259timizin ba\u015f\u00e7\u0131s\u0131 \u0130lham \u018fliyev\u0259 v\u0259 Birinci vitse-prezident Mehriban \u018fliyevaya minn\u0259tdarl\u0131qlar\u0131n\u0131 bildiribl\u0259r. C\u0259zadan azad olunan \u015f\u0259xsl\u0259r c\u0259miyy\u0259t\u0259 qovu\u015faraq m\u00fcst\u0259qil d\u00f6vl\u0259timizin inki\u015faf\u0131 yolunda f\u0259aliyy\u0259t g\u00f6st\u0259r\u0259c\u0259kl\u0259rini qeyd edibl\u0259r.<\/p>\n<p>Bu \u0259fv akt\u0131 Az\u0259rbaycan Prezidentinin insanp\u0259rv\u0259r siyas\u0259tinin n\u00f6vb\u0259ti t\u0259zah\u00fcr\u00fcd\u00fcr. D\u00f6vl\u0259timizin ba\u015f\u00e7\u0131s\u0131n\u0131n imzalad\u0131\u011f\u0131 qanunvericilik aktlar\u0131na \u0259sas\u0259n, indiy\u0259d\u0259k 4871 \u015f\u0259xs \u0259fv edilib. Az\u0259rbaycan Prezidenti \u0130lham \u018fliyevin v\u0259 Birinci vitse-prezident Mehriban \u018fliyevan\u0131n t\u0259\u015f\u0259bb\u00fcs\u00fc il\u0259 q\u0259bul edilmi\u015f amnistiya aktlar\u0131 40 min 412 \u015f\u0259xsi \u0259hat\u0259 edib. Onlardan 8580 n\u0259f\u0259r azadl\u0131qdan m\u0259hrumetm\u0259 c\u0259zas\u0131ndan azad olunub.<\/p>\n<p>\u018ffv S\u0259r\u0259ncam\u0131 respublikam\u0131z\u0131n humanizm prinsipl\u0259ri \u0259sas\u0131nda inki\u015faf yolu se\u00e7diyini bir daha n\u00fcmayi\u015f etdirir, xalq\u0131n d\u00f6vl\u0259t\u0259, \u0259dal\u0259t\u0259 inam\u0131n\u0131 daha da art\u0131r\u0131<\/p>\n","protected":false},"excerpt":{"rendered":"<p>Aprelin 7-d\u0259 \u018fdliyy\u0259 Nazirliyinin Penitensiar Xidm\u0259ti Az\u0259rbaycan Prezidenti \u0130lham \u018fliyevin \u00f6t\u0259n g\u00fcn imzalad\u0131\u011f\u0131 &#8220;M\u0259hkum edilmi\u015f bir s\u0131ra \u015f\u0259xsl\u0259rin \u0259fv olunmas\u0131&hellip;<\/p>\n","protected":false},"author":2,"featured_media":22870,"comment_status":"closed","ping_status":"closed","sticky":false,"template":"","format":"standard","meta":{"om_disable_all_campaigns":false,"_monsterinsights_skip_tracking":false,"_uf_show_specific_survey":0,"_uf_disable_surveys":false,"footnotes":""},"categories":[23,2,3,7],"tags":[],"aioseo_notices":[],"_links":{"self":[{"href":"https:\/\/hakimiyyet.info.az\/index.php?rest_route=\/wp\/v2\/posts\/22867"}],"collection":[{"href":"https:\/\/hakimiyyet.info.az\/index.php?rest_route=\/wp\/v2\/posts"}],"about":[{"href":"https:\/\/hakimiyyet.info.az\/index.php?rest_route=\/wp\/v2\/types\/post"}],"author":[{"embeddable":true,"href":"https:\/\/hakimiyyet.info.az\/index.php?rest_route=\/wp\/v2\/users\/2"}],"replies":[{"embeddable":true,"href":"https:\/\/hakimiyyet.info.az\/index.php?rest_route=%2Fwp%2Fv2%2Fcomments&post=22867"}],"version-history":[{"count":3,"href":"https:\/\/hakimiyyet.info.az\/index.php?rest_route=\/wp\/v2\/posts\/22867\/revisions"}],"predecessor-version":[{"id":22908,"href":"https:\/\/hakimiyyet.info.az\/index.php?rest_route=\/wp\/v2\/posts\/22867\/revisions\/22908"}],"wp:featuredmedia":[{"embeddable":true,"href":"https:\/\/hakimiyyet.info.az\/index.php?rest_route=\/wp\/v2\/media\/22870"}],"wp:attachment":[{"href":"https:\/\/hakimiyyet.info.az\/index.php?rest_route=%2Fwp%2Fv2%2Fmedia&parent=22867"}],"wp:term":[{"taxonomy":"category","embeddable":true,"href":"https:\/\/hakimiyyet.info.az\/index.php?rest_route=%2Fwp%2Fv2%2Fcategories&post=22867"},{"taxonomy":"post_tag","embeddable":true,"href":"https:\/\/hakimiyyet.info.az\/index.php?rest_route=%2Fwp%2Fv2%2Ftags&post=22867"}],"curies":[{"name":"wp","href":"https:\/\/api.w.org\/{rel}","templated":true}]}}