{"id":22940,"date":"2020-04-07T17:32:06","date_gmt":"2020-04-07T13:32:06","guid":{"rendered":"https:\/\/www.hakimiyyet.com\/2019\/22940"},"modified":"2020-04-07T17:32:06","modified_gmt":"2020-04-07T13:32:06","slug":"aprelin-1-d%c9%99n-sonra-da-issiz-statusu-alanlara-bird%c9%99f%c9%99lik-od%c9%99m%c9%99l%c9%99r-veril%c9%99c%c9%99k","status":"publish","type":"post","link":"https:\/\/hakimiyyet.info.az\/?p=22940","title":{"rendered":"Aprelin 1-d\u0259n sonra da i\u015fsiz statusu alanlara bird\u0259f\u0259lik \u00f6d\u0259m\u0259l\u0259r veril\u0259c\u0259k"},"content":{"rendered":"<p> [ad_1]<br \/>\n<\/p>\n<div>\n<p>Bak\u0131. \u0130lham\u0259 \u0130sabalayeva \u2013 Trend:<\/p>\n<p>Aprelin 1-d\u0259n sonra da i\u015fsiz statusu alanlara bird\u0259f\u0259lik \u00f6d\u0259m\u0259l\u0259r veril\u0259c\u0259k.<\/p>\n<p>Trend-in m\u0259lumat\u0131na g\u00f6r\u0259, bunu \u018fm\u0259k v\u0259 \u018fhalinin Sosial M\u00fcdafi\u0259si Nazirliyinin Sosial t\u0259minat siyas\u0259ti \u015f\u00f6b\u0259sinin m\u00fcdiri Bab\u0259k H\u00fcseynov deyib.<\/p>\n<p>\u015e\u00f6b\u0259 m\u00fcdiri bu \u00f6d\u0259m\u0259nin verilm\u0259si \u00fc\u00e7\u00fcn yaln\u0131z aprelin 1-d\u0259k deyil, aprelin 1-d\u0259n sonra da i\u015fsiz statusu alan \u015f\u0259xsl\u0259rin n\u0259z\u0259rd\u0259 tutuldu\u011funu a\u00e7\u0131qlay\u0131b.<\/p>\n<p>Onun s\u00f6zl\u0259rin\u0259 g\u00f6r\u0259, b\u0259z\u0259n yanl\u0131\u015f fikirl\u0259r s\u0259sl\u0259nir ki, kim tez m\u00fcraci\u0259t ets\u0259, onun m\u00fcraci\u0259tin\u0259 bax\u0131lacaq:<\/p>\n<p>&#8220;Bu, bel\u0259 deyil. M\u00fc\u0259yy\u0259n edilmi\u015f kateqoriyaya aid olan v\u0259 n\u0259 vaxt m\u00fcraci\u0259t etm\u0259yind\u0259n as\u0131l\u0131 olmayaraq, aprelin 20-d\u0259k u\u00e7ota al\u0131nm\u0131\u015f i\u015fsiz statusunun da\u015f\u0131y\u0131c\u0131lar\u0131 v\u0259 dig\u0259r \u00f6d\u0259ni\u015fl\u0259r almayan \u015f\u0259xsl\u0259r\u0259 d\u00f6vl\u0259t b\u00fcdc\u0259sinin v\u0259saiti hesab\u0131na 190 manat m\u0259bl\u0259\u011find\u0259 \u00f6d\u0259ni\u015fl\u0259rin verilm\u0259si h\u0259yata ke\u00e7iril\u0259c\u0259k. Bu \u015f\u0259xsl\u0259rin say\u0131 200 min\u0259d\u0259k ola bil\u0259r. Son zamanlar sistem y\u00fckl\u0259nib. Buna g\u00f6r\u0259 d\u0259 q\u0259rar verilib ki, qrafik \u0259sas\u0131nda m\u00fcraci\u0259tl\u0259rin daha tez u\u00e7ota al\u0131nmas\u0131n\u0131 h\u0259yata ke\u00e7ir\u0259k v\u0259 eyni zamanda t\u0259l\u0259b olunan v\u0259saitl\u0259rin h\u0259cmini n\u0259z\u0259r\u0259 ala bil\u0259k\u201d.<\/p>\n<p><meta name=\"viewport\" content=\"width=device-width, initial-scale=1\"\/><\/p>\n<p>B.H\u00fcseynov bunu da \u0259lav\u0259 edib ki, \u0259g\u0259r m\u00fcraci\u0259t ed\u0259n \u0259r v\u0259 ya arvaddan \u2013 ail\u0259 \u00fczvl\u0259rind\u0259n birinin aktiv \u0259m\u0259k m\u00fcqavil\u0259si varsa, onlara bu \u00f6d\u0259ni\u015fin verilm\u0259m\u0259si n\u0259z\u0259rd\u0259 tutulmay\u0131b.<\/p>\n<p>Xat\u0131rladaq ki, Nazirl\u0259r Kabineti t\u0259r\u0259find\u0259n t\u0259sdiq edilmi\u015f T\u0259dbirl\u0259r Plan\u0131nda i\u015fsiz kimi qeydiyyata al\u0131nan \u015f\u0259xsl\u0259r\u0259 aprel-may aylar\u0131nda h\u0259r ay \u00fc\u00e7\u00fcn ya\u015fay\u0131\u015f minimumu h\u0259cmind\u0259 (190 manat) bird\u0259f\u0259lik \u00f6d\u0259m\u0259 verilm\u0259si n\u0259z\u0259rd\u0259 tutulur.<\/p>\n<p>\u0130\u015fsiz kimi qeydiyyata al\u0131nan \u015f\u0259xsl\u0259rd\u0259n is\u0259 haz\u0131rda d\u00f6vl\u0259td\u0259n sosial \u00f6d\u0259ni\u015f (\u00fcnvanl\u0131 sosial yard\u0131m, pensiya, t\u0259qa\u00fcd, m\u00fcavin\u0259t v\u0259 s.) alanlara bird\u0259f\u0259lik \u00f6d\u0259m\u0259 verilm\u0259y\u0259c\u0259k. Bird\u0259f\u0259lik \u00f6d\u0259m\u0259 m\u0259\u015f\u011fulluq m\u0259rk\u0259zl\u0259rind\u0259 qeydiyyatda olan i\u015fsizl\u0259rl\u0259 yana\u015f\u0131, x\u00fcsusi karantin rejiminin t\u0259tbiq edildiyi m\u00fcdd\u0259t \u0259rzind\u0259 m\u00fcraci\u0259t ed\u0259r\u0259k bu statusu alacaq \u015f\u0259xsl\u0259r\u0259 d\u0259 \u015famil olunacaq.<\/p>\n<\/p><\/div>\n","protected":false},"excerpt":{"rendered":"<p>[ad_1] Bak\u0131. \u0130lham\u0259 \u0130sabalayeva \u2013 Trend: Aprelin 1-d\u0259n sonra da i\u015fsiz statusu alanlara bird\u0259f\u0259lik \u00f6d\u0259m\u0259l\u0259r veril\u0259c\u0259k. Trend-in m\u0259lumat\u0131na g\u00f6r\u0259, bunu&hellip;<\/p>\n","protected":false},"author":1,"featured_media":22941,"comment_status":"closed","ping_status":"closed","sticky":false,"template":"","format":"standard","meta":{"om_disable_all_campaigns":false,"_monsterinsights_skip_tracking":false,"_uf_show_specific_survey":0,"_uf_disable_surveys":false,"footnotes":""},"categories":[5],"tags":[],"aioseo_notices":[],"_links":{"self":[{"href":"https:\/\/hakimiyyet.info.az\/index.php?rest_route=\/wp\/v2\/posts\/22940"}],"collection":[{"href":"https:\/\/hakimiyyet.info.az\/index.php?rest_route=\/wp\/v2\/posts"}],"about":[{"href":"https:\/\/hakimiyyet.info.az\/index.php?rest_route=\/wp\/v2\/types\/post"}],"author":[{"embeddable":true,"href":"https:\/\/hakimiyyet.info.az\/index.php?rest_route=\/wp\/v2\/users\/1"}],"replies":[{"embeddable":true,"href":"https:\/\/hakimiyyet.info.az\/index.php?rest_route=%2Fwp%2Fv2%2Fcomments&post=22940"}],"version-history":[{"count":0,"href":"https:\/\/hakimiyyet.info.az\/index.php?rest_route=\/wp\/v2\/posts\/22940\/revisions"}],"wp:featuredmedia":[{"embeddable":true,"href":"https:\/\/hakimiyyet.info.az\/index.php?rest_route=\/wp\/v2\/media\/22941"}],"wp:attachment":[{"href":"https:\/\/hakimiyyet.info.az\/index.php?rest_route=%2Fwp%2Fv2%2Fmedia&parent=22940"}],"wp:term":[{"taxonomy":"category","embeddable":true,"href":"https:\/\/hakimiyyet.info.az\/index.php?rest_route=%2Fwp%2Fv2%2Fcategories&post=22940"},{"taxonomy":"post_tag","embeddable":true,"href":"https:\/\/hakimiyyet.info.az\/index.php?rest_route=%2Fwp%2Fv2%2Ftags&post=22940"}],"curies":[{"name":"wp","href":"https:\/\/api.w.org\/{rel}","templated":true}]}}