{"id":23103,"date":"2020-04-07T21:23:02","date_gmt":"2020-04-07T17:23:02","guid":{"rendered":"https:\/\/www.hakimiyyet.com\/2019\/23103"},"modified":"2020-04-07T21:23:02","modified_gmt":"2020-04-07T17:23:02","slug":"issizlikd%c9%99n-sigorta-od%c9%99nisinin-verilm%c9%99si-mudd%c9%99ti-uzadilib","status":"publish","type":"post","link":"https:\/\/hakimiyyet.info.az\/?p=23103","title":{"rendered":"\u0130\u015fsizlikd\u0259n s\u0131\u011forta \u00f6d\u0259ni\u015finin verilm\u0259si m\u00fcdd\u0259ti uzad\u0131l\u0131b"},"content":{"rendered":"<p> [ad_1]<br \/>\n<\/p>\n<div>\n<p>Bak\u0131. Trend:<\/p>\n<p>Nazirl\u0259r Kabineti \u201cKoronavirus (COV\u0130D-19) pandemiyas\u0131 il\u0259 m\u00fcbariz\u0259 \u015f\u0259raitind\u0259 d\u00f6vl\u0259t m\u0259\u015f\u011fulluq xidm\u0259ti qurumlar\u0131nda i\u015fsiz kimi qeydiyyata al\u0131nm\u0131\u015f \u015f\u0259xsl\u0259rin sosial m\u00fcdafi\u0259si haqq\u0131nda\u201d q\u0259rar verib.<\/p>\n<p>Trend-in m\u0259lumat\u0131na g\u00f6r\u0259, Ba\u015f Nazir \u018fli \u018fs\u0259dov bununla ba\u011fl\u0131 q\u0259rar imzalay\u0131b.<\/p>\n<p>Q\u0259rara \u0259sas\u0259n, 2020-ci il 1 aprel tarixin\u0259 i\u015fsizlikd\u0259n s\u0131\u011forta \u00f6d\u0259ni\u015finin m\u00fcdd\u0259ti bitmi\u015f i\u015fsiz \u015f\u0259xsl\u0259r\u0259 minimum m\u0259bl\u0259\u011fd\u0259 i\u015fsizlikd\u0259n s\u0131\u011forta \u00f6d\u0259ni\u015fi, habel\u0259 pe\u015f\u0259 haz\u0131rl\u0131\u011f\u0131 prosesind\u0259 fasil\u0259 yaranm\u0131\u015f kurslar\u0131n m\u00fcdaviml\u0259rin\u0259 veril\u0259n t\u0259qa\u00fcd\u00fcn \u00f6d\u0259ni\u015fi Az\u0259rbaycan Respublikas\u0131n\u0131n \u0259razisind\u0259 x\u00fcsusi karantin rejiminin bitdiyi tarixd\u0259n sonrak\u0131 ay\u0131n 1-d\u0259k davam etdiril\u0259c\u0259k.<\/p>\n<p><!--<meta name=\"viewport\" content=\"width=device-width, initial-scale=1\">--><br \/>\n<!--\n\n<div class=\"AdviadNativeVideo\" style=\"max-width: 720px;\"><\/div>\n\n--><br \/>\n<!----><br \/>\n<!-- trend.az-inPage 1x1 --><\/p>\n<p><!-- trend.az-inPage 1x1 --><\/p>\n<p>\u018fm\u0259k v\u0259 \u018fhalinin Sosial M\u00fcdafi\u0259si Nazirliyi bu Q\u0259rardan ir\u0259li g\u0259l\u0259n m\u0259s\u0259l\u0259l\u0259ri h\u0259ll etm\u0259lidir.<\/p>\n<\/p><\/div>\n","protected":false},"excerpt":{"rendered":"<p>[ad_1] Bak\u0131. Trend: Nazirl\u0259r Kabineti \u201cKoronavirus (COV\u0130D-19) pandemiyas\u0131 il\u0259 m\u00fcbariz\u0259 \u015f\u0259raitind\u0259 d\u00f6vl\u0259t m\u0259\u015f\u011fulluq xidm\u0259ti qurumlar\u0131nda i\u015fsiz kimi qeydiyyata al\u0131nm\u0131\u015f \u015f\u0259xsl\u0259rin&hellip;<\/p>\n","protected":false},"author":1,"featured_media":23104,"comment_status":"closed","ping_status":"closed","sticky":false,"template":"","format":"standard","meta":{"om_disable_all_campaigns":false,"_monsterinsights_skip_tracking":false,"_uf_show_specific_survey":0,"_uf_disable_surveys":false,"footnotes":""},"categories":[5],"tags":[],"aioseo_notices":[],"_links":{"self":[{"href":"https:\/\/hakimiyyet.info.az\/index.php?rest_route=\/wp\/v2\/posts\/23103"}],"collection":[{"href":"https:\/\/hakimiyyet.info.az\/index.php?rest_route=\/wp\/v2\/posts"}],"about":[{"href":"https:\/\/hakimiyyet.info.az\/index.php?rest_route=\/wp\/v2\/types\/post"}],"author":[{"embeddable":true,"href":"https:\/\/hakimiyyet.info.az\/index.php?rest_route=\/wp\/v2\/users\/1"}],"replies":[{"embeddable":true,"href":"https:\/\/hakimiyyet.info.az\/index.php?rest_route=%2Fwp%2Fv2%2Fcomments&post=23103"}],"version-history":[{"count":0,"href":"https:\/\/hakimiyyet.info.az\/index.php?rest_route=\/wp\/v2\/posts\/23103\/revisions"}],"wp:featuredmedia":[{"embeddable":true,"href":"https:\/\/hakimiyyet.info.az\/index.php?rest_route=\/wp\/v2\/media\/23104"}],"wp:attachment":[{"href":"https:\/\/hakimiyyet.info.az\/index.php?rest_route=%2Fwp%2Fv2%2Fmedia&parent=23103"}],"wp:term":[{"taxonomy":"category","embeddable":true,"href":"https:\/\/hakimiyyet.info.az\/index.php?rest_route=%2Fwp%2Fv2%2Fcategories&post=23103"},{"taxonomy":"post_tag","embeddable":true,"href":"https:\/\/hakimiyyet.info.az\/index.php?rest_route=%2Fwp%2Fv2%2Ftags&post=23103"}],"curies":[{"name":"wp","href":"https:\/\/api.w.org\/{rel}","templated":true}]}}