{"id":23149,"date":"2020-04-07T22:45:46","date_gmt":"2020-04-07T18:45:46","guid":{"rendered":"https:\/\/www.vlast-az.ru\/2019\/23149"},"modified":"2020-04-07T22:45:46","modified_gmt":"2020-04-07T18:45:46","slug":"cox-narahat-idim-cunki-8-il-yasayacagima-umidim-yox-idi","status":"publish","type":"post","link":"https:\/\/hakimiyyet.info.az\/?p=23149","title":{"rendered":"\u00c7ox narahat idim, \u00e7\u00fcnki 8 il ya\u015fayaca\u011f\u0131ma \u00fcmidim yox idi"},"content":{"rendered":"<p> [ad_1]<br \/>\n<\/p>\n<div>\n<p>Bak\u0131. Samir \u018fli &#8211; Trend:<\/p>\n<p>Prezident \u0130lham \u018fliyev g\u00f6zl\u0259m\u0259diyim halda m\u0259ni sevindirdi.<\/p>\n<p>Bunu Trend-\u0259 a\u00e7\u0131qlamas\u0131nda \u0259fv olunan m\u0259hkum, 1952-ci il t\u0259v\u0259ll\u00fcdl\u00fc B\u00fcnyadov Eldar \u018fliyaqub o\u011flu deyib.<\/p>\n<p>O bildirib ki, \u0259fv olunaca\u011f\u0131 a\u011fl\u0131na da g\u0259lm\u0259yib:<\/p>\n<p>&#8220;C\u0259nab Prezident g\u00f6zl\u0259m\u0259diyim halda 8 il c\u0259zam\u0131 ba\u011f\u0131\u015flad\u0131. \u00c7ox narahat idim, \u00e7\u00fcnki 8 il ya\u015fayaca\u011f\u0131ma \u00fcmidim yox idi. Bu s\u0259r\u0259ncam ail\u0259mi d\u0259, m\u0259ni d\u0259 \u00e7ox sevindirdi. N\u0259v\u0259l\u0259rim \u00fc\u00e7\u00fcn \u00e7ox dar\u0131x\u0131rd\u0131m. M\u0259n ail\u0259m ad\u0131ndan, \u00f6z ad\u0131mdan c\u0259nab Prezident\u0259 t\u0259\u015f\u0259kk\u00fcr edir\u0259m&#8221;.<\/p>\n<p><meta name=\"viewport\" content=\"width=device-width, initial-scale=1\"\/><\/p>\n<p>Xat\u0131rladaq ki, aprelin 6-da Prezident \u0130lham \u018fliyev &#8220;M\u0259hkum edilmi\u015f bir s\u0131ra \u015f\u0259xsl\u0259rin \u0259fv olunmas\u0131 haqq\u0131nda&#8221; s\u0259r\u0259ncam imzalay\u0131b. D\u00fcnyada koronavirus (COV\u0130D-19) infeksiyas\u0131n\u0131n yay\u0131lmas\u0131 il\u0259 \u0259laq\u0259dar ya\u015f\u0131na v\u0259 s\u0259hh\u0259tin\u0259 g\u00f6r\u0259 x\u00fcsusi qay\u011f\u0131ya ehtiyac duyan ya\u015f\u0131 65-d\u0259n yuxar\u0131 olan m\u0259hkumlar\u0131n v\u0259 onlar\u0131n ail\u0259 \u00fczvl\u0259rinin \u00f6lk\u0259 Prezidentin\u0259 \u00fcnvanlanm\u0131\u015f \u0259fv haqq\u0131nda m\u00fcraci\u0259tl\u0259rin\u0259 bax\u0131laraq, m\u0259hkumlar\u0131n sa\u011flaml\u0131q v\u0259ziyy\u0259ti, c\u0259za \u00e7\u0259kdikl\u0259ri m\u00fcdd\u0259td\u0259 davran\u0131\u015flar\u0131 n\u0259z\u0259r\u0259 al\u0131naraq v\u0259 humanizm prinsipl\u0259rin\u0259 \u0259saslanaraq, 176 m\u0259hkum c\u0259zas\u0131n\u0131n \u00e7\u0259kilm\u0259mi\u015f hiss\u0259sind\u0259n azad edilib.<\/p>\n<p>\u00dcmumilikd\u0259 m\u00fcst\u0259qillik d\u00f6vr\u00fcnd\u0259 Az\u0259rbaycanda 66 \u0259fv s\u0259r\u0259ncam\u0131 imzalan\u0131b, 11 amnistiya akt\u0131 q\u0259bul edilib.<\/p>\n<\/p><\/div>\n","protected":false},"excerpt":{"rendered":"<p>[ad_1] Bak\u0131. Samir \u018fli &#8211; Trend: Prezident \u0130lham \u018fliyev g\u00f6zl\u0259m\u0259diyim halda m\u0259ni sevindirdi. Bunu Trend-\u0259 a\u00e7\u0131qlamas\u0131nda \u0259fv olunan m\u0259hkum, 1952-ci&hellip;<\/p>\n","protected":false},"author":1,"featured_media":23150,"comment_status":"closed","ping_status":"closed","sticky":false,"template":"","format":"standard","meta":{"om_disable_all_campaigns":false,"_monsterinsights_skip_tracking":false,"_uf_show_specific_survey":0,"_uf_disable_surveys":false,"footnotes":""},"categories":[5],"tags":[],"aioseo_notices":[],"_links":{"self":[{"href":"https:\/\/hakimiyyet.info.az\/index.php?rest_route=\/wp\/v2\/posts\/23149"}],"collection":[{"href":"https:\/\/hakimiyyet.info.az\/index.php?rest_route=\/wp\/v2\/posts"}],"about":[{"href":"https:\/\/hakimiyyet.info.az\/index.php?rest_route=\/wp\/v2\/types\/post"}],"author":[{"embeddable":true,"href":"https:\/\/hakimiyyet.info.az\/index.php?rest_route=\/wp\/v2\/users\/1"}],"replies":[{"embeddable":true,"href":"https:\/\/hakimiyyet.info.az\/index.php?rest_route=%2Fwp%2Fv2%2Fcomments&post=23149"}],"version-history":[{"count":0,"href":"https:\/\/hakimiyyet.info.az\/index.php?rest_route=\/wp\/v2\/posts\/23149\/revisions"}],"wp:featuredmedia":[{"embeddable":true,"href":"https:\/\/hakimiyyet.info.az\/index.php?rest_route=\/wp\/v2\/media\/23150"}],"wp:attachment":[{"href":"https:\/\/hakimiyyet.info.az\/index.php?rest_route=%2Fwp%2Fv2%2Fmedia&parent=23149"}],"wp:term":[{"taxonomy":"category","embeddable":true,"href":"https:\/\/hakimiyyet.info.az\/index.php?rest_route=%2Fwp%2Fv2%2Fcategories&post=23149"},{"taxonomy":"post_tag","embeddable":true,"href":"https:\/\/hakimiyyet.info.az\/index.php?rest_route=%2Fwp%2Fv2%2Ftags&post=23149"}],"curies":[{"name":"wp","href":"https:\/\/api.w.org\/{rel}","templated":true}]}}