{"id":23156,"date":"2020-04-07T23:09:31","date_gmt":"2020-04-07T19:09:31","guid":{"rendered":"https:\/\/www.hakimiyyet.com\/?p=23156"},"modified":"2020-04-08T00:35:37","modified_gmt":"2020-04-07T20:35:37","slug":"olk%c9%99-prezidentinin-novb%c9%99ti-humanist-addimi","status":"publish","type":"post","link":"https:\/\/hakimiyyet.info.az\/?p=23156","title":{"rendered":"\u00d6lk\u0259 Prezidentinin n\u00f6vb\u0259ti humanist add\u0131m\u0131"},"content":{"rendered":"<p>D\u00fcnyada koronavirus (COV\u0130D-19) infeksiyas\u0131n\u0131n yay\u0131lmas\u0131 il\u0259 \u0259laq\u0259dar \u00f6lk\u0259 Prezidenti c\u0259nab \u0130lham \u018fliyevin r\u0259hb\u0259rliyi il\u0259 \u0259halinin sa\u011flaml\u0131\u011f\u0131n\u0131n qorunmas\u0131, qlobal pandemiyan\u0131n yarada bil\u0259c\u0259yi t\u0259hl\u00fck\u0259nin qar\u015f\u0131s\u0131n\u0131n al\u0131nmas\u0131 m\u0259qs\u0259dil\u0259 z\u0259ruri preventiv t\u0259dbirl\u0259r m\u00fc\u0259yy\u0259n edilib, bu m\u0259qs\u0259dl\u0259 x\u00fcsusi karantin rejimi elan olunub, virusa yoluxmas\u0131 daha riskli olan ya\u015f\u0131 65-d\u0259n yuxar\u0131 v\u0259t\u0259nda\u015flar\u0131n sosial izolyasiyas\u0131na x\u00fcsusi diqq\u0259t yetirilib. Az\u0259rbaycan\u0131n Birinci vitse-prezidenti Mehriban xan\u0131m \u018fliyeva t\u0259r\u0259find\u0259n insanlara x\u00fcsusi qay\u011f\u0131 v\u0259 h\u0259ssasl\u0131qla m\u00fcraci\u0259tl\u0259r edil\u0259r\u0259k karantin rejimin\u0259 ciddi \u0259m\u0259l olunmas\u0131 t\u00f6vsiy\u0259 edilib.<\/p>\n<p>G\u00f6r\u00fcl\u0259n t\u0259dbirl\u0259r \u00e7\u0259r\u00e7iv\u0259sind\u0259 \u00f6lk\u0259 Prezidentinin 06.04.2020-ci il tarixli \u018ffv S\u0259r\u0259ncam\u0131 il\u0259 ya\u015f\u0131 65-d\u0259n yuxar\u0131 olan 176 n\u0259f\u0259r m\u0259hkum c\u0259zalar\u0131n\u0131n \u00e7\u0259kilm\u0259mi\u015f hiss\u0259sind\u0259n azad olunub. \u0130ndiki pandemiya \u015f\u0259raitind\u0259 virusa yoluxmas\u0131 daha a\u011f\u0131r n\u0259tic\u0259l\u0259n\u0259 bil\u0259n h\u0259min \u015f\u0259xsl\u0259rin azadl\u0131\u011fa burax\u0131lmas\u0131 onlar\u0131n h\u0259yatlar\u0131n\u0131n t\u0259hl\u00fck\u0259sizliyi v\u0259 sa\u011flaml\u0131qlar\u0131n\u0131n qorunmas\u0131, x\u00fcsusil\u0259 ail\u0259 qay\u011f\u0131s\u0131 il\u0259 \u0259hat\u0259 olunmalar\u0131 bax\u0131m\u0131ndan m\u00fch\u00fcm humanist add\u0131md\u0131r.<\/p>\n<p>HAK\u0130M\u0130YYET.com bildirir ki, \u00f6lk\u0259 ictimaiyy\u0259ti t\u0259r\u0259find\u0259n r\u0259\u011fb\u0259tl\u0259 qar\u015f\u0131lanan bu S\u0259r\u0259ncam\u0131n t\u0259xir\u0259sal\u0131nmadan icras\u0131 m\u0259qs\u0259dil\u0259 \u018fdliyy\u0259 Nazirliyinin, o c\u00fcml\u0259d\u0259n Penitensiar xidm\u0259tin aidiyy\u0259ti m\u0259sul i\u015f\u00e7il\u0259ri azad olunan m\u0259hkumlar\u0131n saxlan\u0131ld\u0131\u011f\u0131 c\u0259za\u00e7\u0259km\u0259 m\u00fc\u0259ssis\u0259l\u0259rind\u0259 olub, operativ z\u0259ruri s\u0259n\u0259dl\u0259\u015fdirm\u0259 i\u015fl\u0259ri apar\u0131laraq \u00e7oxsayl\u0131 K\u0130V v\u0259 ictimaiyy\u0259t n\u00fcmay\u0259nd\u0259l\u0259rinin i\u015ftirak\u0131 il\u0259 bu humanist q\u0259rar\u0131n vaxt\u0131nda v\u0259 tam icras\u0131 t\u0259min edilib.<\/p>\n<p>Qeyd olunub ki, m\u0259hkumlar\u0131n t\u0259hl\u00fck\u0259sizliyi v\u0259 sa\u011flaml\u0131qlar\u0131 diqq\u0259td\u0259 saxlan\u0131laraq, penitensiar m\u00fc\u0259ssis\u0259l\u0259rd\u0259 ard\u0131c\u0131l, kompleks tibbi-profilaktik t\u0259dbirl\u0259r g\u00f6r\u00fcl\u00fcr, m\u0259hkumlar\u0131n g\u00fcnd\u0259lik termometriyas\u0131, s\u0259hh\u0259tl\u0259rind\u0259 h\u0259r hans\u0131 problemi olan \u015f\u0259xsl\u0259rin d\u0259rhal m\u00fcayin\u0259si ke\u00e7irilir v\u0259 z\u0259ruri m\u00fcalic\u0259si apar\u0131l\u0131r.<\/p>\n<p>Nazirl\u0259r Kabineti yan\u0131nda Operativ Q\u0259rargah\u0131n m\u0259lumat\u0131na \u0259sas\u0259n pandemiyan\u0131n respublikam\u0131z\u0131n m\u00fcxt\u0259lif b\u00f6lg\u0259l\u0259rind\u0259 yay\u0131lmas\u0131n\u0131n m\u00fc\u015fahid\u0259 olunmas\u0131 v\u0259 \u0259fv edil\u0259n \u015f\u0259xsl\u0259rin ya\u015fay\u0131\u015f yerl\u0259rinin 40-d\u0259k rayonu \u0259hat\u0259 etm\u0259si n\u0259z\u0259r\u0259 al\u0131naraq, onlar do\u011fmalar\u0131n\u0131n yan\u0131na getm\u0259zd\u0259n \u0259vv\u0259l ail\u0259 \u00fczvl\u0259rinin d\u0259 sa\u011flaml\u0131q durumu ara\u015fd\u0131r\u0131lacaqd\u0131r. Bu m\u0259qs\u0259dl\u0259 azad olunan \u015f\u0259xsl\u0259r iki h\u0259ft\u0259lik istirah\u0259t m\u0259rk\u0259zl\u0259rinin birin\u0259 yerl\u0259\u015fdirilib v\u0259 h\u0259r c\u00fcr \u015f\u0259raitl\u0259, o c\u00fcml\u0259d\u0259n qida v\u0259 tibbi t\u0259minatla t\u0259chiz olunublar.<\/p>\n<p>\u018ffv olunanlar m\u0259rh\u0259m\u0259tliyin\u0259, insanp\u0259rv\u0259rliyin\u0259 v\u0259 onlara g\u00f6st\u0259ril\u0259n x\u00fcsusi qay\u011f\u0131ya g\u00f6r\u0259 \u00f6lk\u0259 Prezidentin\u0259 minn\u0259tdarl\u0131qlar\u0131n\u0131 ifad\u0259 edib, d\u00f6vl\u0259t ba\u015f\u00e7\u0131s\u0131n\u0131n irad\u0259si il\u0259 h\u0259yata ke\u00e7iril\u0259n q\u0259ti t\u0259dbirl\u0259r n\u0259tic\u0259sind\u0259 xalq\u0131m\u0131z\u0131n bu \u00fcmumb\u0259\u015f\u0259ri sosial b\u0259ladan tezlikl\u0259 qurtulaca\u011f\u0131na \u0259minliyini bildiribl\u0259r.<\/p>\n<p>Eyni zamanda, d\u00f6vl\u0259timizin humanist siyas\u0259tinin daha bir t\u0259zah\u00fcr\u00fc olan m\u0259hkumlar\u0131 c\u0259zadan \u015f\u0259rti olaraq vaxt\u0131ndan \u0259vv\u0259l azadetm\u0259 v\u0259 daha y\u00fcng\u00fcl rejimli m\u00fc\u0259ssis\u0259y\u0259 ke\u00e7irm\u0259 institutunun t\u0259tbiqi \u00fczr\u0259 t\u0259dbirl\u0259r davam etdirilir. Bu sah\u0259d\u0259 \u015f\u0259ffafl\u0131\u011f\u0131n v\u0259 operativliyin t\u0259min edilm\u0259si m\u0259qs\u0259dil\u0259 yarad\u0131lm\u0131\u015f \u018fdliyy\u0259 Nazirliyinin m\u00fcvafiq Komissiyas\u0131n\u0131n r\u0259yi n\u0259z\u0259r\u0259 al\u0131nmaqla m\u0259hk\u0259m\u0259l\u0259r\u0259 t\u0259qdim olunmu\u015f materiallara t\u0259xir\u0259sal\u0131nmadan bax\u0131l\u0131b v\u0259 son g\u00fcnl\u0259rd\u0259 daha 60-a yax\u0131n m\u0259hkum vaxt\u0131ndan \u0259vv\u0259l azad olunub.<\/p>\n","protected":false},"excerpt":{"rendered":"<p>D\u00fcnyada koronavirus (COV\u0130D-19) infeksiyas\u0131n\u0131n yay\u0131lmas\u0131 il\u0259 \u0259laq\u0259dar \u00f6lk\u0259 Prezidenti c\u0259nab \u0130lham \u018fliyevin r\u0259hb\u0259rliyi il\u0259 \u0259halinin sa\u011flaml\u0131\u011f\u0131n\u0131n qorunmas\u0131, qlobal pandemiyan\u0131n yarada&hellip;<\/p>\n","protected":false},"author":2,"featured_media":23165,"comment_status":"closed","ping_status":"closed","sticky":false,"template":"","format":"standard","meta":{"om_disable_all_campaigns":false,"_monsterinsights_skip_tracking":false,"_uf_show_specific_survey":0,"_uf_disable_surveys":false,"footnotes":""},"categories":[23,2,3,7,4],"tags":[],"aioseo_notices":[],"_links":{"self":[{"href":"https:\/\/hakimiyyet.info.az\/index.php?rest_route=\/wp\/v2\/posts\/23156"}],"collection":[{"href":"https:\/\/hakimiyyet.info.az\/index.php?rest_route=\/wp\/v2\/posts"}],"about":[{"href":"https:\/\/hakimiyyet.info.az\/index.php?rest_route=\/wp\/v2\/types\/post"}],"author":[{"embeddable":true,"href":"https:\/\/hakimiyyet.info.az\/index.php?rest_route=\/wp\/v2\/users\/2"}],"replies":[{"embeddable":true,"href":"https:\/\/hakimiyyet.info.az\/index.php?rest_route=%2Fwp%2Fv2%2Fcomments&post=23156"}],"version-history":[{"count":5,"href":"https:\/\/hakimiyyet.info.az\/index.php?rest_route=\/wp\/v2\/posts\/23156\/revisions"}],"predecessor-version":[{"id":23208,"href":"https:\/\/hakimiyyet.info.az\/index.php?rest_route=\/wp\/v2\/posts\/23156\/revisions\/23208"}],"wp:featuredmedia":[{"embeddable":true,"href":"https:\/\/hakimiyyet.info.az\/index.php?rest_route=\/wp\/v2\/media\/23165"}],"wp:attachment":[{"href":"https:\/\/hakimiyyet.info.az\/index.php?rest_route=%2Fwp%2Fv2%2Fmedia&parent=23156"}],"wp:term":[{"taxonomy":"category","embeddable":true,"href":"https:\/\/hakimiyyet.info.az\/index.php?rest_route=%2Fwp%2Fv2%2Fcategories&post=23156"},{"taxonomy":"post_tag","embeddable":true,"href":"https:\/\/hakimiyyet.info.az\/index.php?rest_route=%2Fwp%2Fv2%2Ftags&post=23156"}],"curies":[{"name":"wp","href":"https:\/\/api.w.org\/{rel}","templated":true}]}}