{"id":25317,"date":"2020-04-10T16:32:39","date_gmt":"2020-04-10T12:32:39","guid":{"rendered":"https:\/\/www.hakimiyyet.com\/2019\/25317"},"modified":"2020-04-10T16:32:39","modified_gmt":"2020-04-10T12:32:39","slug":"avropa-surasinin-bas-katibi-avropanin-pandemiyaya-hazir-olmadigini-deyib","status":"publish","type":"post","link":"https:\/\/hakimiyyet.info.az\/?p=25317","title":{"rendered":"Avropa \u015euras\u0131n\u0131n ba\u015f katibi Avropan\u0131n pandemiyaya haz\u0131r olmad\u0131\u011f\u0131n\u0131 deyib"},"content":{"rendered":"<div>\n<p>Bak\u0131. Trend:<\/p>\n<p>Avropa \u015euras\u0131 s\u0259hiyy\u0259 sistemi koronavirus pandemiyas\u0131 il\u0259 m\u00fcbariz\u0259y\u0259 haz\u0131r olmayan \u00f6lk\u0259l\u0259r\u0259 k\u00f6m\u0259k g\u00f6st\u0259rm\u0259y\u0259 haz\u0131rd\u0131r.<\/p>\n<p>Trend-in m\u0259lumat\u0131na g\u00f6r\u0259, bunu Avropa \u015euras\u0131n\u0131n ba\u015f katibi Mariya Pey\u00e7inovi\u00e7-Buri\u00e7 deyib.<\/p>\n<p>O bildirib ki, epidemiyadan daha \u00e7ox z\u0259r\u0259r \u00e7\u0259kmi\u015f \u00f6lk\u0259l\u0259rin s\u0259hiyy\u0259 sisteml\u0259ri f\u00f6vq\u0259lad\u0259 v\u0259ziyy\u0259td\u0259 reaksiya g\u00f6st\u0259rm\u0259y\u0259 haz\u0131r olmad\u0131\u011f\u0131n\u0131 g\u00f6st\u0259rdi:<\/p>\n<p><meta name=\"viewport\" content=\"width=device-width, initial-scale=1\"\/><\/p>\n<p>\u201cOna g\u00f6r\u0259 d\u0259 biz m\u00f6vcud mexanizml\u0259ri i\u015f\u0259 salmal\u0131y\u0131q v\u0259 z\u0259if halqalar\u0131 g\u00fccl\u0259ndirm\u0259yin \u00fcsullar\u0131n\u0131 tapmal\u0131y\u0131q. Biz bunu etm\u0259y\u0259 haz\u0131r\u0131q\u201d.<\/p>\n<p>Diplomat \u0259lav\u0259 edib ki, Avropa iqtisadiyyat\u0131 v\u0259 sosial t\u0259minatlar sistemi b\u00f6hranla \u0259laq\u0259dar z\u0259rb\u0259 alt\u0131ndad\u0131r. O xat\u0131rlad\u0131b ki, indiy\u0259d\u0259k firavan hesab olunan \u00f6lk\u0259l\u0259rd\u0259 bel\u0259 son h\u0259ft\u0259l\u0259rd\u0259 i\u015fsizlik s\u0259viyy\u0259si k\u0259skin art\u0131b.<\/p>\n<\/p><\/div>\n","protected":false},"excerpt":{"rendered":"<p>Bak\u0131. Trend: Avropa \u015euras\u0131 s\u0259hiyy\u0259 sistemi koronavirus pandemiyas\u0131 il\u0259 m\u00fcbariz\u0259y\u0259 haz\u0131r olmayan \u00f6lk\u0259l\u0259r\u0259 k\u00f6m\u0259k g\u00f6st\u0259rm\u0259y\u0259 haz\u0131rd\u0131r. Trend-in m\u0259lumat\u0131na g\u00f6r\u0259, bunu&hellip;<\/p>\n","protected":false},"author":1,"featured_media":25318,"comment_status":"closed","ping_status":"closed","sticky":false,"template":"","format":"standard","meta":{"om_disable_all_campaigns":false,"_monsterinsights_skip_tracking":false,"_uf_show_specific_survey":0,"_uf_disable_surveys":false,"footnotes":""},"categories":[5],"tags":[],"aioseo_notices":[],"_links":{"self":[{"href":"https:\/\/hakimiyyet.info.az\/index.php?rest_route=\/wp\/v2\/posts\/25317"}],"collection":[{"href":"https:\/\/hakimiyyet.info.az\/index.php?rest_route=\/wp\/v2\/posts"}],"about":[{"href":"https:\/\/hakimiyyet.info.az\/index.php?rest_route=\/wp\/v2\/types\/post"}],"author":[{"embeddable":true,"href":"https:\/\/hakimiyyet.info.az\/index.php?rest_route=\/wp\/v2\/users\/1"}],"replies":[{"embeddable":true,"href":"https:\/\/hakimiyyet.info.az\/index.php?rest_route=%2Fwp%2Fv2%2Fcomments&post=25317"}],"version-history":[{"count":0,"href":"https:\/\/hakimiyyet.info.az\/index.php?rest_route=\/wp\/v2\/posts\/25317\/revisions"}],"wp:featuredmedia":[{"embeddable":true,"href":"https:\/\/hakimiyyet.info.az\/index.php?rest_route=\/wp\/v2\/media\/25318"}],"wp:attachment":[{"href":"https:\/\/hakimiyyet.info.az\/index.php?rest_route=%2Fwp%2Fv2%2Fmedia&parent=25317"}],"wp:term":[{"taxonomy":"category","embeddable":true,"href":"https:\/\/hakimiyyet.info.az\/index.php?rest_route=%2Fwp%2Fv2%2Fcategories&post=25317"},{"taxonomy":"post_tag","embeddable":true,"href":"https:\/\/hakimiyyet.info.az\/index.php?rest_route=%2Fwp%2Fv2%2Ftags&post=25317"}],"curies":[{"name":"wp","href":"https:\/\/api.w.org\/{rel}","templated":true}]}}