{"id":34105,"date":"2020-03-04T10:18:00","date_gmt":"2020-03-04T06:18:00","guid":{"rendered":"https:\/\/www.hakimiyyet.com\/2019\/34105"},"modified":"2020-03-04T10:18:00","modified_gmt":"2020-03-04T06:18:00","slug":"prezident-ilham-%c9%99liyev-agstafa-rayonuna-s%c9%99f%c9%99r%c9%99-g%c9%99lib-video","status":"publish","type":"post","link":"https:\/\/hakimiyyet.info.az\/?p=34105","title":{"rendered":"Prezident \u0130lham \u018fliyev A\u011fstafa rayonuna s\u0259f\u0259r\u0259 g\u0259lib V\u0130DEO"},"content":{"rendered":"<p>&#8220;Hakimiyyet.com&#8221; x\u0259b\u0259r verir ki,<\/p>\n<p>Az\u0259rbaycan Respublikas\u0131n\u0131n Prezidenti \u0130lham \u018fliyev mart\u0131n 4-d\u0259 A\u011fstafa rayonuna s\u0259f\u0259r\u0259 g\u0259lib. <\/p>\n<p><\/p>\n<p><a href=\"https:\/\/azertag.az\" target=\"_blank\" class=\"azertac-link\" rel=\"noopener noreferrer\">AZ\u018fRTAC<\/a> x\u0259b\u0259r verir ki, d\u00f6vl\u0259timizin ba\u015f\u00e7\u0131s\u0131 A\u011fstafa \u015f\u0259h\u0259rind\u0259 \u00fcmummilli lider Heyd\u0259r \u018fliyevin abid\u0259sini ziyar\u0259t etdi, \u00f6n\u00fcn\u0259 g\u00fcl d\u0259st\u0259si qoydu.<\/p>\n<p><\/p>\n<p> Haz\u0131rda d\u00fcnyada b\u00f6y\u00fck narahatl\u0131q yaradan koronavirus infeksiyas\u0131na yoluxmaq t\u0259hl\u00fck\u0259si olsa da, Az\u0259rbaycan Prezidenti b\u00f6lg\u0259l\u0259r\u0259 s\u0259f\u0259rini t\u0259xir\u0259 salmad\u0131. Baxmayaraq ki, koronavirusun yay\u0131ld\u0131\u011f\u0131 \u00f6lk\u0259l\u0259rin he\u00e7 birind\u0259 d\u00f6vl\u0259t ba\u015f\u00e7\u0131lar\u0131 regionlara s\u0259f\u0259r etmir, insanlarla g\u00f6r\u00fc\u015fm\u00fcr. Amma Az\u0259rbaycan Prezidenti bu add\u0131m\u0131 il\u0259 bir daha g\u00f6st\u0259rdi ki, \u00f6lk\u0259nin regionlar\u0131nda v\u0259ziyy\u0259t, insanlar\u0131n probleml\u0259rinin h\u0259lli d\u00f6vl\u0259timizin ba\u015f\u00e7\u0131s\u0131 \u00fc\u00e7\u00fcn prioritet m\u0259s\u0259l\u0259dir.<\/p>\n","protected":false},"excerpt":{"rendered":"<p>&#8220;Hakimiyyet.com&#8221; x\u0259b\u0259r verir ki, Az\u0259rbaycan Respublikas\u0131n\u0131n Prezidenti \u0130lham \u018fliyev mart\u0131n 4-d\u0259 A\u011fstafa rayonuna s\u0259f\u0259r\u0259 g\u0259lib. AZ\u018fRTAC x\u0259b\u0259r verir ki, d\u00f6vl\u0259timizin&hellip;<\/p>\n","protected":false},"author":1,"featured_media":34106,"comment_status":"closed","ping_status":"closed","sticky":false,"template":"","format":"standard","meta":{"om_disable_all_campaigns":false,"_monsterinsights_skip_tracking":false,"_uf_show_specific_survey":0,"_uf_disable_surveys":false,"footnotes":""},"categories":[34],"tags":[],"aioseo_notices":[],"_links":{"self":[{"href":"https:\/\/hakimiyyet.info.az\/index.php?rest_route=\/wp\/v2\/posts\/34105"}],"collection":[{"href":"https:\/\/hakimiyyet.info.az\/index.php?rest_route=\/wp\/v2\/posts"}],"about":[{"href":"https:\/\/hakimiyyet.info.az\/index.php?rest_route=\/wp\/v2\/types\/post"}],"author":[{"embeddable":true,"href":"https:\/\/hakimiyyet.info.az\/index.php?rest_route=\/wp\/v2\/users\/1"}],"replies":[{"embeddable":true,"href":"https:\/\/hakimiyyet.info.az\/index.php?rest_route=%2Fwp%2Fv2%2Fcomments&post=34105"}],"version-history":[{"count":0,"href":"https:\/\/hakimiyyet.info.az\/index.php?rest_route=\/wp\/v2\/posts\/34105\/revisions"}],"wp:featuredmedia":[{"embeddable":true,"href":"https:\/\/hakimiyyet.info.az\/index.php?rest_route=\/wp\/v2\/media\/34106"}],"wp:attachment":[{"href":"https:\/\/hakimiyyet.info.az\/index.php?rest_route=%2Fwp%2Fv2%2Fmedia&parent=34105"}],"wp:term":[{"taxonomy":"category","embeddable":true,"href":"https:\/\/hakimiyyet.info.az\/index.php?rest_route=%2Fwp%2Fv2%2Fcategories&post=34105"},{"taxonomy":"post_tag","embeddable":true,"href":"https:\/\/hakimiyyet.info.az\/index.php?rest_route=%2Fwp%2Fv2%2Ftags&post=34105"}],"curies":[{"name":"wp","href":"https:\/\/api.w.org\/{rel}","templated":true}]}}