{"id":38449,"date":"2020-04-24T14:44:00","date_gmt":"2020-04-24T10:44:00","guid":{"rendered":"http:\/\/hakimiyyet.info.az\/2019\/38449"},"modified":"2020-04-24T14:44:00","modified_gmt":"2020-04-24T10:44:00","slug":"ekspert-gozl%c9%99nil%c9%99n-vergi-guz%c9%99sti-paketi-milli-iqtisadiyyatimizin-ayaqda-qalmasi-ucun-ciddi-baza-yarada-bil%c9%99r","status":"publish","type":"post","link":"https:\/\/hakimiyyet.info.az\/?p=38449","title":{"rendered":"Ekspert: G\u00f6zl\u0259nil\u0259n vergi g\u00fcz\u0259\u015fti paketi milli iqtisadiyyat\u0131m\u0131z\u0131n ayaqda qalmas\u0131 \u00fc\u00e7\u00fcn ciddi baza yarada bil\u0259r"},"content":{"rendered":"<p>&#8220;Hakimiyyet.com&#8221; x\u0259b\u0259r verir ki, <\/p>\n<p style=\"text-align: justify;\">G\u00f6zl\u0259nil\u0259n vergi g\u00fcz\u0259\u015fti paketi haz\u0131rk\u0131 m\u00fcrr\u0259kk\u0259b iqtisadi \u015f\u0259raitd\u0259 milli iqtisadiyyat\u0131m\u0131z\u0131n h\u0259m sosial, h\u0259m iqtisadi, o c\u00fcml\u0259d\u0259n d\u0259 fiskal dayan\u0131ql\u0131l\u0131q bax\u0131m\u0131ndan ayaqda qalmas\u0131 \u00fc\u00e7\u00fcn ciddi baza yarada bil\u0259r.<\/p>\n<p><\/p>\n<p>Bu s\u00f6zl\u0259ri <a href=\"https:\/\/azertag.az\" target=\"_blank\" class=\"azertac-link\" rel=\"noopener noreferrer\">AZ\u018fRTAC<\/a>-a Az\u0259rbaycan D\u00f6vl\u0259t \u0130qtisad Universitetind\u0259 (UNEC) Rusiya m\u0259kt\u0259binin direktorunun m\u00fcavini, professor El\u015fad M\u0259mm\u0259dov deyib.<\/p>\n<p><\/p>\n<p>O bildirib ki, \u00f6lk\u0259 iqtisadiyyat\u0131n\u0131n xarici iqtisadi \u015foklar\u0131n t\u0259siri alt\u0131nda dayan\u0131ql\u0131l\u0131\u011f\u0131n\u0131n qorunmas\u0131 \u00fc\u00e7\u00fcn d\u00f6vl\u0259timizin ba\u015f\u00e7\u0131s\u0131n\u0131n tap\u015f\u0131r\u0131\u011f\u0131 il\u0259 haz\u0131rlanan iqtisadi paketl\u0259r \u00e7\u0259r\u00e7iv\u0259sind\u0259 vergil\u0259rl\u0259 ba\u011fl\u0131 \u0130qtisadiyyat Nazirliyi t\u0259r\u0259find\u0259n haz\u0131rlanm\u0131\u015f paket milli iqtisadiyyat\u0131m\u0131z\u0131n h\u0259m fiskal, h\u0259m d\u0259 b\u00fct\u00f6vl\u00fckd\u0259 sosial iqtisadi bax\u0131mdan dayan\u0131ql\u0131l\u0131\u011f\u0131n\u0131n qorunmas\u0131 xidm\u0259t edir: \u201cN\u0259z\u0259r\u0259 almaq laz\u0131md\u0131r ki, bu paket kifay\u0259t q\u0259d\u0259r m\u00fcr\u0259kk\u0259b iqtisadi \u015f\u0259raitd\u0259 h\u0259m i\u015fg\u00fczar f\u0259all\u0131\u011f\u0131n qorunmas\u0131na, h\u0259m sosial bax\u0131mdan \u0259halinin geni\u015f t\u0259b\u0259q\u0259l\u0259rinin m\u00fcdafi\u0259 olunmas\u0131na, h\u0259m d\u0259 fiskal siyas\u0259tin dayan\u0131ql\u0131l\u0131\u011f\u0131n\u0131n qorunmas\u0131na m\u00fcsb\u0259t t\u0259sirini g\u00f6st\u0259r\u0259c\u0259k. Paketin konkret t\u0259snifat\u0131na n\u0259z\u0259r salsaq biz, ilk n\u00f6vb\u0259d\u0259 onu qeyd etm\u0259liyik ki, paketin sosial t\u0259r\u0259fi olduqca \u00f6n\u0259mlidir. Bu paketin t\u0259tbiqi n\u0259tic\u0259sind\u0259 biz, g\u00f6r\u0259 bil\u0259rik ki, faktiki olaraq \u0259n \u00e7ox pandemiya il\u0259 ba\u011fl\u0131 olan prosesl\u0259rd\u0259n \u0259ziyy\u0259t \u00e7\u0259k\u0259n iqisadi sah\u0259l\u0259r\u0259 d\u0259st\u0259yin verilm\u0259si n\u0259z\u0259rd\u0259 tutulur. Bu da \u0259halinin geni\u015f t\u0259b\u0259q\u0259sinin sosial rifah\u0131n\u0131n g\u00fccl\u0259ndirilm\u0259si v\u0259 qorunmas\u0131 \u00fc\u00e7\u00fcn \u00e7ox \u00f6n\u0259mlidir. \u018fg\u0259r biz, paketin strukturuna n\u0259z\u0259r salsaq, \u015f\u00fcbh\u0259siz ki, m\u0259hz bu a\u011f\u0131r iqtisadi \u015f\u0259raitd\u0259 sad\u0259l\u0259\u015fdirilmi\u015f vergil\u0259r \u00f6d\u0259y\u0259n biznes kateqoriyas\u0131na, y\u0259ni d\u00f6vriyy\u0259si az olan biznes kateqoriyas\u0131na 50 faizlik sad\u0259l\u0259\u015fdirilmi\u015f vergil\u0259rl\u0259 ba\u011fl\u0131 g\u00fcz\u0259tl\u0259rin verilm\u0259sini qeyd etm\u0259liyik. Bu, haz\u0131rk\u0131 \u015f\u0259raitd\u0259 m\u0259hz pandemiyadan \u0259ziyy\u0259t \u00e7\u0259k\u0259n biznes t\u0259b\u0259q\u0259l\u0259ri \u00fc\u00e7\u00fcn kifay\u0259t q\u0259d\u0259r \u0259h\u0259miyy\u0259tli bir d\u0259st\u0259k formas\u0131d\u0131r. Eyni zamanda, biz, sosial s\u0131\u011fortalarla ba\u011fl\u0131 \u00f6d\u0259ni\u015fl\u0259rin azalmas\u0131na da toxunmal\u0131y\u0131q. Bu da fiskal y\u0131\u011f\u0131mlar bax\u0131mdan biznes qurumlar\u0131 \u00fc\u00e7\u00fcn xeyli d\u0259r\u0259c\u0259d\u0259 fiskal y\u00fck\u00fcn azald\u0131lmas\u0131 dem\u0259kdir. \u00c7\u00fcnki sosial s\u0131\u011forta il\u0259 ba\u011fl\u0131 olan x\u0259rcl\u0259r d\u0259 biznes qurumu \u00fc\u00e7\u00fcn fiskal y\u0131\u011f\u0131mlar\u0131n bir hiss\u0259si kimi \u00e7\u0131x\u0131\u015f edir. Eyni zamanda, m\u0259nf\u0259\u0259t vergisinin 75 faiz azald\u0131lmas\u0131 olduqca \u00f6n\u0259mlidir. Burada biz, \u015firk\u0259tl\u0259r\u0259 d\u0259st\u0259yin verilm\u0259si il\u0259 yana\u015f\u0131, b\u00fct\u00f6vl\u00fckd\u0259 milli iqtisadiyyat\u0131m\u0131z\u0131n investisiyalar bax\u0131m\u0131ndan stimulla\u015fd\u0131r\u0131lmas\u0131 m\u0259s\u0259l\u0259sini qeyd etm\u0259liyik ki, bu, olduqca \u00f6n\u0259mlidir. \u00c7\u00fcnki haz\u0131rk\u0131 \u015f\u0259raitd\u0259 m\u00fcmk\u00fcnd\u00fcr ki, d\u00f6vl\u0259t kapital qoyulu\u015flar\u0131nda azalma olsun v\u0259 bel\u0259 olan halda s\u00f6zs\u00fcz ki, biznes t\u0259r\u0259fd\u0259n \u00f6z\u0259l investisiyalar\u0131n art\u0131m\u0131na \u00e7ox ciddi ehtiyac var. D\u00fc\u015f\u00fcn\u00fcr\u0259m ki, 75 faizlik m\u0259nf\u0259\u0259t vergisinin \u00f6d\u0259nilm\u0259si il\u0259 ba\u011fl\u0131 azalma, eyni zamanda, amortizasiya x\u0259rcl\u0259rinin investisiyalar\u0131n art\u0131m\u0131na s\u0259b\u0259b ola bil\u0259r. Bu da milli iqtisadiyyat\u0131m\u0131z \u00fc\u00e7\u00fcn olduqca ciddi d\u0259st\u0259kdir\u201d. <\/p>\n<p><\/p>\n<p>\u201cS\u0259rni\u015finda\u015f\u0131malarla, ictimai iai\u015f\u0259 ba\u011fl\u0131 olan sah\u0259l\u0259rd\u0259ki vergi g\u00fcz\u0259\u015ftl\u0259ri d\u0259 \u015f\u00fcbh\u0259siz ki, iqtisadiyyat\u0131n haz\u0131rk\u0131 \u015f\u0259raitd\u0259 t\u0259zyiq hiss ed\u0259n sah\u0259l\u0259ri \u00fc\u00e7\u00fcn bir d\u0259st\u0259k mexanizmi kimi d\u0259y\u0259rl\u0259ndirilm\u0259ldir. Bununla yana\u015f\u0131, vergil\u0259rl\u0259 ba\u011fl\u0131 dig\u0259r m\u00fch\u00fcm add\u0131m sahibkarl\u0131q m\u0259qs\u0259dil\u0259 \u00f6z \u0259mlaklar\u0131n\u0131 icar\u0259y\u0259 ver\u0259n biznes kateqoriyalar\u0131 \u00fc\u00e7\u00fcn 14 faizlik g\u0259lir vergisind\u0259n azad olunma milli iqtisadiyyat\u0131n inki\u015faf\u0131 bax\u0131m\u0131ndan sahibkarl\u0131qla m\u0259\u015f\u011ful olan, \u0259mlaklar\u0131n\u0131 icar\u0259y\u0259 ver\u0259n kateqoriya \u00fc\u00e7\u00fcn d\u0259st\u0259kdir. Bu da kifay\u0259t q\u0259d\u0259r geni\u015f kateqoriyad\u0131r. Biznes subyektl\u0259rinin faktiki olaraq g\u0259lir vergisid\u0259n 14 faizlik h\u0259cmd\u0259 azad olunmas\u0131, y\u0259ni bu g\u0259lir vergisinin s\u0131f\u0131rla\u015fd\u0131r\u0131lmas\u0131 h\u0259min biznes kateqoriyalar\u0131 \u00fc\u00e7\u00fcn ciddi t\u0259\u015fviqedici d\u0259st\u0259k mexanizmidir. Eyni zamanda, sahibkarlar\u0131n m\u00fcdd\u0259tli olaraq \u0259mlak v\u0259 torpaq vergisind\u0259n azad olunmas\u0131 da \u015f\u00fcbh\u0259siz ki, onlara \u00f6z i\u015fg\u00fczar f\u0259all\u0131qlar\u0131n\u0131n realla\u015fd\u0131r\u0131lmas\u0131 \u00fc\u00e7\u00fcn stimulla\u015fd\u0131r\u0131c\u0131 t\u0259dbirl\u0259r kimi d\u0259y\u0259rl\u0259ndirilm\u0259ldir. N\u0259z\u0259r\u0259 al\u0131nmal\u0131d\u0131r ki, bu n\u00f6v vergi kateqoriyalar\u0131 i\u015fg\u00fczar f\u0259all\u0131\u011f\u0131n, d\u00f6vriyy\u0259nin hans\u0131 s\u0259viyy\u0259d\u0259 as\u0131l\u0131 olmayaraq vergiy\u0259 c\u0259lb olunurdular v\u0259 indiki halda h\u0259min kateqoriya vergi\u00f6d\u0259yicil\u0259rin\u0259 g\u00fcz\u0259\u015ftl\u0259rin edilm\u0259si onlar\u0131n biznesinin ayaqda qalmas\u0131 \u00fc\u00e7\u00fcn \u00e7ox ciddi \u015f\u0259kild\u0259 \u015f\u0259rait yaratm\u0131\u015f olur. Hesab edir\u0259m ki, realla\u015fd\u0131r\u0131lmas\u0131 g\u00f6zl\u0259nil\u0259n vergi g\u00fcz\u0259\u015fti paketi haz\u0131rk\u0131 m\u00fcrr\u0259kk\u0259b iqtisadi \u015f\u0259raitd\u0259 milli iqtisadiyyat\u0131m\u0131z\u0131n h\u0259m sosial, h\u0259m iqtisadi, o c\u00fcml\u0259d\u0259n d\u0259 fiskal dayan\u0131ql\u0131l\u0131q bax\u0131m\u0131ndan ayaqda qalmas\u0131 \u00fc\u00e7\u00fcn ciddi baza yarada bil\u0259r\u201d, &#8211; dey\u0259 E.M\u0259mm\u0259dov \u0259lav\u0259 edib.<\/p>\n","protected":false},"excerpt":{"rendered":"<p>&#8220;Hakimiyyet.com&#8221; x\u0259b\u0259r verir ki, G\u00f6zl\u0259nil\u0259n vergi g\u00fcz\u0259\u015fti paketi haz\u0131rk\u0131 m\u00fcrr\u0259kk\u0259b iqtisadi \u015f\u0259raitd\u0259 milli iqtisadiyyat\u0131m\u0131z\u0131n h\u0259m sosial, h\u0259m iqtisadi, o c\u00fcml\u0259d\u0259n&hellip;<\/p>\n","protected":false},"author":1,"featured_media":38450,"comment_status":"closed","ping_status":"closed","sticky":false,"template":"","format":"standard","meta":{"om_disable_all_campaigns":false,"_monsterinsights_skip_tracking":false,"_uf_show_specific_survey":0,"_uf_disable_surveys":false,"footnotes":""},"categories":[23,7],"tags":[],"aioseo_notices":[],"_links":{"self":[{"href":"https:\/\/hakimiyyet.info.az\/index.php?rest_route=\/wp\/v2\/posts\/38449"}],"collection":[{"href":"https:\/\/hakimiyyet.info.az\/index.php?rest_route=\/wp\/v2\/posts"}],"about":[{"href":"https:\/\/hakimiyyet.info.az\/index.php?rest_route=\/wp\/v2\/types\/post"}],"author":[{"embeddable":true,"href":"https:\/\/hakimiyyet.info.az\/index.php?rest_route=\/wp\/v2\/users\/1"}],"replies":[{"embeddable":true,"href":"https:\/\/hakimiyyet.info.az\/index.php?rest_route=%2Fwp%2Fv2%2Fcomments&post=38449"}],"version-history":[{"count":0,"href":"https:\/\/hakimiyyet.info.az\/index.php?rest_route=\/wp\/v2\/posts\/38449\/revisions"}],"wp:featuredmedia":[{"embeddable":true,"href":"https:\/\/hakimiyyet.info.az\/index.php?rest_route=\/wp\/v2\/media\/38450"}],"wp:attachment":[{"href":"https:\/\/hakimiyyet.info.az\/index.php?rest_route=%2Fwp%2Fv2%2Fmedia&parent=38449"}],"wp:term":[{"taxonomy":"category","embeddable":true,"href":"https:\/\/hakimiyyet.info.az\/index.php?rest_route=%2Fwp%2Fv2%2Fcategories&post=38449"},{"taxonomy":"post_tag","embeddable":true,"href":"https:\/\/hakimiyyet.info.az\/index.php?rest_route=%2Fwp%2Fv2%2Ftags&post=38449"}],"curies":[{"name":"wp","href":"https:\/\/api.w.org\/{rel}","templated":true}]}}