{"id":55663,"date":"2020-05-23T15:42:38","date_gmt":"2020-05-23T11:42:38","guid":{"rendered":"http:\/\/hakimiyyet.info.az\/2019\/55663"},"modified":"2020-05-23T15:42:38","modified_gmt":"2020-05-23T11:42:38","slug":"turk-surasinin-bas-katibi-ramazan-bayrami-munasib%c9%99til%c9%99-butun-mus%c9%99lmanlari-t%c9%99brik-edib","status":"publish","type":"post","link":"https:\/\/hakimiyyet.info.az\/?p=55663","title":{"rendered":"T\u00fcrk \u015euras\u0131n\u0131n Ba\u015f katibi Ramazan bayram\u0131 m\u00fcnasib\u0259til\u0259 b\u00fct\u00fcn m\u00fcs\u0259lmanlar\u0131 t\u0259brik edib"},"content":{"rendered":"<p>\u201cHakimiyyet.com\u201d x\u0259b\u0259r verir ki, <\/p>\n<div>\n<p>T\u00fcrkdilli \u00d6lk\u0259l\u0259rin \u018fm\u0259kda\u015fl\u0131q \u015euras\u0131n\u0131n (T\u00fcrk \u015euras\u0131) Ba\u015f katibi Ba\u011fdad Amreyev Ramazan bayram\u0131 m\u00fcnasib\u0259til\u0259 b\u00fct\u00fcn m\u00fcs\u0259lmanlar\u0131 t\u0259brik edib.<\/p>\n<p>\u00a0<\/p>\n<div><a href=\"https:\/\/apa.az\" target=\"_blank\" style=\"display: inline !important;\" rel=\"noopener noreferrer\">APA<\/a>-n\u0131n x\u0259b\u0259rin\u0259 g\u00f6r\u0259, bu bar\u0259d\u0259 t\u0259\u015fkilat\u0131n sayt\u0131nda m\u0259lumat verilib.<\/div>\n<p>\u00a0<\/p>\n<div>&#8220;M\u00fcq\u0259dd\u0259s Ramazan ay\u0131n\u0131 gerid\u0259 qoyub m\u00fcq\u0259dd\u0259s bayram\u0131 olan Qurban bayram\u0131na yax\u0131nla\u015f\u0131r\u0131q, b\u00fct\u00fcn m\u00fcs\u0259lmanlar\u0131 bayram m\u00fcnasib\u0259til\u0259 \u00fcr\u0259kd\u0259n t\u0259brik edir\u0259m.<\/p>\n<p>\u00a0<\/p>\n<p>H\u0259mr\u0259ylik v\u0259 birlik ruhunun \u00f6n\u0259 \u00e7\u0131xd\u0131\u011f\u0131, sevincli v\u0259 xo\u015fb\u0259xt g\u00fcnl\u0259rimizd\u0259n biri olan Ramazan bayram\u0131na qovu\u015fma\u011f\u0131m\u0131z\u0131 t\u0259min ed\u0259n Uca Allaha minn\u0259tdarl\u0131\u011f\u0131m\u0131z\u0131 ifad\u0259 ed\u0259rk\u0259n, h\u0259m d\u0259 T\u00fcrk d\u00fcnyas\u0131nda v\u0259 b\u00fct\u00fcn d\u00fcnyada qarda\u015fl\u0131q v\u0259 dostluq m\u00fcnasib\u0259tl\u0259rinin daha da d\u0259rinl\u0259\u015fm\u0259sini v\u0259 m\u00f6hk\u0259ml\u0259nm\u0259sini dil\u0259yir\u0259m.\u00a0<\/p>\n<p>\u00a0<\/p>\n<p>\u00dcmid edir\u0259m ki, \u00fczl\u0259\u015fdiyimiz\u00a0 bu \u00e7\u0259tin g\u00fcnl\u0259r tezlikl\u0259 bit\u0259c\u0259k, T\u00fcrk v\u0259 \u0130slam d\u00fcnyas\u0131 bu d\u00f6vrd\u0259n g\u00fccl\u00fc \u00e7\u0131xacaq.<\/p>\n<p>\u00a0<\/p>\n<p>T\u00fcrk \u015euras\u0131n\u0131n b\u00fct\u00fcn kollektivi T\u00fcrk D\u00fcnyas\u0131nda, el\u0259c\u0259 d\u0259 b\u00fct\u00fcn d\u00fcnyada m\u00fcs\u0259lmanlara\u00a0 xo\u015fb\u0259xt bir Ramazan bayram\u0131 arzulay\u0131r&#8221;, &#8211; dey\u0259 t\u0259brikd\u0259 bildirilir.<\/p>\n<\/div><\/div>\n","protected":false},"excerpt":{"rendered":"<p>\u201cHakimiyyet.com\u201d x\u0259b\u0259r verir ki, T\u00fcrkdilli \u00d6lk\u0259l\u0259rin \u018fm\u0259kda\u015fl\u0131q \u015euras\u0131n\u0131n (T\u00fcrk \u015euras\u0131) Ba\u015f katibi Ba\u011fdad Amreyev Ramazan bayram\u0131 m\u00fcnasib\u0259til\u0259 b\u00fct\u00fcn m\u00fcs\u0259lmanlar\u0131 t\u0259brik&hellip;<\/p>\n","protected":false},"author":1,"featured_media":55664,"comment_status":"closed","ping_status":"closed","sticky":false,"template":"","format":"standard","meta":{"om_disable_all_campaigns":false,"_monsterinsights_skip_tracking":false,"_uf_show_specific_survey":0,"_uf_disable_surveys":false,"footnotes":""},"categories":[23,5],"tags":[],"aioseo_notices":[],"_links":{"self":[{"href":"https:\/\/hakimiyyet.info.az\/index.php?rest_route=\/wp\/v2\/posts\/55663"}],"collection":[{"href":"https:\/\/hakimiyyet.info.az\/index.php?rest_route=\/wp\/v2\/posts"}],"about":[{"href":"https:\/\/hakimiyyet.info.az\/index.php?rest_route=\/wp\/v2\/types\/post"}],"author":[{"embeddable":true,"href":"https:\/\/hakimiyyet.info.az\/index.php?rest_route=\/wp\/v2\/users\/1"}],"replies":[{"embeddable":true,"href":"https:\/\/hakimiyyet.info.az\/index.php?rest_route=%2Fwp%2Fv2%2Fcomments&post=55663"}],"version-history":[{"count":0,"href":"https:\/\/hakimiyyet.info.az\/index.php?rest_route=\/wp\/v2\/posts\/55663\/revisions"}],"wp:featuredmedia":[{"embeddable":true,"href":"https:\/\/hakimiyyet.info.az\/index.php?rest_route=\/wp\/v2\/media\/55664"}],"wp:attachment":[{"href":"https:\/\/hakimiyyet.info.az\/index.php?rest_route=%2Fwp%2Fv2%2Fmedia&parent=55663"}],"wp:term":[{"taxonomy":"category","embeddable":true,"href":"https:\/\/hakimiyyet.info.az\/index.php?rest_route=%2Fwp%2Fv2%2Fcategories&post=55663"},{"taxonomy":"post_tag","embeddable":true,"href":"https:\/\/hakimiyyet.info.az\/index.php?rest_route=%2Fwp%2Fv2%2Ftags&post=55663"}],"curies":[{"name":"wp","href":"https:\/\/api.w.org\/{rel}","templated":true}]}}