{"id":56087,"date":"2020-05-24T23:47:46","date_gmt":"2020-05-24T19:47:46","guid":{"rendered":"http:\/\/hakimiyyet.info.az\/2019\/56087"},"modified":"2020-05-24T23:47:46","modified_gmt":"2020-05-24T19:47:46","slug":"movlud-cavusoglu-respublika-gunu-v%c9%99-ramazan-bayrami-munasib%c9%99til%c9%99-elmar-m%c9%99mm%c9%99dyarovu-t%c9%99brik-edib","status":"publish","type":"post","link":"https:\/\/hakimiyyet.info.az\/?p=56087","title":{"rendered":"M\u00f6vlud \u00c7avu\u015fo\u011flu Respublika G\u00fcn\u00fc v\u0259 Ramazan bayram\u0131 m\u00fcnasib\u0259til\u0259 Elmar M\u0259mm\u0259dyarovu t\u0259brik edib"},"content":{"rendered":"<p>\u201cHakimiyyet.com\u201d x\u0259b\u0259r verir ki, <\/p>\n<div>\n<p style=\"font-family: sans-serif; text-align: justify;\">Xarici \u0130\u015fl\u0259r naziri Elmar M\u0259mm\u0259dyarov v\u0259 T\u00fcrkiy\u0259nin Xarici \u0130\u015fl\u0259r naziri M\u00f6vlud \u00c7avu\u015fo\u011flu aras\u0131nda telefon dan\u0131\u015f\u0131\u011f\u0131 olub.<\/p>\n<p style=\"font-family: sans-serif; text-align: justify;\">Xarici \u0130\u015fl\u0259r Nazirliyinin M\u0259tbuat xidm\u0259ti idar\u0259sind\u0259n <a href=\"https:\/\/apa.az\" target=\"_blank\" style=\"display: inline !important;\" rel=\"noopener noreferrer\">APA<\/a>-ya bildirilib ki, Nazir Elmar M\u0259mm\u0259dyarov h\u0259mkar\u0131 M\u00f6vlud \u00c7avu\u015fo\u011flunun Az\u0259rbaycan\u0131n 28 May &#8211; Respublikas\u0131 G\u00fcn\u00fc m\u00fcnasib\u0259til\u0259 s\u0259mimi t\u0259brikl\u0259rini q\u0259bul edib. T\u0259r\u0259fl\u0259r, habel\u0259 bir-birl\u0259rini Ramazan bayram\u0131 m\u00fcnasib\u0259til\u0259 t\u0259brik edibl\u0259r v\u0259 \u0259n xo\u015f arzular\u0131n\u0131 ifad\u0259 edibl\u0259r.<\/p>\n<p style=\"font-family: sans-serif; text-align: justify;\">Nazirl\u0259r, h\u0259m\u00e7inin iki \u00f6lk\u0259 aras\u0131ndak\u0131 dostluq v\u0259 qarda\u015fl\u0131q \u0259laq\u0259l\u0259rinin u\u011furla inki\u015faf\u0131 \u0259traf\u0131nda fikir m\u00fcbadil\u0259si apar\u0131blar.<\/p>\n<\/p><\/div>\n","protected":false},"excerpt":{"rendered":"<p>\u201cHakimiyyet.com\u201d x\u0259b\u0259r verir ki, Xarici \u0130\u015fl\u0259r naziri Elmar M\u0259mm\u0259dyarov v\u0259 T\u00fcrkiy\u0259nin Xarici \u0130\u015fl\u0259r naziri M\u00f6vlud \u00c7avu\u015fo\u011flu aras\u0131nda telefon dan\u0131\u015f\u0131\u011f\u0131 olub.&hellip;<\/p>\n","protected":false},"author":1,"featured_media":56088,"comment_status":"closed","ping_status":"closed","sticky":false,"template":"","format":"standard","meta":{"om_disable_all_campaigns":false,"_monsterinsights_skip_tracking":false,"_uf_show_specific_survey":0,"_uf_disable_surveys":false,"footnotes":""},"categories":[23,5],"tags":[],"aioseo_notices":[],"_links":{"self":[{"href":"https:\/\/hakimiyyet.info.az\/index.php?rest_route=\/wp\/v2\/posts\/56087"}],"collection":[{"href":"https:\/\/hakimiyyet.info.az\/index.php?rest_route=\/wp\/v2\/posts"}],"about":[{"href":"https:\/\/hakimiyyet.info.az\/index.php?rest_route=\/wp\/v2\/types\/post"}],"author":[{"embeddable":true,"href":"https:\/\/hakimiyyet.info.az\/index.php?rest_route=\/wp\/v2\/users\/1"}],"replies":[{"embeddable":true,"href":"https:\/\/hakimiyyet.info.az\/index.php?rest_route=%2Fwp%2Fv2%2Fcomments&post=56087"}],"version-history":[{"count":0,"href":"https:\/\/hakimiyyet.info.az\/index.php?rest_route=\/wp\/v2\/posts\/56087\/revisions"}],"wp:featuredmedia":[{"embeddable":true,"href":"https:\/\/hakimiyyet.info.az\/index.php?rest_route=\/wp\/v2\/media\/56088"}],"wp:attachment":[{"href":"https:\/\/hakimiyyet.info.az\/index.php?rest_route=%2Fwp%2Fv2%2Fmedia&parent=56087"}],"wp:term":[{"taxonomy":"category","embeddable":true,"href":"https:\/\/hakimiyyet.info.az\/index.php?rest_route=%2Fwp%2Fv2%2Fcategories&post=56087"},{"taxonomy":"post_tag","embeddable":true,"href":"https:\/\/hakimiyyet.info.az\/index.php?rest_route=%2Fwp%2Fv2%2Ftags&post=56087"}],"curies":[{"name":"wp","href":"https:\/\/api.w.org\/{rel}","templated":true}]}}