{"id":56166,"date":"2020-05-24T23:15:00","date_gmt":"2020-05-24T19:15:00","guid":{"rendered":"http:\/\/hakimiyyet.info.az\/2019\/56166"},"modified":"2020-05-24T23:15:00","modified_gmt":"2020-05-24T19:15:00","slug":"az%c9%99rbaycan-prezidentinin-r%c9%99smi-internet-s%c9%99hif%c9%99si-28","status":"publish","type":"post","link":"https:\/\/hakimiyyet.info.az\/?p=56166","title":{"rendered":"Az\u0259rbaycan Prezidentinin R\u0259smi internet s\u0259hif\u0259si"},"content":{"rendered":"<p><span class=\"news_date\">24 may 2020, 19:15<\/span><\/p>\n<div>\n<div class=\"news_paragraph-block\">\n<p><span style=\"background-color: transparent;\">Az\u0259rbaycan Respublikas\u0131n\u0131n Prezidenti Zati-alil\u0259ri c\u0259nab \u0130lham \u018fliyev\u0259<\/span><\/p>\n<p>H\u00f6rm\u0259tli c\u0259nab Prezident.<\/p>\n<p>Az\u0259rbaycan Respublikas\u0131n\u0131n milli bayram\u0131 m\u00fcnasib\u0259til\u0259 Zati-aliniz\u0259 v\u0259 xalq\u0131n\u0131za \u0259n s\u0259mimi t\u0259brikl\u0259rimizi \u00e7atd\u0131r\u0131r\u0131q.<\/p>\n<p>Birl\u0259\u015fmi\u015f Krall\u0131qla Az\u0259rbaycan aras\u0131nda m\u00fcnasib\u0259tl\u0259rin tarixinin 100 il \u0259vv\u0259l\u0259 &#8211; Az\u0259rbaycan Xalq C\u00fcmhuriyy\u0259ti d\u00f6vr\u00fcn\u0259 gedib \u00e7\u0131xmas\u0131na baxmayaraq, \u0259laq\u0259l\u0259r \u00f6lk\u0259niz m\u00fcst\u0259qilliyini b\u0259rpa etdikd\u0259n sonra daha da inki\u015faf etdi v\u0259 m\u00f6hk\u0259ml\u0259ndi. \u00d6lk\u0259l\u0259rimiz aras\u0131nda m\u00fcnasib\u0259tl\u0259r s\u0259mimi dostlu\u011fa, qar\u015f\u0131l\u0131ql\u0131 inam v\u0259 etimada \u0259saslanan m\u00f6hk\u0259m t\u0259m\u0259l \u00fcz\u0259rind\u0259 qurulub. \u018fminik ki, Birl\u0259\u015fmi\u015f Krall\u0131qla Az\u0259rbaycan aras\u0131nda \u0259laq\u0259l\u0259r g\u0259l\u0259c\u0259k ill\u0259rd\u0259 daha da inki\u015faf ed\u0259c\u0259kdir.<\/p>\n<p>\u00dcmid edirik ki, Az\u0259rbaycan beyn\u0259lxalq s\u0259viyy\u0259d\u0259 tan\u0131nm\u0131\u015f s\u0259rh\u0259dl\u0259ri \u00e7\u0259r\u00e7iv\u0259sind\u0259 \u0259razi b\u00fct\u00f6vl\u00fcy\u00fcn\u00fc tezlikl\u0259 b\u0259rpa ed\u0259c\u0259kdir. \u0130caz\u0259 verin, h\u0259m\u00e7inin COVID-19-a qar\u015f\u0131 m\u00fcbariz\u0259 apard\u0131\u011f\u0131 bu \u00e7\u0259tin vaxtlarda Az\u0259rbaycanla h\u0259mr\u0259yliyimizi ifad\u0259 ed\u0259k.<\/p>\n<p>Zati-alil\u0259ri, xahi\u015f edirik Siz\u0259 m\u00f6hk\u0259m cansa\u011fl\u0131\u011f\u0131, Az\u0259rbaycan Respublikas\u0131n\u0131n davaml\u0131 inki\u015faf\u0131 \u00fc\u00e7\u00fcn b\u00fct\u00fcn s\u0259yl\u0259rinizd\u0259 b\u00f6y\u00fck u\u011furlar arzular\u0131m\u0131z\u0131 q\u0259bul edin.<\/p>\n<p>H\u00f6rm\u0259tl\u0259,<\/p>\n<p>Bob Bl\u0259km\u0259n<\/p>\n<p>B\u00f6y\u00fck Britaniya parlamentinin \u0130cmalar Palatas\u0131n\u0131n \u00fczv\u00fc,<\/p>\n<p>Az\u0259rbaycanla dostluq qrupunun s\u0259dri<\/p>\n<\/div>\n<\/div>\n","protected":false},"excerpt":{"rendered":"<p>24 may 2020, 19:15 Az\u0259rbaycan Respublikas\u0131n\u0131n Prezidenti Zati-alil\u0259ri c\u0259nab \u0130lham \u018fliyev\u0259 H\u00f6rm\u0259tli c\u0259nab Prezident. Az\u0259rbaycan Respublikas\u0131n\u0131n milli bayram\u0131 m\u00fcnasib\u0259til\u0259 Zati-aliniz\u0259&hellip;<\/p>\n","protected":false},"author":1,"featured_media":56167,"comment_status":"closed","ping_status":"closed","sticky":false,"template":"","format":"standard","meta":{"om_disable_all_campaigns":false,"_monsterinsights_skip_tracking":false,"_uf_show_specific_survey":0,"_uf_disable_surveys":false,"footnotes":""},"categories":[3,34],"tags":[],"aioseo_notices":[],"_links":{"self":[{"href":"https:\/\/hakimiyyet.info.az\/index.php?rest_route=\/wp\/v2\/posts\/56166"}],"collection":[{"href":"https:\/\/hakimiyyet.info.az\/index.php?rest_route=\/wp\/v2\/posts"}],"about":[{"href":"https:\/\/hakimiyyet.info.az\/index.php?rest_route=\/wp\/v2\/types\/post"}],"author":[{"embeddable":true,"href":"https:\/\/hakimiyyet.info.az\/index.php?rest_route=\/wp\/v2\/users\/1"}],"replies":[{"embeddable":true,"href":"https:\/\/hakimiyyet.info.az\/index.php?rest_route=%2Fwp%2Fv2%2Fcomments&post=56166"}],"version-history":[{"count":0,"href":"https:\/\/hakimiyyet.info.az\/index.php?rest_route=\/wp\/v2\/posts\/56166\/revisions"}],"wp:featuredmedia":[{"embeddable":true,"href":"https:\/\/hakimiyyet.info.az\/index.php?rest_route=\/wp\/v2\/media\/56167"}],"wp:attachment":[{"href":"https:\/\/hakimiyyet.info.az\/index.php?rest_route=%2Fwp%2Fv2%2Fmedia&parent=56166"}],"wp:term":[{"taxonomy":"category","embeddable":true,"href":"https:\/\/hakimiyyet.info.az\/index.php?rest_route=%2Fwp%2Fv2%2Fcategories&post=56166"},{"taxonomy":"post_tag","embeddable":true,"href":"https:\/\/hakimiyyet.info.az\/index.php?rest_route=%2Fwp%2Fv2%2Ftags&post=56166"}],"curies":[{"name":"wp","href":"https:\/\/api.w.org\/{rel}","templated":true}]}}