{"id":56170,"date":"2020-05-24T21:35:00","date_gmt":"2020-05-24T17:35:00","guid":{"rendered":"http:\/\/hakimiyyet.info.az\/2019\/56170"},"modified":"2020-05-24T21:35:00","modified_gmt":"2020-05-24T17:35:00","slug":"beyn%c9%99lxalq-turk-m%c9%99d%c9%99niyy%c9%99ti-v%c9%99-irsi-fondunun-prezidenti-gunay-%c9%99f%c9%99ndiyevadan","status":"publish","type":"post","link":"https:\/\/hakimiyyet.info.az\/?p=56170","title":{"rendered":"Beyn\u0259lxalq T\u00fcrk M\u0259d\u0259niyy\u0259ti v\u0259 \u0130rsi Fondunun prezidenti G\u00fcnay \u018ff\u0259ndiyevadan"},"content":{"rendered":"<p><span class=\"news_date\">24 may 2020, 17:35<\/span><\/p>\n<div>\n<div class=\"news_paragraph-block\">\n<p><span style=\"background-color: transparent;\">Az\u0259rbaycan Respublikas\u0131n\u0131n Prezidenti Zati-alil\u0259ri c\u0259nab \u0130lham \u018fliyev\u0259<\/span><\/p>\n<p>M\u00f6ht\u0259r\u0259m c\u0259nab Prezident.<\/p>\n<p>Az\u0259rbaycan\u0131m\u0131z\u0131n 28 May &#8211; Respublika G\u00fcn\u00fc m\u00fcnasib\u0259til\u0259 Sizi Beyn\u0259lxalq T\u00fcrk M\u0259d\u0259niyy\u0259ti v\u0259 \u0130rsi Fondu ad\u0131ndan s\u0259mimi q\u0259lbd\u0259n t\u0259brik edir\u0259m.<\/p>\n<p>Bu g\u00fcn Az\u0259rbaycan\u0131n h\u0259r sah\u0259d\u0259 dinamik inki\u015faf\u0131 yaln\u0131z \u00f6lk\u0259 v\u0259t\u0259nda\u015flar\u0131n\u0131 deyil, b\u00fct\u00fcn t\u00fcrk d\u00fcnyas\u0131n\u0131 sevindirir. Son zamanlar koronavirus (COVID-19) pandemiyas\u0131n\u0131n yaratd\u0131\u011f\u0131 m\u00f6vcud \u015f\u0259raitd\u0259 bilavasit\u0259 Sizin t\u0259\u015f\u0259bb\u00fcs\u00fcn\u00fczl\u0259 h\u0259yata ke\u00e7iril\u0259n qabaqlay\u0131c\u0131 t\u0259dbirl\u0259r, el\u0259c\u0259 d\u0259 t\u00fcrkdilli d\u00f6vl\u0259tl\u0259r aras\u0131nda birliyi g\u00fccl\u0259ndirm\u0259k namin\u0259 t\u0259\u015fkil olunan beyn\u0259lxalq videokonfranslar h\u0259r birimizi f\u0259r\u0259hl\u0259ndirir.<\/p>\n<p>Sizin m\u0259qs\u0259dy\u00f6nl\u00fc siyas\u0259tiniz n\u0259tic\u0259sind\u0259 Az\u0259rbaycan Respublikas\u0131 t\u00fcrk d\u00fcnyas\u0131n\u0131n \u00f6nd\u0259 ir\u0259lil\u0259y\u0259n m\u0259d\u0259ni m\u0259rk\u0259zl\u0259rind\u0259n birin\u0259 \u00e7evrilmi\u015fdir. T\u0259\u015f\u0259bb\u00fcs\u00fcn\u00fczl\u0259 yarad\u0131lan Beyn\u0259lxalq T\u00fcrk M\u0259d\u0259niyy\u0259ti v\u0259 \u0130rsi Fondu t\u00fcrkdilli \u00f6lk\u0259l\u0259rin m\u0259d\u0259niyy\u0259tini t\u0259bli\u011f ed\u0259n bir beyn\u0259lxalq t\u0259\u015fkilat kimi h\u0259r zaman ortaq d\u0259y\u0259rl\u0259rimizin qorunmas\u0131 v\u0259 d\u00fcnyada tan\u0131d\u0131lmas\u0131 istiqam\u0259tind\u0259 missiyas\u0131n\u0131 davam etdir\u0259c\u0259kdir.<\/p>\n<p>F\u00fcrs\u0259td\u0259n istifad\u0259 ed\u0259r\u0259k, m\u00fcq\u0259dd\u0259s Ramazan bayram\u0131 m\u00fcnasib\u0259til\u0259 Sizi t\u0259brik edir, Zati-aliniz\u0259 cansa\u011fl\u0131\u011f\u0131, Az\u0259rbaycan\u0131n inki\u015faf\u0131 v\u0259 t\u0259r\u0259qqisi namin\u0259 f\u0259aliyy\u0259tinizd\u0259 u\u011furlar, Az\u0259rbaycan xalq\u0131na s\u00fclh v\u0259 firavanl\u0131q dil\u0259yir\u0259m.<\/p>\n<p>D\u0259rin h\u00f6rm\u0259tl\u0259,<\/p>\n<p>G\u00fcnay \u018ff\u0259ndiyeva<\/p>\n<p>Beyn\u0259lxalq T\u00fcrk M\u0259d\u0259niyy\u0259ti v\u0259 \u0130rsi Fondunun prezidenti<\/p>\n<\/div>\n<\/div>\n","protected":false},"excerpt":{"rendered":"<p>24 may 2020, 17:35 Az\u0259rbaycan Respublikas\u0131n\u0131n Prezidenti Zati-alil\u0259ri c\u0259nab \u0130lham \u018fliyev\u0259 M\u00f6ht\u0259r\u0259m c\u0259nab Prezident. Az\u0259rbaycan\u0131m\u0131z\u0131n 28 May &#8211; Respublika G\u00fcn\u00fc&hellip;<\/p>\n","protected":false},"author":1,"featured_media":56171,"comment_status":"closed","ping_status":"closed","sticky":false,"template":"","format":"standard","meta":{"om_disable_all_campaigns":false,"_monsterinsights_skip_tracking":false,"_uf_show_specific_survey":0,"_uf_disable_surveys":false,"footnotes":""},"categories":[3,34],"tags":[],"aioseo_notices":[],"_links":{"self":[{"href":"https:\/\/hakimiyyet.info.az\/index.php?rest_route=\/wp\/v2\/posts\/56170"}],"collection":[{"href":"https:\/\/hakimiyyet.info.az\/index.php?rest_route=\/wp\/v2\/posts"}],"about":[{"href":"https:\/\/hakimiyyet.info.az\/index.php?rest_route=\/wp\/v2\/types\/post"}],"author":[{"embeddable":true,"href":"https:\/\/hakimiyyet.info.az\/index.php?rest_route=\/wp\/v2\/users\/1"}],"replies":[{"embeddable":true,"href":"https:\/\/hakimiyyet.info.az\/index.php?rest_route=%2Fwp%2Fv2%2Fcomments&post=56170"}],"version-history":[{"count":0,"href":"https:\/\/hakimiyyet.info.az\/index.php?rest_route=\/wp\/v2\/posts\/56170\/revisions"}],"wp:featuredmedia":[{"embeddable":true,"href":"https:\/\/hakimiyyet.info.az\/index.php?rest_route=\/wp\/v2\/media\/56171"}],"wp:attachment":[{"href":"https:\/\/hakimiyyet.info.az\/index.php?rest_route=%2Fwp%2Fv2%2Fmedia&parent=56170"}],"wp:term":[{"taxonomy":"category","embeddable":true,"href":"https:\/\/hakimiyyet.info.az\/index.php?rest_route=%2Fwp%2Fv2%2Fcategories&post=56170"},{"taxonomy":"post_tag","embeddable":true,"href":"https:\/\/hakimiyyet.info.az\/index.php?rest_route=%2Fwp%2Fv2%2Ftags&post=56170"}],"curies":[{"name":"wp","href":"https:\/\/api.w.org\/{rel}","templated":true}]}}