{"id":56172,"date":"2020-05-24T18:35:00","date_gmt":"2020-05-24T14:35:00","guid":{"rendered":"http:\/\/hakimiyyet.info.az\/2019\/56172"},"modified":"2020-05-24T18:35:00","modified_gmt":"2020-05-24T14:35:00","slug":"tacikistan-respublikasinin-prezidenti-emom%c9%99li-r%c9%99hmondan","status":"publish","type":"post","link":"https:\/\/hakimiyyet.info.az\/?p=56172","title":{"rendered":"Tacikistan Respublikas\u0131n\u0131n Prezidenti Emom\u0259li R\u0259hmondan"},"content":{"rendered":"<div>\n<div class=\"news_paragraph-block\">\n<p><span style=\"background-color: transparent;\">Az\u0259rbaycan Respublikas\u0131n\u0131n Prezidenti Zati-alil\u0259ri c\u0259nab \u0130lham \u018fliyev\u0259<\/span><\/p>\n<p>H\u00f6rm\u0259tli \u0130lham Heyd\u0259r o\u011flu.<\/p>\n<p>Milli bayram\u0131n\u0131z \u2013 Respublika G\u00fcn\u00fcn\u00fcn ild\u00f6n\u00fcm\u00fc m\u00fcnasib\u0259til\u0259 Siz\u0259 v\u0259 b\u00fct\u00fcn dost Az\u0259rbaycan xalq\u0131na s\u0259mimi t\u0259brikl\u0259rimi \u00e7atd\u0131rma\u011fa \u00e7ox m\u0259mnunam.<\/p>\n<p>Az\u0259rbaycan Respublikas\u0131 il\u0259 \u0259m\u0259kda\u015fl\u0131q Tacikistan Respublikas\u0131n\u0131n xarici siyas\u0259t kursunda m\u00fch\u00fcm yer tutur.<\/p>\n<p>Biz Tacikistanla Az\u0259rbaycan aras\u0131nda dostluq v\u0259 \u00e7oxplanl\u0131 \u0259m\u0259kda\u015fl\u0131q m\u00fcnasib\u0259tl\u0259rinin s\u0259viyy\u0259sini y\u00fcks\u0259k qiym\u0259tl\u0259ndiririk. Xalqlar\u0131m\u0131z aras\u0131nda tarix\u0259n yaranm\u0131\u015f s\u0259mimi \u0259laq\u0259l\u0259r bu m\u00fcnasib\u0259tl\u0259rin etibarl\u0131 \u0259sas\u0131d\u0131r.<\/p>\n<p>\u018fmin\u0259m ki, biz birg\u0259 s\u0259yl\u0259rimizl\u0259 h\u0259m ikit\u0259r\u0259fli formatda, h\u0259m d\u0259 beyn\u0259lxalq v\u0259 regional t\u0259\u015fkilatlar m\u0259kan\u0131nda s\u0259m\u0259r\u0259li qar\u015f\u0131l\u0131ql\u0131 f\u0259aliyy\u0259timizin bundan sonra da dinamik inki\u015faf\u0131n\u0131 t\u0259min ed\u0259 bil\u0259c\u0259yik.<\/p>\n<p>\u018fziz \u0130lham Heyd\u0259r o\u011flu, Siz\u0259 m\u00f6hk\u0259m cansa\u011fl\u0131\u011f\u0131 v\u0259 f\u0259aliyy\u0259tinizd\u0259 bol u\u011furlar, qarda\u015f Az\u0259rbaycan xalq\u0131na is\u0259 s\u00fclh, firavanl\u0131q v\u0259 t\u0259r\u0259qqi arzu edir\u0259m.<\/p>\n<p>H\u00f6rm\u0259tl\u0259,<\/p>\n<p>Emom\u0259li R\u0259hmon<\/p>\n<p>Tacikistan Respublikas\u0131n\u0131n Prezidenti<\/p>\n<\/div>\n<\/div>\n","protected":false},"excerpt":{"rendered":"<p>Az\u0259rbaycan Respublikas\u0131n\u0131n Prezidenti Zati-alil\u0259ri c\u0259nab \u0130lham \u018fliyev\u0259 H\u00f6rm\u0259tli \u0130lham Heyd\u0259r o\u011flu. Milli bayram\u0131n\u0131z \u2013 Respublika G\u00fcn\u00fcn\u00fcn ild\u00f6n\u00fcm\u00fc m\u00fcnasib\u0259til\u0259 Siz\u0259 v\u0259&hellip;<\/p>\n","protected":false},"author":1,"featured_media":56171,"comment_status":"closed","ping_status":"closed","sticky":false,"template":"","format":"standard","meta":{"om_disable_all_campaigns":false,"_monsterinsights_skip_tracking":false,"_uf_show_specific_survey":0,"_uf_disable_surveys":false,"footnotes":""},"categories":[3,34],"tags":[],"aioseo_notices":[],"_links":{"self":[{"href":"https:\/\/hakimiyyet.info.az\/index.php?rest_route=\/wp\/v2\/posts\/56172"}],"collection":[{"href":"https:\/\/hakimiyyet.info.az\/index.php?rest_route=\/wp\/v2\/posts"}],"about":[{"href":"https:\/\/hakimiyyet.info.az\/index.php?rest_route=\/wp\/v2\/types\/post"}],"author":[{"embeddable":true,"href":"https:\/\/hakimiyyet.info.az\/index.php?rest_route=\/wp\/v2\/users\/1"}],"replies":[{"embeddable":true,"href":"https:\/\/hakimiyyet.info.az\/index.php?rest_route=%2Fwp%2Fv2%2Fcomments&post=56172"}],"version-history":[{"count":0,"href":"https:\/\/hakimiyyet.info.az\/index.php?rest_route=\/wp\/v2\/posts\/56172\/revisions"}],"wp:featuredmedia":[{"embeddable":true,"href":"https:\/\/hakimiyyet.info.az\/index.php?rest_route=\/wp\/v2\/media\/56171"}],"wp:attachment":[{"href":"https:\/\/hakimiyyet.info.az\/index.php?rest_route=%2Fwp%2Fv2%2Fmedia&parent=56172"}],"wp:term":[{"taxonomy":"category","embeddable":true,"href":"https:\/\/hakimiyyet.info.az\/index.php?rest_route=%2Fwp%2Fv2%2Fcategories&post=56172"},{"taxonomy":"post_tag","embeddable":true,"href":"https:\/\/hakimiyyet.info.az\/index.php?rest_route=%2Fwp%2Fv2%2Ftags&post=56172"}],"curies":[{"name":"wp","href":"https:\/\/api.w.org\/{rel}","templated":true}]}}