{"id":56205,"date":"2020-05-25T13:45:00","date_gmt":"2020-05-25T09:45:00","guid":{"rendered":"http:\/\/hakimiyyet.info.az\/?p=56205"},"modified":"2020-05-25T13:45:00","modified_gmt":"2020-05-25T09:45:00","slug":"turkiy%c9%99-respublikasinin-prezidenti-r%c9%99c%c9%99b-tayyib-%c9%99rdogan-ilham-%c9%99liyev%c9%99-telefonla-z%c9%99ng-edib","status":"publish","type":"post","link":"https:\/\/hakimiyyet.info.az\/?p=56205","title":{"rendered":"T\u00fcrkiy\u0259 Respublikas\u0131n\u0131n Prezidenti R\u0259c\u0259b Tayyib \u018frdo\u011fan \u0130lham \u018fliyev\u0259 telefonla z\u0259ng edib"},"content":{"rendered":"<p><span class=\"news_date\">25 may 2020, 09:45<\/span><\/p>\n<div>\n<div class=\"news_paragraph-block\">\n<p>May\u0131n 24-d\u0259 T\u00fcrkiy\u0259 Respublikas\u0131n\u0131n Prezidenti R\u0259c\u0259b Tayyib \u018frdo\u011fan Az\u0259rbaycan Respublikas\u0131n\u0131n Prezidenti \u0130lham \u018fliyev\u0259 telefonla z\u0259ng edib.<\/p>\n<p>T\u00fcrkiy\u0259 Prezidenti d\u00f6vl\u0259timizin ba\u015f\u00e7\u0131s\u0131n\u0131 v\u0259 xalq\u0131m\u0131z\u0131 Ramazan bayram\u0131 m\u00fcnasib\u0259til\u0259 t\u0259brik edib, firavanl\u0131q arzular\u0131n\u0131 \u00e7atd\u0131r\u0131b.<\/p>\n<p>Prezident \u0130lham \u018fliyev g\u00f6st\u0259ril\u0259n diqq\u0259t\u0259 v\u0259 t\u0259brik\u0259 g\u00f6r\u0259 minn\u0259tdarl\u0131\u011f\u0131n\u0131 bildirib, \u00f6z n\u00f6vb\u0259sind\u0259 bayram m\u00fcnasib\u0259til\u0259 T\u00fcrkiy\u0259 Prezidentin\u0259 v\u0259 T\u00fcrkiy\u0259 xalq\u0131na t\u0259brikl\u0259rini v\u0259 \u0259n xo\u015f arzular\u0131n\u0131 ifad\u0259 edib.<\/p>\n<p>Telefon s\u00f6hb\u0259ti zaman\u0131 d\u00f6vl\u0259t ba\u015f\u00e7\u0131lar\u0131 koronavirus pandemiyas\u0131 il\u0259 m\u00fcbariz\u0259 sah\u0259sind\u0259 g\u00f6r\u00fcl\u0259n i\u015fl\u0259rd\u0259n dan\u0131\u015f\u0131b, qarda\u015f \u00f6lk\u0259l\u0259rimiz v\u0259 xalqlar\u0131m\u0131z\u0131n h\u0259mi\u015f\u0259 oldu\u011fu kimi bu a\u011f\u0131r d\u00f6vrd\u0259 d\u0259 bir-birinin yan\u0131nda olduqlar\u0131n\u0131 vur\u011fulay\u0131blar.<\/p>\n<p>Prezident \u0130lham \u018fliyev v\u0259 Prezident R\u0259c\u0259b Tayyib \u018frdo\u011fan Az\u0259rbaycan-T\u00fcrkiy\u0259 dostluq v\u0259 qarda\u015fl\u0131q m\u00fcnasib\u0259tl\u0259rinin bundan sonra da b\u00fct\u00fcn istiqam\u0259tl\u0259rd\u0259 u\u011furla inki\u015faf ed\u0259c\u0259yin\u0259 \u0259min olduqlar\u0131n\u0131 bildiribl\u0259r.<\/p>\n<\/div>\n<\/div>\n","protected":false},"excerpt":{"rendered":"<p>25 may 2020, 09:45 May\u0131n 24-d\u0259 T\u00fcrkiy\u0259 Respublikas\u0131n\u0131n Prezidenti R\u0259c\u0259b Tayyib \u018frdo\u011fan Az\u0259rbaycan Respublikas\u0131n\u0131n Prezidenti \u0130lham \u018fliyev\u0259 telefonla z\u0259ng edib.&hellip;<\/p>\n","protected":false},"author":1,"featured_media":56206,"comment_status":"closed","ping_status":"closed","sticky":false,"template":"","format":"standard","meta":{"om_disable_all_campaigns":false,"_monsterinsights_skip_tracking":false,"_uf_show_specific_survey":0,"_uf_disable_surveys":false,"footnotes":""},"categories":[3,34],"tags":[],"aioseo_notices":[],"_links":{"self":[{"href":"https:\/\/hakimiyyet.info.az\/index.php?rest_route=\/wp\/v2\/posts\/56205"}],"collection":[{"href":"https:\/\/hakimiyyet.info.az\/index.php?rest_route=\/wp\/v2\/posts"}],"about":[{"href":"https:\/\/hakimiyyet.info.az\/index.php?rest_route=\/wp\/v2\/types\/post"}],"author":[{"embeddable":true,"href":"https:\/\/hakimiyyet.info.az\/index.php?rest_route=\/wp\/v2\/users\/1"}],"replies":[{"embeddable":true,"href":"https:\/\/hakimiyyet.info.az\/index.php?rest_route=%2Fwp%2Fv2%2Fcomments&post=56205"}],"version-history":[{"count":0,"href":"https:\/\/hakimiyyet.info.az\/index.php?rest_route=\/wp\/v2\/posts\/56205\/revisions"}],"wp:featuredmedia":[{"embeddable":true,"href":"https:\/\/hakimiyyet.info.az\/index.php?rest_route=\/wp\/v2\/media\/56206"}],"wp:attachment":[{"href":"https:\/\/hakimiyyet.info.az\/index.php?rest_route=%2Fwp%2Fv2%2Fmedia&parent=56205"}],"wp:term":[{"taxonomy":"category","embeddable":true,"href":"https:\/\/hakimiyyet.info.az\/index.php?rest_route=%2Fwp%2Fv2%2Fcategories&post=56205"},{"taxonomy":"post_tag","embeddable":true,"href":"https:\/\/hakimiyyet.info.az\/index.php?rest_route=%2Fwp%2Fv2%2Ftags&post=56205"}],"curies":[{"name":"wp","href":"https:\/\/api.w.org\/{rel}","templated":true}]}}