{"id":56298,"date":"2020-05-25T13:51:52","date_gmt":"2020-05-25T09:51:52","guid":{"rendered":"http:\/\/hakimiyyet.info.az\/2019\/56298"},"modified":"2020-05-25T13:51:52","modified_gmt":"2020-05-25T09:51:52","slug":"almaniyani-az%c9%99rbaycanin-%c9%99razi-butovluyunun-b%c9%99rpasi-ucun-s%c9%99yl%c9%99rini-artirmaga-cagiririq","status":"publish","type":"post","link":"https:\/\/hakimiyyet.info.az\/?p=56298","title":{"rendered":"\u201cAlmaniyan\u0131 Az\u0259rbaycan\u0131n \u0259razi b\u00fct\u00f6vl\u00fcy\u00fcn\u00fcn b\u0259rpas\u0131 \u00fc\u00e7\u00fcn s\u0259yl\u0259rini art\u0131rma\u011fa \u00e7a\u011f\u0131r\u0131r\u0131q\u201d"},"content":{"rendered":"<p>\u201cHakimiyyet.com\u201d x\u0259b\u0259r verir ki, <\/p>\n<div>\n<p class=\"MsoNormal\"><span style=\"font-family: Tahoma; font-size: 14pt;\">Az\u0259rbaycan\u0131n Da\u011fl\u0131q Qaraba\u011f b\u00f6lg\u0259sinin az\u0259rbaycanl\u0131 icmas\u0131n\u0131n Beyn\u0259lxalq \u0259laq\u0259l\u0259r \u015f\u00f6b\u0259sinin m\u00fcdiri Ayb\u0259niz \u0130smay\u0131lova Almaniyada qondarma rejimi t\u0259bli\u011f ed\u0259n \u201cn\u00fcmay\u0259nd\u0259liy\u201din v\u0259 \u201cqeyri-h\u00f6kum\u0259t t\u0259\u015fkilat\u0131\u201dn\u0131n (QHT) f\u0259aliyy\u0259tinin qada\u011fan olunmas\u0131 il\u0259 ba\u011fl\u0131 son g\u00fcnl\u0259r m\u0259tbuatda yay\u0131lan m\u0259lumatlara v\u0259 bununla ba\u011fl\u0131 qondarma rejimin a\u00e7\u0131qlamas\u0131na m\u00fcnasib\u0259t bildirib.<\/span><\/p>\n<p class=\"MsoNormal\"><span lang=\"AZ-LATIN\" style=\"font-size: 14.0pt; line-height: 115%; font-family: Tahoma; mso-ansi-language: AZ-LATIN;\">A. \u0130smay\u0131lova <a href=\"https:\/\/apa.az\" target=\"_blank\" style=\"display: inline !important;\" rel=\"noopener noreferrer\">APA<\/a>-ya deyib ki, h\u0259min \u201cn\u00fcmay\u0259nd\u0259lik\u201d v\u0259 \u201cQHT\u201d Az\u0259rbaycan torpaqlar\u0131n\u0131n i\u015f\u011fal\u0131, etnik t\u0259mizl\u0259m\u0259 n\u0259tic\u0259sind\u0259 yarad\u0131lm\u0131\u015f kriminal rejimi t\u0259bli\u011f etm\u0259k v\u0259 \u201ctan\u0131tmaq\u201d kimi qanunsuz f\u0259aliyy\u0259tl\u0259 m\u0259\u015f\u011fuldur.<\/span><\/p>\n<p class=\"MsoNormal\"><span lang=\"AZ-LATIN\" style=\"font-size: 14.0pt; line-height: 115%; font-family: Tahoma; mso-ansi-language: AZ-LATIN;\">Onun s\u00f6zl\u0259rin\u0259 g\u00f6r\u0259, bu, QHT konsepsiyas\u0131ndan sui-istifad\u0259 edilm\u0259si dem\u0259kdir: \u201cV\u0259t\u0259nda\u015f c\u0259miyy\u0259ti ad\u0131 alt\u0131nda kriminal rejim t\u0259bli\u011f edil\u0259 bilm\u0259z. Bir m\u00fcdd\u0259t bundan \u0259vv\u0259l Almaniyada &#8220;erm\u0259ni mafiyas\u0131&#8221; ad\u0131 alt\u0131nda haqq\u0131nda istintaq h\u0259r\u0259k\u0259tl\u0259ri apar\u0131lan kriminal qrupla\u015fma il\u0259 &#8220;diplomat&#8221;, diaspora v\u0259 QHT ad\u0131 alt\u0131nda f\u0259aliyy\u0259t g\u00f6st\u0259r\u0259n erm\u0259ni m\u0259n\u015f\u0259li \u015f\u0259xsl\u0259rin \u0259laq\u0259l\u0259ri ortaya \u00e7\u0131xm\u0131\u015fd\u0131. S\u00f6z\u00fcged\u0259n &#8220;QHT&#8221; d\u0259 Almaniya qanunlar\u0131n\u0131 pozaraq erm\u0259ni mafiyas\u0131n\u0131n pullar\u0131 hesab\u0131na siyasi lobbi\u00e7ilik f\u0259aliyy\u0259ti aparmaq, Almaniyada \u00fc\u00e7\u00fcnc\u00fc t\u0259r\u0259fl\u0259rin maraqlar\u0131na xidm\u0259t etm\u0259k v\u0259 \u201cbe\u015finci kalon\u201d funksiyas\u0131n\u0131 yerin\u0259 yetirm\u0259k, bu \u00f6lk\u0259d\u0259 birm\u0259nal\u0131 q\u0259bul olunmayan radikal v\u0259 ifrat siyasi partiyalarla \u0259laq\u0259y\u0259 girm\u0259k v\u0259 onlar\u0131n n\u00fcmay\u0259nd\u0259l\u0259rinin Az\u0259rbaycan\u0131n i\u015f\u011fal olunmu\u015f \u0259razil\u0259rin\u0259 s\u0259f\u0259rl\u0259rini t\u0259\u015fkil etm\u0259k kimi qanunsuz \u0259m\u0259ll\u0259rl\u0259 m\u0259\u015f\u011fuldur\u201d.<\/span><\/p>\n<p class=\"MsoNormal\"><span lang=\"AZ-LATIN\" style=\"font-size: 14.0pt; line-height: 115%; font-family: Tahoma; mso-ansi-language: AZ-LATIN;\">A. \u0130smay\u0131lova AB\u015e, Rusiya, Fransa, Almaniya kimi \u00f6lk\u0259l\u0259rin h\u00fcquq-m\u00fchafiz\u0259 orqanlar\u0131n\u0131 QHT, v\u0259t\u0259nda\u015f c\u0259miyy\u0259ti \u00e7\u0259tiri alt\u0131nda gizl\u0259n\u0259n v\u0259 \u00f6z\u00fcn\u00fc qondarma kriminal rejim n\u00fcmay\u0259nd\u0259l\u0259ri kimi t\u0259qdim ed\u0259n bel\u0259 t\u0259\u015fkilatlar\u0131n f\u0259aliyy\u0259tini t\u0259fti\u015f etm\u0259y\u0259 v\u0259 onlar\u0131n f\u0259aliyy\u0259tin\u0259 son qoyma\u011fa \u00e7a\u011f\u0131r\u0131b: \u201cAz\u0259rbaycan \u0259razil\u0259rini i\u015f\u011fal ed\u0259n v\u0259 y\u00fcz minl\u0259rl\u0259 az\u0259rbaycanl\u0131n\u0131 \u00f6z do\u011fma yurdlar\u0131ndan did\u0259rgin salan Erm\u0259nistan\u0131n v\u0259 onun \u0259lalt\u0131s\u0131 olan kriminal rejimin insan h\u00fcquqlar\u0131 v\u0259 \u0259dal\u0259td\u0259n dan\u0131\u015fmas\u0131 siyasi m\u00f6ht\u0259kirlik v\u0259 riyakarl\u0131qdan ba\u015fqa bir \u015fey deyildir. \u0130nsan h\u00fcquqlar\u0131 v\u0259 \u0259dal\u0259td\u0259n dan\u0131\u015fan t\u0259r\u0259f ilk n\u00f6vb\u0259d\u0259 Az\u0259rbaycan Respublikas\u0131n\u0131n Da\u011fl\u0131q Qaraba\u011f b\u00f6lg\u0259sinin az\u0259rbaycanl\u0131 icmas\u0131n\u0131n erm\u0259ni icmas\u0131 il\u0259 s\u00fclh \u015f\u0259raitind\u0259 birg\u0259ya\u015fay\u0131\u015f \u00e7a\u011f\u0131r\u0131\u015flar\u0131na m\u00fcsb\u0259t cavab ver\u0259rdi v\u0259 bu istiqam\u0259td\u0259 \u0259m\u0259li add\u0131mlar atard\u0131. D\u00fcnya birliyi he\u00e7 vaxt i\u015f\u011fal v\u0259 etnik t\u0259mizl\u0259m\u0259nin n\u0259tic\u0259sind\u0259 yaranm\u0131\u015f v\u0259ziyy\u0259ti q\u0259bul ed\u0259 bilm\u0259z. Erm\u0259nistan bu sad\u0259 h\u0259qiq\u0259ti n\u0259 q\u0259d\u0259r tez ba\u015fa d\u00fc\u015f\u0259rs\u0259, biz bir o q\u0259d\u0259r tez \u0259dal\u0259tli v\u0259 davaml\u0131 s\u00fclh\u0259 yax\u0131nla\u015faca\u011f\u0131q. AT\u018fT-in Minsk Qrupunun \u00fczv d\u00f6vl\u0259ti v\u0259 BMT T\u0259hl\u00fck\u0259sizlik \u015euras\u0131n\u0131n qeyri-daimi \u00fczv\u00fc kimi Almaniyan\u0131 etnik t\u0259mizl\u0259m\u0259y\u0259 m\u0259ruz qalm\u0131\u015f az\u0259rbaycanl\u0131 m\u0259cburi k\u00f6\u00e7k\u00fcnl\u0259rin h\u00fcquqlar\u0131n\u0131n, Az\u0259rbaycan\u0131n \u0259razi b\u00fct\u00f6vl\u00fcy\u00fcn\u00fcn b\u0259rpas\u0131 v\u0259 \u0259dal\u0259tli s\u00fclh\u00fcn t\u0259min olunmas\u0131 \u00fc\u00e7\u00fcn s\u0259yl\u0259rini art\u0131rma\u011fa \u00e7a\u011f\u0131r\u0131r\u0131q\u201d.<\/span><\/p>\n<\/p><\/div>\n","protected":false},"excerpt":{"rendered":"<p>\u201cHakimiyyet.com\u201d x\u0259b\u0259r verir ki, Az\u0259rbaycan\u0131n Da\u011fl\u0131q Qaraba\u011f b\u00f6lg\u0259sinin az\u0259rbaycanl\u0131 icmas\u0131n\u0131n Beyn\u0259lxalq \u0259laq\u0259l\u0259r \u015f\u00f6b\u0259sinin m\u00fcdiri Ayb\u0259niz \u0130smay\u0131lova Almaniyada qondarma rejimi t\u0259bli\u011f&hellip;<\/p>\n","protected":false},"author":1,"featured_media":56299,"comment_status":"closed","ping_status":"closed","sticky":false,"template":"","format":"standard","meta":{"om_disable_all_campaigns":false,"_monsterinsights_skip_tracking":false,"_uf_show_specific_survey":0,"_uf_disable_surveys":false,"footnotes":""},"categories":[23,5],"tags":[],"aioseo_notices":[],"_links":{"self":[{"href":"https:\/\/hakimiyyet.info.az\/index.php?rest_route=\/wp\/v2\/posts\/56298"}],"collection":[{"href":"https:\/\/hakimiyyet.info.az\/index.php?rest_route=\/wp\/v2\/posts"}],"about":[{"href":"https:\/\/hakimiyyet.info.az\/index.php?rest_route=\/wp\/v2\/types\/post"}],"author":[{"embeddable":true,"href":"https:\/\/hakimiyyet.info.az\/index.php?rest_route=\/wp\/v2\/users\/1"}],"replies":[{"embeddable":true,"href":"https:\/\/hakimiyyet.info.az\/index.php?rest_route=%2Fwp%2Fv2%2Fcomments&post=56298"}],"version-history":[{"count":0,"href":"https:\/\/hakimiyyet.info.az\/index.php?rest_route=\/wp\/v2\/posts\/56298\/revisions"}],"wp:featuredmedia":[{"embeddable":true,"href":"https:\/\/hakimiyyet.info.az\/index.php?rest_route=\/wp\/v2\/media\/56299"}],"wp:attachment":[{"href":"https:\/\/hakimiyyet.info.az\/index.php?rest_route=%2Fwp%2Fv2%2Fmedia&parent=56298"}],"wp:term":[{"taxonomy":"category","embeddable":true,"href":"https:\/\/hakimiyyet.info.az\/index.php?rest_route=%2Fwp%2Fv2%2Fcategories&post=56298"},{"taxonomy":"post_tag","embeddable":true,"href":"https:\/\/hakimiyyet.info.az\/index.php?rest_route=%2Fwp%2Fv2%2Ftags&post=56298"}],"curies":[{"name":"wp","href":"https:\/\/api.w.org\/{rel}","templated":true}]}}